{"id":11279,"date":"2021-07-21T20:08:19","date_gmt":"2021-07-21T20:08:19","guid":{"rendered":"https:\/\/cordoba.gob.ar\/?p=11256"},"modified":"2021-07-21T20:08:19","modified_gmt":"2021-07-21T20:08:19","slug":"se-continuan-con-las-obras-de-recuperacion-de-plaza-italia","status":"publish","type":"post","link":"http:\/\/cordobadirecto.com\/index.php\/2021\/07\/21\/se-continuan-con-las-obras-de-recuperacion-de-plaza-italia\/","title":{"rendered":"Se contin\u00faan con las obras de recuperaci\u00f3n de Plaza Italia"},"content":{"rendered":"<div><img src=\"http:\/\/cordobadirecto.com\/wp-content\/uploads\/2021\/07\/se-continuan-con-las-obras-de-recuperacion-de-plaza-italia.jpg\" class=\"ff-og-image-inserted\"><\/div>\n<p>Como parte del plan de recuperaci\u00f3n y puesta en valor de los espacios p\u00fablicos de la ciudad, la Municipalidad de C\u00f3rdoba ejecuta un plan integral de mejoras en Plaza Italia.<\/p>\n<p>Este espacio, ubicado entre las calles Ayacucho, 27 de Abril, y Marcelo T. de Alvear, es uno de los m\u00e1s emblem\u00e1ticos del centro de la ciudad.<\/p>\n<p>Los trabajos, llevados a cabo por la Direcci\u00f3n de Espacios Verdes, dependiente de la Secretar\u00eda de Gesti\u00f3n Ambiental y Sostenibilidad, se iniciaron con la colocaci\u00f3n de pensamientos amarillos, cal\u00e9ndulas naranjas, y violas bord\u00f3 en distintas terrazas (balcones) de las fuentes en altura que caracterizan a la plaza.<\/p>\n<p>En el lugar se concret\u00f3 un proceso de limpieza que permiti\u00f3 extraer el barro acumulado en sus tanques durante a\u00f1os. Luego, las fuentes y las p\u00e9rgolas fueron pintadas de color cemento.<\/p>\n<p>El plan tambi\u00e9n contempla la ampliaci\u00f3n del \u00e1rea parquizada mediante la colocaci\u00f3n de 6.000 arbustivas y plantines florales con riego automatizado por goteo y rejas bajas en distintos sectores del espacio verde.<\/p>\n<p>Adem\u00e1s, se realiz\u00f3 el recambio total de los escalones de m\u00e1rmol que estaban da\u00f1ados, tarea que se completaron con el pulido del resto de las piezas de m\u00e1rmol. De igual modo se procedi\u00f3 a la reparaci\u00f3n de los pisos de laja negra y de las piedras faltantes en los muretes de las terrazas.<\/p>\n<p>Los trabajos incluyen la colocaci\u00f3n de nuevos cestos de residuos y se instalar\u00e1n rejas bajas en dos sectores del espacio verde.<\/p>\n","protected":false},"excerpt":{"rendered":"<p>Como parte del plan de recuperaci\u00f3n y puesta en valor de los espacios p\u00fablicos de la ciudad, la Municipalidad de C\u00f3rdoba ejecuta un plan integral de mejoras en Plaza Italia. Este espacio, ubicado entre las calles Ayacucho, 27 de Abril, y Marcelo T. de Alvear, es uno de los m\u00e1s emblem\u00e1ticos del centro de la [&hellip;]<\/p>\n","protected":false},"author":1,"featured_media":11280,"comment_status":"closed","ping_status":"closed","sticky":false,"template":"","format":"standard","meta":[],"categories":[44],"tags":[],"_links":{"self":[{"href":"http:\/\/cordobadirecto.com\/index.php\/wp-json\/wp\/v2\/posts\/11279"}],"collection":[{"href":"http:\/\/cordobadirecto.com\/index.php\/wp-json\/wp\/v2\/posts"}],"about":[{"href":"http:\/\/cordobadirecto.com\/index.php\/wp-json\/wp\/v2\/types\/post"}],"author":[{"embeddable":true,"href":"http:\/\/cordobadirecto.com\/index.php\/wp-json\/wp\/v2\/users\/1"}],"replies":[{"embeddable":true,"href":"http:\/\/cordobadirecto.com\/index.php\/wp-json\/wp\/v2\/comments?post=11279"}],"version-history":[{"count":0,"href":"http:\/\/cordobadirecto.com\/index.php\/wp-json\/wp\/v2\/posts\/11279\/revisions"}],"wp:featuredmedia":[{"embeddable":true,"href":"http:\/\/cordobadirecto.com\/index.php\/wp-json\/wp\/v2\/media\/11280"}],"wp:attachment":[{"href":"http:\/\/cordobadirecto.com\/index.php\/wp-json\/wp\/v2\/media?parent=11279"}],"wp:term":[{"taxonomy":"category","embeddable":true,"href":"http:\/\/cordobadirecto.com\/index.php\/wp-json\/wp\/v2\/categories?post=11279"},{"taxonomy":"post_tag","embeddable":true,"href":"http:\/\/cordobadirecto.com\/index.php\/wp-json\/wp\/v2\/tags?post=11279"}],"curies":[{"name":"wp","href":"https:\/\/api.w.org\/{rel}","templated":true}]}}