{"id":11281,"date":"2021-07-21T19:23:28","date_gmt":"2021-07-21T19:23:28","guid":{"rendered":"https:\/\/cordoba.gob.ar\/?p=11282"},"modified":"2021-07-21T19:23:28","modified_gmt":"2021-07-21T19:23:28","slug":"comienza-la-convocatoria-para-el-ciclo-de-dialogos-y-reflexion-en-educacion-sobre-alfabetizacion-inicial","status":"publish","type":"post","link":"http:\/\/cordobadirecto.com\/index.php\/2021\/07\/21\/comienza-la-convocatoria-para-el-ciclo-de-dialogos-y-reflexion-en-educacion-sobre-alfabetizacion-inicial\/","title":{"rendered":"Comienza la convocatoria para el Ciclo de Di\u00e1logos y Reflexi\u00f3n en Educaci\u00f3n sobre Alfabetizaci\u00f3n Inicial"},"content":{"rendered":"<div><img src=\"http:\/\/cordobadirecto.com\/wp-content\/uploads\/2021\/07\/comienza-la-convocatoria-para-el-ciclo-de-dialogos-y-reflexion-en-educacion-sobre-alfabetizacion-inicial.png\" class=\"ff-og-image-inserted\"><\/div>\n<ul>\n<li><strong>La actividad, que se desarrollar\u00e1 en el mes de agosto y ser\u00e1 de car\u00e1cter opcional, se llevar\u00e1 adelante en formato de Webinario.<\/strong><\/li>\n<li><strong>La fecha l\u00edmite de inscripci\u00f3n es el 30 de julio, a las 12 horas.<\/strong><\/li>\n<\/ul>\n<hr>\n<p>La Secretar\u00eda de Educaci\u00f3n de la Municipalidad de la Ciudad de C\u00f3rdoba, propone la instancia de formaci\u00f3n \u201cCiclo de Di\u00e1logos y Reflexi\u00f3n en Educaci\u00f3n: ALFABETIZACI\u00d3N INICIAL: DI\u00c1LOGOS PARA ABORDAR SUS DESAF\u00cdOS \u2013 2021\u201d, que contin\u00faa la tarea iniciada en el Ciclo de Di\u00e1logos y Reflexi\u00f3n en Educaci\u00f3n 2020. Adem\u00e1s, forma parte del Programa de Acompa\u00f1amiento asistido sobre la Alfabetizaci\u00f3n Inicial y se inscribe en una de las acciones del Plan Municipal <em>Leer y Escribir +.<\/em><\/p>\n<p>Las tem\u00e1ticas ser\u00e1n: construyendo una po\u00e9tica para la infancia, la imaginaci\u00f3n como territorio y los derechos culturales en la Alfabetizaci\u00f3n Inicial, a cargo de Paula Basel; lectura, escritura y primera alfabetizaci\u00f3n, con Alejandra Mabel Paione; alfabetizaci\u00f3n: c\u00f3mo acercar la ense\u00f1anza a los aprendizajes, conferencia a cargo de Ana Mar\u00eda Kaufman y Enter a la alfabetizaci\u00f3n inicial, a cargo de Raquel Cecilia Turletti. Las conferencias se dictar\u00e1n el 4, 11, 18 y 25 de agosto.<\/p>\n<p>Estar\u00e1 destinado a docentes y directivos del sistema educativo municipal y de otras jurisdicciones.<\/p>\n<p>La Subdirectora de Coordinaci\u00f3n Operativa Susana Amancio, puntualiz\u00f3 <em>\u201cal inicio de a\u00f1o definimos los problemas que arrojaron las evaluaciones en la etapa inicial y decidimos hacer foco en el prioritario: las dificultades que los ni\u00f1os y ni\u00f1as presentaban en sus escrituras siendo una de las causas m\u00e1s importante, la escasa interacci\u00f3n con la cultura escrita que hab\u00edan tenido por la situaci\u00f3n de pandemia y en muchos casos&nbsp; de desvinculaci\u00f3n con la escuela por lo que se decidi\u00f3 trabajar con los docentes de primer grado, segundo y en funci\u00f3n de apoyo pedag\u00f3gico (parejas pedag\u00f3gicas y fortalecimiento) en un acompa\u00f1amiento asistido, ofreci\u00e9ndoles herramientas para fortalecer las pr\u00e1cticas de ense\u00f1anza en lo que hace a la formaci\u00f3n de lectores y escritores, cerrando este trayecto con este conversatorio con la participaci\u00f3n de reconocidas profesionales para potenciar el recorrido de formaci\u00f3n\u201d.<\/em><\/p>\n<p>\u201cAnte el problema en los procesos de alfabetizaci\u00f3n inicial, al inicio del ciclo lectivo en marzo, decidimos acompa\u00f1ar a los docentes con instancias de formaci\u00f3n a los fines de potenciar los aprendizajes de los estudiantes, con el prop\u00f3sito de diversificar las propuestas para que las ni\u00f1as y los ni\u00f1os lean y escriban m\u00e1s, en definitiva para que ampl\u00eden sus horizontes culturales. Porque estamos convencidos, como sostiene nuestro Intendente Martin Llaryora, que la educaci\u00f3n es el futuro\u201d, afirm\u00f3 el secretario de Educaci\u00f3n Horacio Ferreyra.<\/p>\n<p>La inscripci\u00f3n, que tiene como fecha l\u00edmite el 30 de julio a las 12 hs., ser\u00e1 realizada a trav\u00e9s del siguiente <a href=\"https:\/\/forms.gle\/tjfppFcDaurctfC9A\"><strong>link<\/strong>, <\/a>y las conferencias ser\u00e1n transmitidas en vivo por YouTube cuyo enlace para participar ser\u00e1 compartido a las personas inscriptas.<\/p>\n<p>M\u00e1s informaci\u00f3n sobre el Webinario, haciendo click <strong><a href=\"https:\/\/bit.ly\/3roR5u8\">aqu\u00ed.<\/a><\/strong><\/p>\n","protected":false},"excerpt":{"rendered":"<p>La actividad, que se desarrollar\u00e1 en el mes de agosto y ser\u00e1 de car\u00e1cter opcional, se llevar\u00e1 adelante en formato de Webinario. La fecha l\u00edmite de inscripci\u00f3n es el 30 de julio, a las 12 horas. La Secretar\u00eda de Educaci\u00f3n de la Municipalidad de la Ciudad de C\u00f3rdoba, propone la instancia de formaci\u00f3n \u201cCiclo de [&hellip;]<\/p>\n","protected":false},"author":1,"featured_media":11282,"comment_status":"closed","ping_status":"closed","sticky":false,"template":"","format":"standard","meta":[],"categories":[44],"tags":[],"_links":{"self":[{"href":"http:\/\/cordobadirecto.com\/index.php\/wp-json\/wp\/v2\/posts\/11281"}],"collection":[{"href":"http:\/\/cordobadirecto.com\/index.php\/wp-json\/wp\/v2\/posts"}],"about":[{"href":"http:\/\/cordobadirecto.com\/index.php\/wp-json\/wp\/v2\/types\/post"}],"author":[{"embeddable":true,"href":"http:\/\/cordobadirecto.com\/index.php\/wp-json\/wp\/v2\/users\/1"}],"replies":[{"embeddable":true,"href":"http:\/\/cordobadirecto.com\/index.php\/wp-json\/wp\/v2\/comments?post=11281"}],"version-history":[{"count":0,"href":"http:\/\/cordobadirecto.com\/index.php\/wp-json\/wp\/v2\/posts\/11281\/revisions"}],"wp:featuredmedia":[{"embeddable":true,"href":"http:\/\/cordobadirecto.com\/index.php\/wp-json\/wp\/v2\/media\/11282"}],"wp:attachment":[{"href":"http:\/\/cordobadirecto.com\/index.php\/wp-json\/wp\/v2\/media?parent=11281"}],"wp:term":[{"taxonomy":"category","embeddable":true,"href":"http:\/\/cordobadirecto.com\/index.php\/wp-json\/wp\/v2\/categories?post=11281"},{"taxonomy":"post_tag","embeddable":true,"href":"http:\/\/cordobadirecto.com\/index.php\/wp-json\/wp\/v2\/tags?post=11281"}],"curies":[{"name":"wp","href":"https:\/\/api.w.org\/{rel}","templated":true}]}}