{"id":112842,"date":"2023-05-01T01:01:45","date_gmt":"2023-05-01T01:01:45","guid":{"rendered":"http:\/\/cordobadirecto.com\/index.php\/2023\/05\/01\/talleres-y-rosario-central-igualan-en-cordoba\/"},"modified":"2023-05-01T01:01:45","modified_gmt":"2023-05-01T01:01:45","slug":"talleres-y-rosario-central-igualan-en-cordoba","status":"publish","type":"post","link":"http:\/\/cordobadirecto.com\/index.php\/2023\/05\/01\/talleres-y-rosario-central-igualan-en-cordoba\/","title":{"rendered":"Talleres y Rosario Central igualan en C\u00f3rdoba"},"content":{"rendered":"<p><head> <meta charset=\"UTF-8\"> <meta http-equiv=\"X-UA-Compatible\" content=\"IE=edge\"> <meta name=\"viewport\" content=\"width=device-width, initial-scale=1.0\"> <link rel=\"preconnect\" href=\"https:\/\/fonts.gstatic.com\"> <link href=\"https:\/\/fonts.googleapis.com\/css2?family=Montserrat:ital,wght@0,100;0,400;0,500;0,600;0,700;0,800;0,900;1,400&amp;display=swap\" rel=\"stylesheet\"> <title>Talleres y Rosario Central igualan en C\u00f3rdoba<\/title> <link rel=\"canonical\" href=\"https:\/\/www.telam.com.ar\/notas\/202304\/627014-talleres-rosario-central.html\"> <meta http-equiv=\"Content-Type\" content=\"text\/html; charset=UTF-8\"> <meta http-equiv=\"Content-Language\" content=\"es\"> <meta http-equiv=\"Cache-Control\" content=\"no-cache, no-store, must-revalidate\"> <meta http-equiv=\"Pragma\" content=\"no-cache\"> <meta http-equiv=\"Expires\" content=\"0\"> <meta name=\"LANGUAGE\" content=\"es\"> <meta name=\"robots\" content=\"all\"> <meta name=\"application-name\" content=\"Telam SE\"> <meta name=\"description\" content=\"La 'T' empata como local 1 a 1 con el Canalla, con tantos de&nbsp;Michael Santos al minuto de juego y de Alan Rodr\u00edguez (39m PT) para el visitante, en un encuentro que se juega en el estadio Mario Alberto Kempes.\"> <meta name=\"author\" content=\"T\u00c9LAM\"> <meta name=\"copyright\" content=\"T\u00c9LAM SE\"> <meta property=\"og:url\" content=\"https:\/\/www.telam.com.ar\/notas\/202304\/627014-talleres-rosario-central.html\"> <meta property=\"og:type\" content=\"website\"> <meta property=\"og:title\" content=\"Talleres y Rosario Central igualan en C\u00f3rdoba\"> <meta property=\"og:description\" content=\"La 'T' empata como local 1 a 1 con el Canalla, con tantos de&nbsp;Michael Santos al minuto de juego y de Alan Rodr\u00edguez (39m PT) para el visitante, en un encuentro que se juega en el estadio Mario Alberto Kempes.\"> <meta property=\"og:image\" content=\"https:\/\/www.telam.com.ar\/thumbs\/bluesteel\/advf\/imagenes\/2023\/04\/644f07d06f087_450.jpg\"> <meta property=\"fb:app_id\" content=\"140586622674265\"> <meta property=\"fb:admins\" content> <meta property=\"fb:page_id\" content> <meta property=\"fb:pages\" content=\"161243707242002\"> <meta name=\"twitter:card\" content=\"summary_large_image\"> <meta name=\"twitter:site\" content=\"@agenciatelam\"> <meta name=\"twitter:creator\" content=\"@agenciatelam\"> <meta name=\"twitter:image\" content=\"https:\/\/www.telam.com.ar\/thumbs\/bluesteel\/advf\/imagenes\/2023\/04\/644f07d06f087_450.jpg\"> <meta http-equiv=\"X-UA-Compatible\" content=\"IE=edge\"> <meta name=\"viewport\" content=\"width=device-width, initial-scale=1\"> <meta name=\"theme-color\" content=\"#03469d\"> <meta name=\"msapplication-navbutton-color\" content=\"#03469d\"> <meta name=\"apple-mobile-web-app-status-bar-style\" content=\"black-translucent\"> <meta name=\"apple-mobile-web-app-capable\" content=\"yes\"> <link rel=\"icon\" href=\"https:\/\/www.telam.com.ar\/assets\/skins\/bluesteel\/img\/favicon.ico\" type=\"image\/x-icon\"> <meta name=\"MobileOptimized\" content=\"width\"> <meta name=\"HandheldFriendly\" content=\"true\"> <meta name=\"X-TRACKING-TOKEN\" content=\"c52bd4797414c267e393f405c52873b7eb71dd28\"> <meta name=\"facebook-domain-verification\" content=\"i5urmb48utwl55zru2obz048cgjo9r\"> <meta name=\"X-CSRF-TOKEN\" content=\"1dff2a78acef1a5b397b282d8e584c45\"> <link href=\"https:\/\/www.telam.com.ar\/ccss\/6f483083e246a1e34234640b8c488fde.css?r=1682902236\" rel=\"stylesheet\" type=\"text\/css\"> <\/head><body class=\"body_note\" id=\"readabilityBody\"> <\/p>\n<div class=\"wrapper-sections\">\n<section id=\"_c4kw0vqy6\" c telam_original=\"_c4kw0vqy6\" telam_content=\"true\" class=\"sec_c4kw0vqy6_ext\">\n<div class=\"container-xl sec_c4kw0vqy6_int\">\n<div class=\"t-blk fix-row-overlay row\">\n<div class=\"col-md-8\">\n<div class=\"row \">\n<div class=\"content_section wrapper-sections py-3\">\n<article class=\"note-content\">\n<div class=\"wrapper-editable-content\">\n<div class=\"wrapper-info-note\">\n<div class=\"col-md-12\">\n<div class=\"wrapper-author-social\">\n<div class=\"author-box mb-4\">\n<div class=\"image\"> <img loading=\"lazy\" src=\"http:\/\/cordobadirecto.com\/wp-content\/uploads\/2023\/05\/talleres-y-rosario-central-igualan-en-cordoba.png\" width=\"450\" height=\"100%\" alt=\"Telam SE\"> <\/div>\n<div class=\"info\">\n<p>30-04-2023 | 21:50<\/p>\n<\/p><\/div><\/div><\/div><\/div><\/div>\n<div>\n<div class=\"wrapper-editable-content\">\n<div>\n<div class=\"container-md\">\n<div class=\"row\">\n<div class=\"col-md-12 speak\">\n<div class=\"paragraph\">\n<figure class=\"mb-3\"><img loading=\"lazy\" data-src=\"http:\/\/cordobadirecto.com\/wp-content\/uploads\/2023\/05\/talleres-y-rosario-central-igualan-en-cordoba.jpg\" src=\"http:\/\/cordobadirecto.com\/wp-content\/uploads\/2023\/05\/talleres-y-rosario-central-igualan-en-cordoba.png\" class=\" lazy \" width=\"100%\" height=\"100%\" alt=\"Foto Laura Lescano \"><figcaption> Foto Laura Lescano. <\/figcaption><\/figure>\n<\/p><\/div><\/div><\/div><\/div><\/div><\/div><\/div>\n<\/div>\n<\/article><\/div><\/div><\/div>\n<div class=\"col-md-4\">\n<div class=\"row\">\n<div class=\"t-blk mostread col-md-12 pl-3 pr-3\">\n<h3 class=\"module-title\"><span>M\u00e1s le\u00eddas<\/span><\/h3>\n<\/p><\/div>\n<div class=\"t-blk html col-md-12 pl-3 pr-3\">\n<h3 class=\"module-title\"><span>Newsletter<\/span><\/h3>\n<div class=\"content\">\n<div class=\"d-flex justify-content-center\"><a href=\"https:\/\/www.telam.com.ar\/newsletter\"><img class=\"img-fluid\" src=\"http:\/\/cordobadirecto.com\/wp-content\/uploads\/2023\/05\/talleres-y-rosario-central-igualan-en-cordoba-1.jpg\"><\/a><\/div>\n<\/div><\/div><\/div><\/div><\/div><\/div>\n<\/section>\n<section id=\"_p56ukt1hk\" c telam_original=\"_p56ukt1hk\" class=\"sec_p56ukt1hk_ext light\">\n<div class=\"container-xl sec_p56ukt1hk_int\">\n<div class=\"fix-row-overlay col-lg-12 p-0\">\n<div class=\"row\">\n<div class=\"t-blk infinite col-md-12 pl-3 pr-3\">\n<h3 class=\"module-title\"><span>Tambi\u00e9n te puede interesar<\/span><\/h3>\n<\/p><\/div><\/div><\/div><\/div>\n<\/section><\/div>\n<p> <a href=\"javascript:void();\" class=\"sto_page stp\"><i class=\"fas fa-chevron-up\"><\/i><\/a> <\/p>\n<footer> <\/footer>\n<p> <\/body> <static><\/static><\/p>\n","protected":false},"excerpt":{"rendered":"<p>Talleres y Rosario Central igualan en C\u00f3rdoba 30-04-2023 | 21:50 Foto Laura Lescano. M\u00e1s le\u00eddas Newsletter Tambi\u00e9n te puede interesar<\/p>\n","protected":false},"author":1,"featured_media":112843,"comment_status":"closed","ping_status":"closed","sticky":false,"template":"","format":"standard","meta":[],"categories":[21],"tags":[],"_links":{"self":[{"href":"http:\/\/cordobadirecto.com\/index.php\/wp-json\/wp\/v2\/posts\/112842"}],"collection":[{"href":"http:\/\/cordobadirecto.com\/index.php\/wp-json\/wp\/v2\/posts"}],"about":[{"href":"http:\/\/cordobadirecto.com\/index.php\/wp-json\/wp\/v2\/types\/post"}],"author":[{"embeddable":true,"href":"http:\/\/cordobadirecto.com\/index.php\/wp-json\/wp\/v2\/users\/1"}],"replies":[{"embeddable":true,"href":"http:\/\/cordobadirecto.com\/index.php\/wp-json\/wp\/v2\/comments?post=112842"}],"version-history":[{"count":0,"href":"http:\/\/cordobadirecto.com\/index.php\/wp-json\/wp\/v2\/posts\/112842\/revisions"}],"wp:featuredmedia":[{"embeddable":true,"href":"http:\/\/cordobadirecto.com\/index.php\/wp-json\/wp\/v2\/media\/112843"}],"wp:attachment":[{"href":"http:\/\/cordobadirecto.com\/index.php\/wp-json\/wp\/v2\/media?parent=112842"}],"wp:term":[{"taxonomy":"category","embeddable":true,"href":"http:\/\/cordobadirecto.com\/index.php\/wp-json\/wp\/v2\/categories?post=112842"},{"taxonomy":"post_tag","embeddable":true,"href":"http:\/\/cordobadirecto.com\/index.php\/wp-json\/wp\/v2\/tags?post=112842"}],"curies":[{"name":"wp","href":"https:\/\/api.w.org\/{rel}","templated":true}]}}