{"id":112874,"date":"2023-05-01T04:13:40","date_gmt":"2023-05-01T04:13:40","guid":{"rendered":"http:\/\/cordobadirecto.com\/index.php\/2023\/05\/01\/santiago-pena-gano-y-es-el-nuevo-presidente-de-paraguay-eldoce-tv\/"},"modified":"2023-05-01T04:13:40","modified_gmt":"2023-05-01T04:13:40","slug":"santiago-pena-gano-y-es-el-nuevo-presidente-de-paraguay-eldoce-tv","status":"publish","type":"post","link":"http:\/\/cordobadirecto.com\/index.php\/2023\/05\/01\/santiago-pena-gano-y-es-el-nuevo-presidente-de-paraguay-eldoce-tv\/","title":{"rendered":"Santiago Pe\u00f1a gan\u00f3 y es el <b>nuevo<\/b> presidente de Paraguay &#8211; ElDoce.tv"},"content":{"rendered":"<p>Y con apenas 35 a\u00f1os se convirti\u00f3 en Ministro de <b>Econom\u00eda<\/b> de su pa\u00eds. Ahora, con 45 a\u00f1os, se convierte en uno de los presidentes m\u00e1s j\u00f3venes de&nbsp;&#8230; <\/p>\n","protected":false},"excerpt":{"rendered":"<p>Y con apenas 35 a\u00f1os se convirti\u00f3 en Ministro de Econom\u00eda de su pa\u00eds. Ahora, con 45 a\u00f1os, se convierte en uno de los presidentes m\u00e1s j\u00f3venes de&nbsp;&#8230;<\/p>\n","protected":false},"author":1,"featured_media":0,"comment_status":"closed","ping_status":"closed","sticky":false,"template":"","format":"standard","meta":[],"categories":[40],"tags":[],"_links":{"self":[{"href":"http:\/\/cordobadirecto.com\/index.php\/wp-json\/wp\/v2\/posts\/112874"}],"collection":[{"href":"http:\/\/cordobadirecto.com\/index.php\/wp-json\/wp\/v2\/posts"}],"about":[{"href":"http:\/\/cordobadirecto.com\/index.php\/wp-json\/wp\/v2\/types\/post"}],"author":[{"embeddable":true,"href":"http:\/\/cordobadirecto.com\/index.php\/wp-json\/wp\/v2\/users\/1"}],"replies":[{"embeddable":true,"href":"http:\/\/cordobadirecto.com\/index.php\/wp-json\/wp\/v2\/comments?post=112874"}],"version-history":[{"count":0,"href":"http:\/\/cordobadirecto.com\/index.php\/wp-json\/wp\/v2\/posts\/112874\/revisions"}],"wp:attachment":[{"href":"http:\/\/cordobadirecto.com\/index.php\/wp-json\/wp\/v2\/media?parent=112874"}],"wp:term":[{"taxonomy":"category","embeddable":true,"href":"http:\/\/cordobadirecto.com\/index.php\/wp-json\/wp\/v2\/categories?post=112874"},{"taxonomy":"post_tag","embeddable":true,"href":"http:\/\/cordobadirecto.com\/index.php\/wp-json\/wp\/v2\/tags?post=112874"}],"curies":[{"name":"wp","href":"https:\/\/api.w.org\/{rel}","templated":true}]}}