{"id":112879,"date":"2023-05-01T09:40:11","date_gmt":"2023-05-01T09:40:11","guid":{"rendered":"http:\/\/cordobadirecto.com\/index.php\/2023\/05\/01\/no-voy-a-llegar-a-los-80-anos-dijo-michael-j-fox-quien-hablo-sobre-el-parkinson\/"},"modified":"2023-05-01T09:40:11","modified_gmt":"2023-05-01T09:40:11","slug":"no-voy-a-llegar-a-los-80-anos-dijo-michael-j-fox-quien-hablo-sobre-el-parkinson","status":"publish","type":"post","link":"http:\/\/cordobadirecto.com\/index.php\/2023\/05\/01\/no-voy-a-llegar-a-los-80-anos-dijo-michael-j-fox-quien-hablo-sobre-el-parkinson\/","title":{"rendered":"&#8220;No voy a llegar a los 80 a\u00f1os&#8221;, dijo Michael J. Fox, quien habl\u00f3 sobre el Parkinson"},"content":{"rendered":"<figure class=\"mb-3\"><img loading=\"lazy\" data-src=\"http:\/\/cordobadirecto.com\/wp-content\/uploads\/2023\/05\/no-voy-a-llegar-a-los-80-anos-dijo-michael-j-fox-quien-hablo-sobre-el-parkinson.jpg\" src=\"https:\/\/www.telam.com.ar\/assets\/img\/not_image.png\" class=\" lazy \" width=\"100%\" height=\"100%\" alt=\"Michael J Fox habl de su futuro\"><figcaption> Michael J. Fox habl\u00f3 de su futuro. <\/figcaption><\/figure>\n<p>El actor canadiense-estadounidense<strong> Michael J. Fox<\/strong>, de 61 a\u00f1os, quien es conocido en el mundo por su personaje entra\u00f1able en la saga de &#8220;Volver al futuro\u201d, <strong>afirm\u00f3 que a pesar de considerarse optimista, vivir con Parkinson se est\u00e1 volviendo &#8220;cada vez m\u00e1s duro&#8221; y que esta enfermedad est\u00e1 \u201cllamando a la puerta con fuerza\u201d.<\/strong><\/p>\n<p><strong>&#8220;No voy a mentir. Se est\u00e1 volviendo m\u00e1s duro, cada d\u00eda es m\u00e1s duro, pero as\u00ed son las cosas&#8221;<\/strong>, dijo el int\u00e9rprete, quien reconoci\u00f3 que no se imagina vivir con esa enfermedad hasta que tenga 80 a\u00f1os.<\/p>\n<p>En una entrevista transmitida por la cadena CBS este domingo, Fox, cont\u00f3 c\u00f3mo fue vivir con esta enfermedad incurable desde que fue diagnosticado en 1991, cuando solo ten\u00eda 29 a\u00f1os y era una de las grandes estrellas de Hollywood.<\/p>\n<p>En ese reportaje Fox tambi\u00e9n <strong>admiti\u00f3 que la enfermedad est\u00e1 &#8220;llamando a la puerta con fuerza&#8221; y que los temblores son cada vez m\u00e1s intensos, lo que aumenta el riesgo de ca\u00eddas y fracturas.<\/strong><\/p>\n<p>El actor explic\u00f3 que sufri\u00f3 fracturas en ambos brazos, en un codo, una mano y en la cara debido a las ca\u00eddas y adem\u00e1s, tuvo una cirug\u00eda en la columna vertebral debido a un tumor que result\u00f3 ser benigno, pero que afect\u00f3 su capacidad para caminar.<\/p>\n<p><strong>&#8220;Caerse es lo que te mata cuando tienes Parkinson. Es caerte, aspirar comida, tener neumon\u00eda. Todas esas formas sutiles en las que la enfermedad te atrapa. Uno no muere de Parkinson, muere con Parkinson. S\u00ed he estado pensando en la mortalidad y en todo esto. Y no voy a llegar a los 80 a\u00f1os, no voy a llegar a 80&#8221;<\/strong>, afirm\u00f3.<\/p>\n<p>Sin embargo, Fox se mostr\u00f3 esperanzado por la posibilidad de que la fundaci\u00f3n que cre\u00f3 en el a\u00f1o 2000, pueda lograr pronto una cura total o parcial para la dolencia que padece. <\/p>\n","protected":false},"excerpt":{"rendered":"<p>Michael J. Fox habl\u00f3 de su futuro. El actor canadiense-estadounidense Michael J. Fox, de 61 a\u00f1os, quien es conocido en el mundo por su personaje entra\u00f1able en la saga de &#8220;Volver al futuro\u201d, afirm\u00f3 que a pesar de considerarse optimista, vivir con Parkinson se est\u00e1 volviendo &#8220;cada vez m\u00e1s duro&#8221; y que esta enfermedad est\u00e1 [&hellip;]<\/p>\n","protected":false},"author":1,"featured_media":112880,"comment_status":"closed","ping_status":"closed","sticky":false,"template":"","format":"standard","meta":[],"categories":[20],"tags":[],"_links":{"self":[{"href":"http:\/\/cordobadirecto.com\/index.php\/wp-json\/wp\/v2\/posts\/112879"}],"collection":[{"href":"http:\/\/cordobadirecto.com\/index.php\/wp-json\/wp\/v2\/posts"}],"about":[{"href":"http:\/\/cordobadirecto.com\/index.php\/wp-json\/wp\/v2\/types\/post"}],"author":[{"embeddable":true,"href":"http:\/\/cordobadirecto.com\/index.php\/wp-json\/wp\/v2\/users\/1"}],"replies":[{"embeddable":true,"href":"http:\/\/cordobadirecto.com\/index.php\/wp-json\/wp\/v2\/comments?post=112879"}],"version-history":[{"count":0,"href":"http:\/\/cordobadirecto.com\/index.php\/wp-json\/wp\/v2\/posts\/112879\/revisions"}],"wp:featuredmedia":[{"embeddable":true,"href":"http:\/\/cordobadirecto.com\/index.php\/wp-json\/wp\/v2\/media\/112880"}],"wp:attachment":[{"href":"http:\/\/cordobadirecto.com\/index.php\/wp-json\/wp\/v2\/media?parent=112879"}],"wp:term":[{"taxonomy":"category","embeddable":true,"href":"http:\/\/cordobadirecto.com\/index.php\/wp-json\/wp\/v2\/categories?post=112879"},{"taxonomy":"post_tag","embeddable":true,"href":"http:\/\/cordobadirecto.com\/index.php\/wp-json\/wp\/v2\/tags?post=112879"}],"curies":[{"name":"wp","href":"https:\/\/api.w.org\/{rel}","templated":true}]}}