{"id":112881,"date":"2023-05-01T09:40:13","date_gmt":"2023-05-01T09:40:13","guid":{"rendered":"http:\/\/cordobadirecto.com\/index.php\/2023\/05\/01\/la-filarmonica-de-buenos-aires-dara-un-concierto-gratuito-en-la-usina-del-arte\/"},"modified":"2023-05-01T09:40:13","modified_gmt":"2023-05-01T09:40:13","slug":"la-filarmonica-de-buenos-aires-dara-un-concierto-gratuito-en-la-usina-del-arte","status":"publish","type":"post","link":"http:\/\/cordobadirecto.com\/index.php\/2023\/05\/01\/la-filarmonica-de-buenos-aires-dara-un-concierto-gratuito-en-la-usina-del-arte\/","title":{"rendered":"La Filarm\u00f3nica de Buenos Aires dar\u00e1 un concierto gratuito en la Usina del Arte"},"content":{"rendered":"<figure class=\"mb-3\"><img loading=\"lazy\" data-src=\"http:\/\/cordobadirecto.com\/wp-content\/uploads\/2023\/05\/la-filarmonica-de-buenos-aires-dara-un-concierto-gratuito-en-la-usina-del-arte.jpg\" src=\"https:\/\/www.telam.com.ar\/assets\/img\/not_image.png\" class=\" lazy \" width=\"100%\" height=\"100%\" alt=\"La filarmnica portea del escenario del Coln al de la Usina del Arte\"><figcaption> La filarm\u00f3nica porte\u00f1a: del escenario del Col\u00f3n al de la Usina del Arte. <\/figcaption><\/figure>\n<p>La Orquesta Filarm\u00f3nica de Buenos Aires saldr\u00e1 de su habitual sede en el Teatro Col\u00f3n para ofrecer, el s\u00e1bado 6 a las 20,un concierto gratuito en la Usina del Arte.<\/p>\n<p>La presentaci\u00f3n de la agrupaci\u00f3n tendr\u00e1 direcci\u00f3n musical del maestro Javier Mas y la participaci\u00f3n del violinista Eduardo Ludue\u00f1a como solista.<\/p>\n<p>El programa musical previsto estar\u00e1 compuesto por las obras <strong>\u201cObertura Coriolano, Op.62\u201d<\/strong>, de Ludwig van Beethoven; <strong>\u201cConcierto para viol\u00edn y 18 instrumentos\u201d<\/strong>, de Jos\u00e9 Mar\u00eda Castro; y <strong>\u201cSinfon\u00eda N\u00b05, Op. 107 en Re mayor Resurrecci\u00f3n&#8221;<\/strong>, de Felix Mendelssohn.<\/p>\n<p>Las entradas estar\u00e1n disponibles a partir del jueves pr\u00f3ximo en la boleter\u00eda del Teatro Col\u00f3n (Tucum\u00e1n 1171) de 10 a 19 y tambi\u00e9n se podr\u00e1n retirar dos horas antes del concierto en la Usina del Arte (Agust\u00edn R Caffarena 1). <\/p>\n","protected":false},"excerpt":{"rendered":"<p>La filarm\u00f3nica porte\u00f1a: del escenario del Col\u00f3n al de la Usina del Arte. La Orquesta Filarm\u00f3nica de Buenos Aires saldr\u00e1 de su habitual sede en el Teatro Col\u00f3n para ofrecer, el s\u00e1bado 6 a las 20,un concierto gratuito en la Usina del Arte. La presentaci\u00f3n de la agrupaci\u00f3n tendr\u00e1 direcci\u00f3n musical del maestro Javier Mas [&hellip;]<\/p>\n","protected":false},"author":1,"featured_media":112882,"comment_status":"closed","ping_status":"closed","sticky":false,"template":"","format":"standard","meta":[],"categories":[20],"tags":[],"_links":{"self":[{"href":"http:\/\/cordobadirecto.com\/index.php\/wp-json\/wp\/v2\/posts\/112881"}],"collection":[{"href":"http:\/\/cordobadirecto.com\/index.php\/wp-json\/wp\/v2\/posts"}],"about":[{"href":"http:\/\/cordobadirecto.com\/index.php\/wp-json\/wp\/v2\/types\/post"}],"author":[{"embeddable":true,"href":"http:\/\/cordobadirecto.com\/index.php\/wp-json\/wp\/v2\/users\/1"}],"replies":[{"embeddable":true,"href":"http:\/\/cordobadirecto.com\/index.php\/wp-json\/wp\/v2\/comments?post=112881"}],"version-history":[{"count":0,"href":"http:\/\/cordobadirecto.com\/index.php\/wp-json\/wp\/v2\/posts\/112881\/revisions"}],"wp:featuredmedia":[{"embeddable":true,"href":"http:\/\/cordobadirecto.com\/index.php\/wp-json\/wp\/v2\/media\/112882"}],"wp:attachment":[{"href":"http:\/\/cordobadirecto.com\/index.php\/wp-json\/wp\/v2\/media?parent=112881"}],"wp:term":[{"taxonomy":"category","embeddable":true,"href":"http:\/\/cordobadirecto.com\/index.php\/wp-json\/wp\/v2\/categories?post=112881"},{"taxonomy":"post_tag","embeddable":true,"href":"http:\/\/cordobadirecto.com\/index.php\/wp-json\/wp\/v2\/tags?post=112881"}],"curies":[{"name":"wp","href":"https:\/\/api.w.org\/{rel}","templated":true}]}}