{"id":112883,"date":"2023-05-01T10:31:56","date_gmt":"2023-05-01T10:31:56","guid":{"rendered":"https:\/\/www.espinof.com\/disney-plus\/peter-pan-wendy-nueva-victima-review-bombing-estreno-disney-se-hunde-su-diversidad-correccion-politica"},"modified":"2023-05-01T10:31:56","modified_gmt":"2023-05-01T10:31:56","slug":"peter-pan-wendy-es-la-nueva-victima-del-review-bombing-el-estreno-de-disney-se-hunde-por-su-diversidad-y-correccion-politica","status":"publish","type":"post","link":"http:\/\/cordobadirecto.com\/index.php\/2023\/05\/01\/peter-pan-wendy-es-la-nueva-victima-del-review-bombing-el-estreno-de-disney-se-hunde-por-su-diversidad-y-correccion-politica\/","title":{"rendered":"&#8216;Peter Pan &amp; Wendy&#8217; es la nueva victima del review bombing: el estreno de Disney+ se hunde por su &#8220;diversidad y correcci\u00f3n pol\u00edtica&#8221;"},"content":{"rendered":"<p>El \u00faltimo remake de acci\u00f3n en vivo de Disney que acaba de llegar a Disney+ est\u00e1 provocando una lluvia de cr\u00edticas negativas, como la mayor\u00eda de sus predecesores, pero con m\u00e1s virulencia. &#8216;<a href=\"https:\/\/www.espinof.com\/criticas\/peter-pan-wendy-uno-mejores-remakes-accion-real-disney-demostracion-que-no-dificil-hacerlos-bien\">Peter Pan y Wendy<\/a>&#8216; (2023) vuelve a contar la historia de Wendy, John y Michael Darling mientras viajan a Neverland con el eterno h\u00e9roe ep\u00f3nimo, pero<strong> se diferencia de versiones anteriores de la historia de Barrie al adoptar un enfoque m\u00e1s oscuro&#8230; e inclusivo<\/strong>.<\/p>\n<p><!-- BREAK 1 --><\/p>\n<h2>Malos pron\u00f3sticos para la recepci\u00f3n de &#8216;La sirenita&#8217;<\/h2>\n<p>Cuando el tr\u00e1iler debut\u00f3 en marzo, los fan\u00e1ticos criticaron sus im\u00e1genes &#8220;mon\u00f3tonas y deprimentes&#8221;, lo que el director David Lowery explica como un movimiento para hacer que Neverland parezca como &#8220;un lugar al que un ni\u00f1o podr\u00eda llegar&#8221;. Pero el problema ya ven\u00eda desde <strong>la elecci\u00f3n de Yara Shahidi como campanilla. Las cr\u00edticas ya aparecieron en las redes<\/strong> mucho antes del estreno, por lo que no es de extra\u00f1ar que el descontento de algunos con el producto final de haya convertido en un fen\u00f3meno cada vez m\u00e1s com\u00fan: el review bombing.<\/p>\n<p><!-- BREAK 2 --> <\/p>\n<div class=\"article-asset article-asset-normal article-asset-center\">\n<div class=\"desvio-container\">\n<div class=\"desvio\">\n<div class=\"desvio-figure js-desvio-figure\"> <a href=\"https:\/\/www.espinof.com\/series-de-ficcion\/the-last-of-us-nueva-victima-review-bombing-problema-no-puntuaciones-sino-lgtbifobia-que-se-esconde-ellas\"> <img alt=\"'The Last of Us' es una nueva v\u00edctima del review bombing, pero el problema no son las puntuaciones, sino la LGTBIfobia que se esconde tras ellas \" src=\"http:\/\/cordobadirecto.com\/wp-content\/uploads\/2023\/05\/peter-pan-wendy-es-la-nueva-victima-del-review-bombing-el-estreno-de-disney-se-hunde-por-su-diversidad-y-correccion-politica.jpg\"> <\/a> <\/div><\/div><\/div>\n<\/div>\n<p>&#8216;Peter Pan &amp; Wendy&#8217; &nbsp;se ha desplomado <a href=\"https:\/\/www.imdb.com\/title\/tt5635026\">en IMDb<\/a> a una nota de 4.2.\/10, con el 37 por ciento de todos los votos emitidos consider\u00e1ndola digna de un solo punto. Una negatividad tan abrumadora que se ha vuelto sospechosa. En <a href=\"https:\/\/www.rottentomatoes.com\/m\/peter_pan_and_wendy\">Rotten Tomatoes<\/a>, el original de Disney+ tiene una calificaci\u00f3n de aprobaci\u00f3n cr\u00edtica <strong>del 67 por ciento, frente una calificaci\u00f3n de usuario promedio del 20 por ciento<\/strong>, con m\u00e1s de 1000 valoraciones.<\/p>\n<p><!-- BREAK 3 --><\/p>\n<div class=\"article-asset-image article-asset-normal article-asset-center\">\n<div class=\"asset-content\">\n<div class=\"base-wrapper-image\"> <img class=\"sf-lazy centro_sinmarco\" src=\"http:\/\/cordobadirecto.com\/wp-content\/uploads\/2023\/05\/peter-pan-wendy-es-la-nueva-victima-del-review-bombing-el-estreno-de-disney-se-hunde-por-su-diversidad-y-correccion-politica.gif\" data-sf-srcset=\"http:\/\/cordobadirecto.com\/wp-content\/uploads\/2023\/05\/peter-pan-wendy-es-la-nueva-victima-del-review-bombing-el-estreno-de-disney-se-hunde-por-su-diversidad-y-correccion-politica-1.jpg 450w, http:\/\/cordobadirecto.com\/wp-content\/uploads\/2023\/05\/peter-pan-wendy-es-la-nueva-victima-del-review-bombing-el-estreno-de-disney-se-hunde-por-su-diversidad-y-correccion-politica-3.jpg 681w,http:\/\/cordobadirecto.com\/wp-content\/uploads\/2023\/05\/peter-pan-wendy-es-la-nueva-victima-del-review-bombing-el-estreno-de-disney-se-hunde-por-su-diversidad-y-correccion-politica-4.jpg 1024w, http:\/\/cordobadirecto.com\/wp-content\/uploads\/2023\/05\/peter-pan-wendy-es-la-nueva-victima-del-review-bombing-el-estreno-de-disney-se-hunde-por-su-diversidad-y-correccion-politica-5.jpg 1366w,\" data-sf-src=\"http:\/\/cordobadirecto.com\/wp-content\/uploads\/2023\/05\/peter-pan-wendy-es-la-nueva-victima-del-review-bombing-el-estreno-de-disney-se-hunde-por-su-diversidad-y-correccion-politica-1.jpg\" alt=\"Peter Pan And Wendy\"> <noscript><img alt=\"Peter Pan And Wendy\" class=\"centro_sinmarco\" src=\"http:\/\/cordobadirecto.com\/wp-content\/uploads\/2023\/05\/peter-pan-wendy-es-la-nueva-victima-del-review-bombing-el-estreno-de-disney-se-hunde-por-su-diversidad-y-correccion-politica-1.jpg\"><\/noscript> <\/div><\/div>\n<\/div>\n<p>Los cr\u00edticos han sido amables con &#8216;Peter Pan y Wendy&#8217;. Pero entre los usuarios llaman a<strong> Wendy como una &#8220;Mary Sue dominada&#8221; <\/strong>y en general muchos de Imdb destacan sus <strong>problemas con la &#8220;correcci\u00f3n pol\u00edtica&#8221;,<\/strong> como la decisi\u00f3n de reelaborar las historias de los personajes nativos americanos de la pel\u00edcula para que sean m\u00e1s sensibles culturalmente. No hace falta ser un genio para darse cuenta de por qu\u00e9 las primeras reacciones han sido tan odiosas hacia el inminente remake de acci\u00f3n en vivo de Disney de &#8216;<a href=\"https:\/\/www.espinof.com\/fecha-de-estreno\/sirenita-todo-que-sabemos-polemico-remake-imagen-real-clasico-animado-disney\">La Sirenita<\/a>&#8216;.<\/p>\n<p><!-- BREAK 4 --><\/p>\n<p>En Espinof | <a href=\"https:\/\/www.espinof.com\/listas\/todos-remakes-accion-real-disney-ordenados-peor-a-mejor\">Todos los remakes y adaptaciones en acci\u00f3n real de Disney ordenados de peor a mejor<\/a><\/p>\n<p><!-- BREAK 5 --> <\/p>\n","protected":false},"excerpt":{"rendered":"<p>El \u00faltimo remake de acci\u00f3n en vivo de Disney que acaba de llegar a Disney+ est\u00e1 provocando una lluvia de cr\u00edticas negativas, como la mayor\u00eda de sus predecesores, pero con m\u00e1s virulencia. &#8216;Peter Pan y Wendy&#8216; (2023) vuelve a contar la historia de Wendy, John y Michael Darling mientras viajan a Neverland con el eterno [&hellip;]<\/p>\n","protected":false},"author":1,"featured_media":112884,"comment_status":"closed","ping_status":"closed","sticky":false,"template":"","format":"standard","meta":[],"categories":[17],"tags":[],"_links":{"self":[{"href":"http:\/\/cordobadirecto.com\/index.php\/wp-json\/wp\/v2\/posts\/112883"}],"collection":[{"href":"http:\/\/cordobadirecto.com\/index.php\/wp-json\/wp\/v2\/posts"}],"about":[{"href":"http:\/\/cordobadirecto.com\/index.php\/wp-json\/wp\/v2\/types\/post"}],"author":[{"embeddable":true,"href":"http:\/\/cordobadirecto.com\/index.php\/wp-json\/wp\/v2\/users\/1"}],"replies":[{"embeddable":true,"href":"http:\/\/cordobadirecto.com\/index.php\/wp-json\/wp\/v2\/comments?post=112883"}],"version-history":[{"count":0,"href":"http:\/\/cordobadirecto.com\/index.php\/wp-json\/wp\/v2\/posts\/112883\/revisions"}],"wp:featuredmedia":[{"embeddable":true,"href":"http:\/\/cordobadirecto.com\/index.php\/wp-json\/wp\/v2\/media\/112884"}],"wp:attachment":[{"href":"http:\/\/cordobadirecto.com\/index.php\/wp-json\/wp\/v2\/media?parent=112883"}],"wp:term":[{"taxonomy":"category","embeddable":true,"href":"http:\/\/cordobadirecto.com\/index.php\/wp-json\/wp\/v2\/categories?post=112883"},{"taxonomy":"post_tag","embeddable":true,"href":"http:\/\/cordobadirecto.com\/index.php\/wp-json\/wp\/v2\/tags?post=112883"}],"curies":[{"name":"wp","href":"https:\/\/api.w.org\/{rel}","templated":true}]}}