{"id":112885,"date":"2023-04-30T21:41:32","date_gmt":"2023-04-30T21:41:32","guid":{"rendered":"https:\/\/www.ole.com.ar\/autos\/indycar-agustin-canapino-barber_0_DGB018GT0K.html"},"modified":"2023-04-30T21:41:32","modified_gmt":"2023-04-30T21:41:32","slug":"indycar-canapino-salio-anteultimo-en-barber-pero-cumplio-su-objetivo","status":"publish","type":"post","link":"http:\/\/cordobadirecto.com\/index.php\/2023\/04\/30\/indycar-canapino-salio-anteultimo-en-barber-pero-cumplio-su-objetivo\/","title":{"rendered":"IndyCar: Canapino sali\u00f3 ante\u00faltimo en Barber, pero cumpli\u00f3 su objetivo"},"content":{"rendered":"<p><time class=\"createDate\" datetime=\"2023-04-30T18:41:32-03:00\">30\/04\/2023 18:41hs.<\/time><time class=\"modificatedDate\" datetime=\"2023\/04\/30T18:41:32-03:00\"><\/time><\/p>\n<div id=\"storyBody\">\n<div class=\"custom-text \" readability=\"42\">\n<p><strong>Agust\u00edn Canapino<\/strong> sigue sumando millas en la <strong>IndyCar<\/strong>. En su primera temporada en la categor\u00eda estadounidense, cada carrera representa un nuevo desaf\u00edo para \u00e9l. De hecho, la cuarta fecha en Barber se trat\u00f3 de su primera vez en un aut\u00f3dromo con esta clase de monoplazas, luego de haber participado en dos callejeros y en un \u00f3valo. Y, en ese sentido, m\u00e1s all\u00e1 de que no logr\u00f3 la mejor posici\u00f3n (<strong>todo lo contrario, termin\u00f3 ante\u00faltimo en el 26\u00ba lugar<\/strong>), s\u00ed consigui\u00f3 su principal objetivo:<strong> finalizar el trazado de 90 vueltas.<\/strong><\/p>\n<\/div>\n<div class=\"sc-996041c8-0 dnrmTT\"><img alt=\"IndyCar: Canapino tuvo su primera experiencia en Barber @juncoshollinger\" src=\"http:\/\/cordobadirecto.com\/wp-content\/uploads\/2023\/05\/indycar-canapino-salio-anteultimo-en-barber-pero-cumplio-su-objetivo.jpg\" width=\"72\" height=\"10\" decoding=\"async\" data-nimg=\"future\" loading=\"lazy\"><span>IndyCar: Canapino tuvo su primera experiencia en Barber @juncoshollinger<\/span><\/div>\n<div class=\"custom-text \" readability=\"38\">\n<p>Si bien fue mejorando con el correr de las pruebas, la realidad es que el Tit\u00e1n no logr\u00f3 encontrar el ritmo de carrera en ning\u00fan momento de todo el fin de semana. Y pas\u00f3 por todo: desde los problemas en las pr\u00e1cticas libres a la falta de timing para poder entender el frenado del auto en una pista totalmente nueva y que no conoc\u00eda. Adem\u00e1s, se not\u00f3 la diferencia de velocidad que ten\u00edan el resto de los pilotos de la grilla. De hecho, se lo lleg\u00f3 a escuchar decir en un team radio que &#8220;<strong>los de adelante van muy r\u00e1pido&#8221;<\/strong>.<\/p>\n<\/div>\n<div class=\"custom-text \" readability=\"38\">\n<p>El arrecife\u00f1o de 33 a\u00f1os tampoco acert\u00f3 en la estrategia junto al Juncos Holliger Racing Team, dado que su compa\u00f1ero de equipo, Callum Ilott, quien hab\u00eda recibido una catarata de insultos en la tercera jornada del campeonato, finaliz\u00f3 13\u00ba.<\/p>\n<\/div>\n<div class=\"custom-text \" readability=\"36\">\n<p>El triunfo qued\u00f3 en manos del neozeland\u00e9s Scott McLaughlin, mientras que Romain Grosjean, ex F\u00f3rmula 1, y Will Power completaron el podio.<\/p>\n<\/div>\n<div class=\"sc-a7166897-0 gOoLzD\" readability=\"6\">\n<section readability=\"2\"><picture><img alt=\"TC: Todino gan\u00f3 una carrera hist\u00f3rica y la punta cambi\u00f3 de due\u00f1o\" src=\"http:\/\/cordobadirecto.com\/wp-content\/uploads\/2023\/05\/indycar-canapino-salio-anteultimo-en-barber-pero-cumplio-su-objetivo-1.jpg\" width=\"29\" height=\"29\" decoding=\"async\" data-nimg=\"future\" loading=\"lazy\"><\/picture>\n<p><span>Mir\u00e1 tambi\u00e9n<\/span><\/p>\n<hr>\n<h3>TC: Todino gan\u00f3 una carrera hist\u00f3rica y la punta cambi\u00f3 de due\u00f1o<\/h3>\n<\/p>\n<\/section>\n<\/div>\n<p><h2><strong>Las pr\u00f3ximas dos carreras ser\u00e1n en Indian\u00e1polis<\/strong><\/h2>\n<\/p>\n<div class=\"custom-text \" readability=\"37\">\n<p>Con la mira puesta en las 500 millas del 28 de mayo, dos domingos antes, el 13, se correr\u00e1 el Grand Prix de esa ciudad, aunque en el circuito rutero.<\/p>\n<\/div>\n<div class=\"sc-a7166897-0 gOoLzD\" readability=\"7\">\n<section readability=\"4\"><picture><img alt=\"Se corri\u00f3 el Desaf\u00edo R\u00edo Pinto, la carrera de mountain bike m\u00e1s grande del continente\" src=\"http:\/\/cordobadirecto.com\/wp-content\/uploads\/2023\/05\/indycar-canapino-salio-anteultimo-en-barber-pero-cumplio-su-objetivo-2.jpg\" width=\"29\" height=\"29\" decoding=\"async\" data-nimg=\"future\" loading=\"lazy\"><\/picture>\n<p><span>Mir\u00e1 tambi\u00e9n<\/span><\/p>\n<hr>\n<h3>Se corri\u00f3 el Desaf\u00edo R\u00edo Pinto, la carrera de mountain bike m\u00e1s grande del continente<\/h3>\n<\/p>\n<\/section>\n<\/div>\n<\/div>\n","protected":false},"excerpt":{"rendered":"<p>30\/04\/2023 18:41hs. Agust\u00edn Canapino sigue sumando millas en la IndyCar. En su primera temporada en la categor\u00eda estadounidense, cada carrera representa un nuevo desaf\u00edo para \u00e9l. De hecho, la cuarta fecha en Barber se trat\u00f3 de su primera vez en un aut\u00f3dromo con esta clase de monoplazas, luego de haber participado en dos callejeros y [&hellip;]<\/p>\n","protected":false},"author":1,"featured_media":112886,"comment_status":"closed","ping_status":"closed","sticky":false,"template":"","format":"standard","meta":[],"categories":[21],"tags":[],"_links":{"self":[{"href":"http:\/\/cordobadirecto.com\/index.php\/wp-json\/wp\/v2\/posts\/112885"}],"collection":[{"href":"http:\/\/cordobadirecto.com\/index.php\/wp-json\/wp\/v2\/posts"}],"about":[{"href":"http:\/\/cordobadirecto.com\/index.php\/wp-json\/wp\/v2\/types\/post"}],"author":[{"embeddable":true,"href":"http:\/\/cordobadirecto.com\/index.php\/wp-json\/wp\/v2\/users\/1"}],"replies":[{"embeddable":true,"href":"http:\/\/cordobadirecto.com\/index.php\/wp-json\/wp\/v2\/comments?post=112885"}],"version-history":[{"count":0,"href":"http:\/\/cordobadirecto.com\/index.php\/wp-json\/wp\/v2\/posts\/112885\/revisions"}],"wp:featuredmedia":[{"embeddable":true,"href":"http:\/\/cordobadirecto.com\/index.php\/wp-json\/wp\/v2\/media\/112886"}],"wp:attachment":[{"href":"http:\/\/cordobadirecto.com\/index.php\/wp-json\/wp\/v2\/media?parent=112885"}],"wp:term":[{"taxonomy":"category","embeddable":true,"href":"http:\/\/cordobadirecto.com\/index.php\/wp-json\/wp\/v2\/categories?post=112885"},{"taxonomy":"post_tag","embeddable":true,"href":"http:\/\/cordobadirecto.com\/index.php\/wp-json\/wp\/v2\/tags?post=112885"}],"curies":[{"name":"wp","href":"https:\/\/api.w.org\/{rel}","templated":true}]}}