{"id":112887,"date":"2023-04-30T20:32:51","date_gmt":"2023-04-30T20:32:51","guid":{"rendered":"https:\/\/www.ole.com.ar\/autos\/german-todino-triunfo-turismo-carretera-concepcion-uruguay_0_RUrq54yRn0.html"},"modified":"2023-04-30T20:32:51","modified_gmt":"2023-04-30T20:32:51","slug":"tc-todino-gano-una-carrera-historica-y-la-punta-cambio-de-dueno","status":"publish","type":"post","link":"http:\/\/cordobadirecto.com\/index.php\/2023\/04\/30\/tc-todino-gano-una-carrera-historica-y-la-punta-cambio-de-dueno\/","title":{"rendered":"TC: Todino gan\u00f3 una carrera hist\u00f3rica y la punta cambi\u00f3 de due\u00f1o"},"content":{"rendered":"<p><time class=\"createDate\" datetime=\"2023-04-30T17:32:51-03:00\">30\/04\/2023 17:32hs.<\/time><time class=\"modificatedDate\" datetime=\"2023\/04\/30T17:32:51-03:00\"><\/time><\/p>\n<div id=\"storyBody\">\n<div class=\"custom-text \" readability=\"42\">\n<p>En una carrera hist\u00f3rica,<strong> Germ\u00e1n Todino <\/strong>consigui\u00f3 la primera victoria de Dodge de la temporada del <strong>Turismo Carretera<\/strong>, al imponerse en una final de 25 vueltas vibrantes en el aut\u00f3dromo de Concepci\u00f3n del Uruguay. El segundo puesto le correspondi\u00f3 a Jonatan Castellano, tambi\u00e9n de la misma marca y autor de la pole position el s\u00e1bado, y el tercer lugar a Juli\u00e1n Santero (Ford), nuevo l\u00edder del campeonato, que aprovech\u00f3 el abandono de Mariano Werner, ganador de una de las series.<\/p>\n<\/div>\n<div class=\"sc-996041c8-0 dnrmTT\"><img alt=\"Todino gan\u00f3 en Concepci\u00f3n del Uruguay. (@ACTC)\" src=\"http:\/\/cordobadirecto.com\/wp-content\/uploads\/2023\/05\/tc-todino-gano-una-carrera-historica-y-la-punta-cambio-de-dueno.jpg\" width=\"72\" height=\"10\" decoding=\"async\" data-nimg=\"future\" loading=\"lazy\"><span>Todino gan\u00f3 en Concepci\u00f3n del Uruguay. (@ACTC)<\/span><\/div>\n<p>Todino, de 22 a\u00f1os, consigui\u00f3 su tercera victoria en la m\u00e1xima categor\u00eda del automovilismo argentino, primera con la marca del carnero, que volvi\u00f3 a ganar exactamente dos a\u00f1os despu\u00e9s de que Castellano la condujera al \u00e9xito en el mismo trazado entrerriano.<\/p>\n<div class=\"custom-text \" readability=\"33\">\n<p>El Gaucho de Rivera se hizo del primer puesto en el segundo relanzamiento de una carrera que comenz\u00f3 con el liderazgo alternado del Zorro de Paran\u00e1 y Castellano.<\/p>\n<\/div>\n<div class=\"sc-a7166897-0 gOoLzD\" readability=\"6\">\n<section readability=\"2\"><picture><img alt=\"Pechito L\u00f3pez y una gran victoria en Spa\" src=\"http:\/\/cordobadirecto.com\/wp-content\/uploads\/2023\/05\/tc-todino-gano-una-carrera-historica-y-la-punta-cambio-de-dueno-1.jpg\" width=\"29\" height=\"29\" decoding=\"async\" data-nimg=\"future\" loading=\"lazy\"><\/picture>\n<p><span>Mir\u00e1 tambi\u00e9n<\/span><\/p>\n<hr>\n<h3>Pechito L\u00f3pez y una gran victoria en Spa<\/h3>\n<\/p>\n<\/section>\n<\/div>\n<div class=\"custom-text \" readability=\"37\">\n<p>Werner, bicampe\u00f3n de la categor\u00eda 2020 y 2021, abandon\u00f3 en el quinto giro por una falla de neum\u00e1tico que lo sac\u00f3 de pista y provoc\u00f3 la rotura de la trompa de su coche. Al ingresar a boxes para su cambio, <strong>el motor levant\u00f3 temperatura y no le permiti\u00f3 regresar a la competencia.<\/strong><\/p>\n<\/div>\n<div class=\"custom-text \" readability=\"41\">\n<p>Todino y Castellano lucharon a brazo partido por el primer lugar durante media vuelta al decretarse el \u00faltimo reinicio de una competencia llena de incidencias. &#8220;Lo med\u00ed, lo busqu\u00e9 adelante y dije: &#8216;que sea lo que Dios quiera&#8217;. Hemos hecho una carrera impresionante, fuimos por todo, con unas maniobras tremendas&#8221;, explic\u00f3 en el podio el ganador, quien <strong>se llev\u00f3 una r\u00e9plica del pr\u00f3logo de la Constituci\u00f3n Nacional, dado que este 1 de mayo se cumplir\u00e1n 170 a\u00f1os de su sanci\u00f3n en esa ciudad.<\/strong><\/p>\n<\/div>\n<div class=\"sc-996041c8-0 dnrmTT\"><img alt=\"Todino gan\u00f3 en Concepci\u00f3n del Uruguay. (@ACTC)\" src=\"http:\/\/cordobadirecto.com\/wp-content\/uploads\/2023\/05\/tc-todino-gano-una-carrera-historica-y-la-punta-cambio-de-dueno-2.jpg\" width=\"72\" height=\"10\" decoding=\"async\" data-nimg=\"future\" loading=\"lazy\"><span>Todino gan\u00f3 en Concepci\u00f3n del Uruguay. (@ACTC)<\/span><\/div>\n<p>La sexta fecha del TC se disputar\u00e1 el 21 de mayo en el circuito de Termas de R\u00edo Hondo.<\/p>\n<p><h2><strong>\u00bfC\u00f3mo est\u00e1 la tabla de posiciones del TC?<\/strong><\/h2>\n<\/p>\n<div class=\"custom-text \" readability=\"44\">\n<p>Santero (un triunfo) marcha puntero con 164,5, seguido de cerca por Castellano con 154, Mauricio Lambiris con 149,5; Mariano Werner (un \u00e9xito) con 147; Juan Catal\u00e1n Magni (una victoria) con 139 y Germ\u00e1n Todino con 133,5. Marcos Landa (121), Jos\u00e9 Manuel Urcera (119,5), \u00faltimo campe\u00f3n en 2022, Santiago Mangoni (109) y Nicol\u00e1s Trosset (101) completan el top10.<\/p>\n<\/div>\n<div class=\"sc-a7166897-0 gOoLzD\" readability=\"6\">\n<section readability=\"2\"><picture><img alt=\"Checo P\u00e9rez se qued\u00f3 con el GP de Azerbaiy\u00e1n\" src=\"http:\/\/cordobadirecto.com\/wp-content\/uploads\/2023\/05\/tc-todino-gano-una-carrera-historica-y-la-punta-cambio-de-dueno-3.jpg\" width=\"29\" height=\"29\" decoding=\"async\" data-nimg=\"future\" loading=\"lazy\"><\/picture>\n<p><span>Mir\u00e1 tambi\u00e9n<\/span><\/p>\n<hr>\n<h3>Checo P\u00e9rez se qued\u00f3 con el GP de Azerbaiy\u00e1n<\/h3>\n<\/p>\n<\/section>\n<\/div>\n<\/div>\n","protected":false},"excerpt":{"rendered":"<p>30\/04\/2023 17:32hs. En una carrera hist\u00f3rica, Germ\u00e1n Todino consigui\u00f3 la primera victoria de Dodge de la temporada del Turismo Carretera, al imponerse en una final de 25 vueltas vibrantes en el aut\u00f3dromo de Concepci\u00f3n del Uruguay. El segundo puesto le correspondi\u00f3 a Jonatan Castellano, tambi\u00e9n de la misma marca y autor de la pole position [&hellip;]<\/p>\n","protected":false},"author":1,"featured_media":112888,"comment_status":"closed","ping_status":"closed","sticky":false,"template":"","format":"standard","meta":[],"categories":[21],"tags":[],"_links":{"self":[{"href":"http:\/\/cordobadirecto.com\/index.php\/wp-json\/wp\/v2\/posts\/112887"}],"collection":[{"href":"http:\/\/cordobadirecto.com\/index.php\/wp-json\/wp\/v2\/posts"}],"about":[{"href":"http:\/\/cordobadirecto.com\/index.php\/wp-json\/wp\/v2\/types\/post"}],"author":[{"embeddable":true,"href":"http:\/\/cordobadirecto.com\/index.php\/wp-json\/wp\/v2\/users\/1"}],"replies":[{"embeddable":true,"href":"http:\/\/cordobadirecto.com\/index.php\/wp-json\/wp\/v2\/comments?post=112887"}],"version-history":[{"count":0,"href":"http:\/\/cordobadirecto.com\/index.php\/wp-json\/wp\/v2\/posts\/112887\/revisions"}],"wp:featuredmedia":[{"embeddable":true,"href":"http:\/\/cordobadirecto.com\/index.php\/wp-json\/wp\/v2\/media\/112888"}],"wp:attachment":[{"href":"http:\/\/cordobadirecto.com\/index.php\/wp-json\/wp\/v2\/media?parent=112887"}],"wp:term":[{"taxonomy":"category","embeddable":true,"href":"http:\/\/cordobadirecto.com\/index.php\/wp-json\/wp\/v2\/categories?post=112887"},{"taxonomy":"post_tag","embeddable":true,"href":"http:\/\/cordobadirecto.com\/index.php\/wp-json\/wp\/v2\/tags?post=112887"}],"curies":[{"name":"wp","href":"https:\/\/api.w.org\/{rel}","templated":true}]}}