{"id":113183,"date":"2023-05-01T18:43:25","date_gmt":"2023-05-01T18:43:25","guid":{"rendered":"https:\/\/www.ole.com.ar\/autos\/turismo-carretera_0_HespPWAfBI.html"},"modified":"2023-05-01T18:43:25","modified_gmt":"2023-05-01T18:43:25","slug":"asi-quedo-el-campeonato-de-turismo-carretera-luego-de-concepcion-del-uruguay","status":"publish","type":"post","link":"http:\/\/cordobadirecto.com\/index.php\/2023\/05\/01\/asi-quedo-el-campeonato-de-turismo-carretera-luego-de-concepcion-del-uruguay\/","title":{"rendered":"As\u00ed qued\u00f3 el campeonato de Turismo Carretera luego de Concepci\u00f3n del Uruguay"},"content":{"rendered":"<div><img src=\"http:\/\/cordobadirecto.com\/wp-content\/uploads\/2023\/05\/asi-quedo-el-campeonato-de-turismo-carretera-luego-de-concepcion-del-uruguay.jpg\" class=\"ff-og-image-inserted\"><\/div>\n<div readability=\"34\">\n<p>En Concepci\u00f3n del Uruguay se llev\u00f3 a cabo la quinta fecha de Turismo Carretera y se lleg\u00f3 a la mitad de la etapa regular. Con cinco cap\u00edtulos disputados Juli\u00e1n Santero es el l\u00edder del campeonato y su Ford se mantiene competitivo.<\/p>\n<\/div>\n<div readability=\"34\">\n<p>Detr\u00e1s del piloto mendocino se ubic\u00f3 Jonatan Castellano. Con los puntos recogidos en el circuito entrerriano el de Lober\u00eda salt\u00f3 a la segunda posici\u00f3n. Con su regularidad est\u00e1 tercero Mauricio Lambiris.<\/p>\n<\/div>\n<div readability=\"33\">\n<p>El abandono de Mariano Werner lo hizo retroceder al cuarto lugar. Est\u00e1 quinto Juan Tom\u00e1s Catal\u00e1n Magni.<\/p>\n<\/div>\n<div readability=\"33\">\n<p>El pr\u00f3ximo 21 de mayo se disputar\u00e1 la sexta fecha del a\u00f1o en Termas de R\u00edo Hondo y comenzar\u00e1 la segunda mitad de la etapa regular.<\/p>\n<\/div>\n","protected":false},"excerpt":{"rendered":"<p>En Concepci\u00f3n del Uruguay se llev\u00f3 a cabo la quinta fecha de Turismo Carretera y se lleg\u00f3 a la mitad de la etapa regular. Con cinco cap\u00edtulos disputados Juli\u00e1n Santero es el l\u00edder del campeonato y su Ford se mantiene competitivo. Detr\u00e1s del piloto mendocino se ubic\u00f3 Jonatan Castellano. Con los puntos recogidos en el [&hellip;]<\/p>\n","protected":false},"author":1,"featured_media":113184,"comment_status":"closed","ping_status":"closed","sticky":false,"template":"","format":"standard","meta":[],"categories":[21],"tags":[],"_links":{"self":[{"href":"http:\/\/cordobadirecto.com\/index.php\/wp-json\/wp\/v2\/posts\/113183"}],"collection":[{"href":"http:\/\/cordobadirecto.com\/index.php\/wp-json\/wp\/v2\/posts"}],"about":[{"href":"http:\/\/cordobadirecto.com\/index.php\/wp-json\/wp\/v2\/types\/post"}],"author":[{"embeddable":true,"href":"http:\/\/cordobadirecto.com\/index.php\/wp-json\/wp\/v2\/users\/1"}],"replies":[{"embeddable":true,"href":"http:\/\/cordobadirecto.com\/index.php\/wp-json\/wp\/v2\/comments?post=113183"}],"version-history":[{"count":0,"href":"http:\/\/cordobadirecto.com\/index.php\/wp-json\/wp\/v2\/posts\/113183\/revisions"}],"wp:featuredmedia":[{"embeddable":true,"href":"http:\/\/cordobadirecto.com\/index.php\/wp-json\/wp\/v2\/media\/113184"}],"wp:attachment":[{"href":"http:\/\/cordobadirecto.com\/index.php\/wp-json\/wp\/v2\/media?parent=113183"}],"wp:term":[{"taxonomy":"category","embeddable":true,"href":"http:\/\/cordobadirecto.com\/index.php\/wp-json\/wp\/v2\/categories?post=113183"},{"taxonomy":"post_tag","embeddable":true,"href":"http:\/\/cordobadirecto.com\/index.php\/wp-json\/wp\/v2\/tags?post=113183"}],"curies":[{"name":"wp","href":"https:\/\/api.w.org\/{rel}","templated":true}]}}