{"id":113185,"date":"2023-04-30T14:03:37","date_gmt":"2023-04-30T14:03:37","guid":{"rendered":"https:\/\/www.ole.com.ar\/autos\/azebaiyan-checo-perez-formula-1-victoria-gp_0_uIizIt730m.html"},"modified":"2023-04-30T14:03:37","modified_gmt":"2023-04-30T14:03:37","slug":"checo-perez-se-quedo-con-el-gp-de-azerbaiyan","status":"publish","type":"post","link":"http:\/\/cordobadirecto.com\/index.php\/2023\/04\/30\/checo-perez-se-quedo-con-el-gp-de-azerbaiyan\/","title":{"rendered":"Checo P\u00e9rez se qued\u00f3 con el GP de Azerbaiy\u00e1n"},"content":{"rendered":"<p><time class=\"createDate\" datetime=\"2023-04-30T11:03:37-03:00\">30\/04\/2023 11:03hs.<\/time><time class=\"modificatedDate\" datetime=\"2023\/04\/30T11:03:36-03:00\"><\/time><\/p>\n<div id=\"storyBody\">\n<div class=\"custom-text \" readability=\"41\">\n<p>Todo tuyo, Checo.<strong> El piloto mexicano Sergio P\u00e9rez (Red Bull) se qued\u00f3 este domingo con el Gran Premio de Azerbaiy\u00e1n de F\u00f3rmula 1<\/strong>, escoltado por su coequiper y bicampe\u00f3n actual, el neerland\u00e9s Max Verstappen. El podio en el circuito callejero de Bak\u00fa, la cuarta prueba de la temporada, lo complet\u00f3 el monegasco <strong>Charles Leclerc (Ferrari), quien inici\u00f3 la prueba desde la pole position. <\/strong><\/p>\n<\/div>\n<div class=\"sc-996041c8-0 dnrmTT\"><img alt=\"La alegr\u00eda del mexicano (AFP).\" src=\"http:\/\/cordobadirecto.com\/wp-content\/uploads\/2023\/05\/checo-perez-se-quedo-con-el-gp-de-azerbaiyan.jpg\" width=\"72\" height=\"10\" decoding=\"async\" data-nimg=\"future\" loading=\"lazy\"><span>La alegr\u00eda del mexicano (AFP).<\/span><\/div>\n<div class=\"sc-a7166897-0 gOoLzD\" readability=\"6\">\n<section readability=\"2\"><picture><img alt=\"IndyCar: Canapino largar\u00e1 22\u00ba en la carrera del domingo\" src=\"http:\/\/cordobadirecto.com\/wp-content\/uploads\/2023\/05\/checo-perez-se-quedo-con-el-gp-de-azerbaiyan-1.jpg\" width=\"29\" height=\"29\" decoding=\"async\" data-nimg=\"future\" loading=\"lazy\"><\/picture>\n<p><span>Mir\u00e1 tambi\u00e9n<\/span><\/p>\n<hr>\n<h3>IndyCar: Canapino largar\u00e1 22\u00ba en la carrera del domingo<\/h3>\n<\/p>\n<\/section>\n<\/div>\n<div class=\"custom-text \" readability=\"39\">\n<p>La escuder\u00eda Red Bull ratific\u00f3 su absoluto dominio<strong> al repetir el 1-2, como ocurri\u00f3 en los dos primeros GP de 2023 en Bahr\u00e9in y Arabia Saudita.<\/strong> S\u00f3lo parece en discusi\u00f3n el tercer lugar de la parrilla, al que este domingo no pudo subirse el espa\u00f1ol Fe<strong>rnando Alonso (cuarto), quien llegaba con asistencia perfecta en el podio.<\/strong> El equipo austr\u00edaco <strong>suma 180 puntos en la Copa de Constructores <\/strong>y duplica la diferencia de su principal perseguidor, Aston Martin (87). Comienzo abrumador. <\/p>\n<\/div>\n<div class=\"sc-996041c8-0 dnrmTT\"><img alt=\"El podio completo (AFP).\" src=\"http:\/\/cordobadirecto.com\/wp-content\/uploads\/2023\/05\/checo-perez-se-quedo-con-el-gp-de-azerbaiyan-2.jpg\" width=\"72\" height=\"10\" decoding=\"async\" data-nimg=\"future\" loading=\"lazy\"><span>El podio completo (AFP).<\/span><\/div>\n<div class=\"custom-text \" readability=\"45\">\n<p>Leclerc perdi\u00f3 la punta en la cuarta vuelta a manos de Verstappen, quien luego de una entrada a boxes y la aparici\u00f3n del auto de seguridad, le cedi\u00f3 definitivamente el control de la carrera al mexicano.<strong> P\u00e9rez, tambi\u00e9n vencedor del sprint del s\u00e1bado, obtuvo su sexta victoria en la F\u00f3rmula 1, quinta sobre callejeros<\/strong>. Fue su segundo \u00e9xito en Bak\u00fa, que se a\u00f1ade a sus festejos en los callejeros de Sakhir, M\u00f3naco y Singapur. El piloto de Guadalajara es escolta en el Mundial con 87 unidades, seis menos que <strong>Verstappen, quien se march\u00f3 sin poder ganar la clasificaci\u00f3n, la carrera corta ni el GP. <\/strong><\/p>\n<\/div>\n<div class=\"sc-996041c8-0 dnrmTT\"><img alt=\"Red Bull hizo el 1-2 (AFP). \" src=\"http:\/\/cordobadirecto.com\/wp-content\/uploads\/2023\/05\/checo-perez-se-quedo-con-el-gp-de-azerbaiyan-3.jpg\" width=\"72\" height=\"10\" decoding=\"async\" data-nimg=\"future\" loading=\"lazy\"><span>Red Bull hizo el 1-2 (AFP). <\/span><\/div>\n<div class=\"sc-a7166897-0 gOoLzD\" readability=\"6\">\n<section readability=\"2\"><picture><img alt=\"Pechito L\u00f3pez y una gran victoria en Spa\" src=\"http:\/\/cordobadirecto.com\/wp-content\/uploads\/2023\/05\/checo-perez-se-quedo-con-el-gp-de-azerbaiyan-4.jpg\" width=\"29\" height=\"29\" decoding=\"async\" data-nimg=\"future\" loading=\"lazy\"><\/picture>\n<p><span>Mir\u00e1 tambi\u00e9n<\/span><\/p>\n<hr>\n<h3>Pechito L\u00f3pez y una gran victoria en Spa<\/h3>\n<\/p>\n<\/section>\n<\/div>\n<div class=\"custom-text \" readability=\"38\">\n<p><strong>Las posiciones con puntuaci\u00f3n en Azerbaiy\u00e1n<\/strong> las completaron el espa\u00f1ol Carlos Sainz (Ferrari), el brit\u00e1nico Lewis Hamilton (Mercedes), el canadiense Lance Stroll (Aston Martin), los brit\u00e1nicos George Russel (Mercedes) y Lando Norris (Mc Laren) y el japon\u00e9s Yuki Tsunoda (AlphaTauri) entre el quinto y d\u00e9cimo lugar. <\/p>\n<\/div>\n<div class=\"custom-text \" readability=\"40\">\n<p><strong>M\u00e1s atr\u00e1s ingresaron<\/strong> el australiano Oscar Piastri (McLaren), el tailand\u00e9s Alexander Albon (Williams), el dan\u00e9s Kevin Magnussen (Haas), los franceses de Alpine Pierre Gasly y Esteban Ocon, el estadounidense Logan Sargeant (Williams), el alem\u00e1n Nico Hulkenberg (Haas) y el finland\u00e9s Valtteri Bottas (Alfa Romeo). <\/p>\n<\/div>\n<div class=\"custom-text \" readability=\"33\">\n<p><strong>La F\u00f3rmula 1 se mudar\u00e1 el pr\u00f3ximo fin de semana a Miami <\/strong>para la disputa de la quinta fecha en el circuito semipermanente de esa ciudad del estado de La Florida.<\/p>\n<\/div>\n<p><h2><strong>CAMPEONATO DE PILOTOS<\/strong><\/h2>\n<\/p>\n<div class=\"sc-996041c8-0 dnrmTT\"><img alt=\"Red Bull, firme en este arranque (REUTER). \" src=\"http:\/\/cordobadirecto.com\/wp-content\/uploads\/2023\/05\/checo-perez-se-quedo-con-el-gp-de-azerbaiyan-5.jpg\" width=\"72\" height=\"10\" decoding=\"async\" data-nimg=\"future\" loading=\"lazy\"><span>Red Bull, firme en este arranque (REUTER). <\/span><\/div>\n<div class=\"custom-text \" readability=\"42\">\n<p><strong>Principales posiciones:<\/strong> Verstappen 93, P\u00e9rez 87, Alonso 60, Hamilton 48, Sainz 34, Leclerc 28, Russell 28, Stroll 27, Norris 10, Hulkenberg 6.<\/p>\n<\/div>\n<\/div>\n","protected":false},"excerpt":{"rendered":"<p>30\/04\/2023 11:03hs. Todo tuyo, Checo. El piloto mexicano Sergio P\u00e9rez (Red Bull) se qued\u00f3 este domingo con el Gran Premio de Azerbaiy\u00e1n de F\u00f3rmula 1, escoltado por su coequiper y bicampe\u00f3n actual, el neerland\u00e9s Max Verstappen. El podio en el circuito callejero de Bak\u00fa, la cuarta prueba de la temporada, lo complet\u00f3 el monegasco Charles [&hellip;]<\/p>\n","protected":false},"author":1,"featured_media":113186,"comment_status":"closed","ping_status":"closed","sticky":false,"template":"","format":"standard","meta":[],"categories":[21],"tags":[],"_links":{"self":[{"href":"http:\/\/cordobadirecto.com\/index.php\/wp-json\/wp\/v2\/posts\/113185"}],"collection":[{"href":"http:\/\/cordobadirecto.com\/index.php\/wp-json\/wp\/v2\/posts"}],"about":[{"href":"http:\/\/cordobadirecto.com\/index.php\/wp-json\/wp\/v2\/types\/post"}],"author":[{"embeddable":true,"href":"http:\/\/cordobadirecto.com\/index.php\/wp-json\/wp\/v2\/users\/1"}],"replies":[{"embeddable":true,"href":"http:\/\/cordobadirecto.com\/index.php\/wp-json\/wp\/v2\/comments?post=113185"}],"version-history":[{"count":0,"href":"http:\/\/cordobadirecto.com\/index.php\/wp-json\/wp\/v2\/posts\/113185\/revisions"}],"wp:featuredmedia":[{"embeddable":true,"href":"http:\/\/cordobadirecto.com\/index.php\/wp-json\/wp\/v2\/media\/113186"}],"wp:attachment":[{"href":"http:\/\/cordobadirecto.com\/index.php\/wp-json\/wp\/v2\/media?parent=113185"}],"wp:term":[{"taxonomy":"category","embeddable":true,"href":"http:\/\/cordobadirecto.com\/index.php\/wp-json\/wp\/v2\/categories?post=113185"},{"taxonomy":"post_tag","embeddable":true,"href":"http:\/\/cordobadirecto.com\/index.php\/wp-json\/wp\/v2\/tags?post=113185"}],"curies":[{"name":"wp","href":"https:\/\/api.w.org\/{rel}","templated":true}]}}