{"id":113357,"date":"2023-04-29T14:09:41","date_gmt":"2023-04-29T14:09:41","guid":{"rendered":"https:\/\/www.ole.com.ar\/autos\/checo-perez-triunfo-sprint-formula1_0_v61UX9QjEw.html"},"modified":"2023-04-29T14:09:41","modified_gmt":"2023-04-29T14:09:41","slug":"formula-1-checo-perez-se-quedo-con-el-sprint","status":"publish","type":"post","link":"http:\/\/cordobadirecto.com\/index.php\/2023\/04\/29\/formula-1-checo-perez-se-quedo-con-el-sprint\/","title":{"rendered":"F\u00f3rmula 1: Checo P\u00e9rez se qued\u00f3 con el Sprint"},"content":{"rendered":"<p><time class=\"createDate\" datetime=\"2023-04-29T11:09:41-03:00\">29\/04\/2023 11:09hs.<\/time><time class=\"modificatedDate\" datetime=\"2023\/04\/29T11:33:08-03:00\"> Actualizado al 29\/04\/2023 11:33hs.<\/time><\/p>\n<div id=\"storyBody\">\n<div class=\"custom-text \" readability=\"38\">\n<p><strong>Sergio P\u00e9rez<\/strong> es el rey de los circuitos callejeros. Se siente m\u00e1s c\u00f3modo que la mayor\u00eda de los pilotos que suelen cuidar un poco m\u00e1s de la cuenta para evitar tocarse contra los muros. Y, en ese sentido, ni siquiera el hecho de haber largado segundo le impidi\u00f3<strong> quedarse con la victoria en el Sprint del Gran Premio de Bak\u00fa<\/strong>, donde se llev\u00f3 la primera alegr\u00eda del fin de semana.<\/p>\n<\/div>\n<div class=\"sc-996041c8-0 dnrmTT\"><img alt=\"As\u00ed qued\u00f3 el podio del Sprint. (AP)\" src=\"http:\/\/cordobadirecto.com\/wp-content\/uploads\/2023\/05\/formula-1-checo-perez-se-quedo-con-el-sprint.jpg\" width=\"72\" height=\"10\" decoding=\"async\" data-nimg=\"future\" loading=\"lazy\"><span>As\u00ed qued\u00f3 el podio del Sprint. (AP)<\/span><\/div>\n<div class=\"custom-text \" readability=\"37\">\n<p>Despu\u00e9s de una largada accidentada en la que George Russell no le dej\u00f3 el espacio a Max Verstappen y termin\u00f3 con parte del auto del neerland\u00e9s roto, la gran atracci\u00f3n de esta <em>minicarrera <\/em>del s\u00e1bado estuvo en las dos primeras posiciones. Es que Checo apret\u00f3 y apret\u00f3 a un Leclerc que se defendi\u00f3 hasta donde pudo. Sin embargo, <strong>la degradaci\u00f3n de los neum\u00e1ticos y el DRS impuesto por el mexicano en la recta principal fueron demasiado para la resistencia ofrecida por el monegasco.<\/strong><\/p>\n<\/div>\n<div class=\"sc-a7166897-0 gOoLzD\" readability=\"6.5\">\n<section readability=\"3\"><picture><img alt=\"M\u00e1xima expectativa para el TC: horarios y TV de una carrera especial por los 170 a\u00f1os de la Constituci\u00f3n Nacional\" src=\"http:\/\/cordobadirecto.com\/wp-content\/uploads\/2023\/05\/formula-1-checo-perez-se-quedo-con-el-sprint-1.jpg\" width=\"29\" height=\"29\" decoding=\"async\" data-nimg=\"future\" loading=\"lazy\"><\/picture>\n<p><span>Mir\u00e1 tambi\u00e9n<\/span><\/p>\n<hr>\n<h3>M\u00e1xima expectativa para el TC: horarios y TV de una carrera especial por los 170 a\u00f1os de la Constituci\u00f3n Nacional<\/h3>\n<\/p>\n<\/section>\n<\/div>\n<div class=\"custom-text \" readability=\"42\">\n<p>Desde entonces, ya con aire limpio, P\u00e9rez manej\u00f3 a su gusto y sac\u00f3 demasiada diferencia adelante con respecto a sus rivales. Incluso, se llev\u00f3 el r\u00e9cord de vuelta. &#8220;Hab\u00eda mucha presi\u00f3n para todo. <strong>El objetivo era sacar los puntos m\u00e1ximos y lo consegu\u00ed<\/strong>. En la carrera vamos a estar con m\u00e1s combustible, ser\u00e1 distinto, pero esto sirve de aprendizaje. Intentar\u00e9 luchar por la victoria&#8221;, sentenci\u00f3 Checo, quien sum\u00f3 su primer \u00e9xito en un Sprint.<\/p>\n<\/div>\n<div class=\"sc-996041c8-0 dnrmTT\"><img alt=\"Saluda Checo, ganador en Bak\u00fa. (AFP)\" src=\"http:\/\/cordobadirecto.com\/wp-content\/uploads\/2023\/05\/formula-1-checo-perez-se-quedo-con-el-sprint-2.jpg\" width=\"72\" height=\"10\" decoding=\"async\" data-nimg=\"future\" loading=\"lazy\"><span>Saluda Checo, ganador en Bak\u00fa. (AFP)<\/span><\/div>\n<div class=\"custom-text \" readability=\"41\">\n<p>Por su parte, el l\u00edder del campeonato, que se mostr\u00f3 molesto por el incidente con el brit\u00e1nico, afirm\u00f3 -decepcionado-: &#8220;Est\u00e1 bien. No entiendo porqu\u00e9 se toma tanto riesgo en la vuelta 1, hay que mirar un poco las <em>onboard<\/em>, pero no tiene sentido discutir eso ahora. <strong>Fui tercero, saqu\u00e9 buenos puntos y listo. Hay que enfocarse en la final<\/strong>&#8220;.<\/p>\n<\/div>\n<div class=\"custom-text \" readability=\"37\">\n<p>En tanto, Leclerc dijo: &#8220;No podemos cambiar el auto, aunque podemos trabajar un poco para ma\u00f1ana. Confirmamos que Red Bull tienen un potencial muy grande, pero nosotros mejoramos el ritmo con respecto al comienzo del a\u00f1o. <strong>Estoy contento con el segundo puesto<\/strong>&#8220;.<\/p>\n<\/div>\n<div class=\"sc-996041c8-0 dnrmTT\"><img alt=\"Max se retir\u00f3 enojado del circuito. (Reuters)\" src=\"http:\/\/cordobadirecto.com\/wp-content\/uploads\/2023\/05\/formula-1-checo-perez-se-quedo-con-el-sprint-3.jpg\" width=\"72\" height=\"10\" decoding=\"async\" data-nimg=\"future\" loading=\"lazy\"><span>Max se retir\u00f3 enojado del circuito. (Reuters)<\/span><\/div>\n<p><h2><strong>\u00bfC\u00f3mo sigue el fin de semana?<\/strong><\/h2>\n<\/p>\n<div class=\"custom-text \" readability=\"34\">\n<p>El domingo finalizar\u00e1 la actividad a orillas del Mar Caspio con la gran final, que se correr\u00e1 desde las 8 con transmisi\u00f3n de <strong>Star+.<\/strong><\/p>\n<\/div>\n<p><h2><strong>\u00bfC\u00f3mo qued\u00f3 parcialmente la tabla de posiciones?<\/strong><\/h2>\n<\/p>\n<div class=\"custom-text \" readability=\"37\">\n<p>Checo pudo descontarle dos puntos a Verstappen y, por ende, ahora la diferencia es de 75 contra 62 a favor del bicampe\u00f3n. Luego, Alonso sum\u00f3 dos unidades para mantenerse en la tercera posici\u00f3n con 47.<\/p>\n<\/div>\n<div class=\"sc-a7166897-0 gOoLzD\" readability=\"6\">\n<section readability=\"2\"><picture><img alt=\"IndyCar: Canapino tuvo su primera experiencia en Barber\" src=\"http:\/\/cordobadirecto.com\/wp-content\/uploads\/2023\/05\/formula-1-checo-perez-se-quedo-con-el-sprint-4.jpg\" width=\"29\" height=\"29\" decoding=\"async\" data-nimg=\"future\" loading=\"lazy\"><\/picture>\n<p><span>Mir\u00e1 tambi\u00e9n<\/span><\/p>\n<hr>\n<h3>IndyCar: Canapino tuvo su primera experiencia en Barber<\/h3>\n<\/p>\n<\/section>\n<\/div>\n<p><h2><strong>As\u00ed se larga la carrera<\/strong><\/h2>\n<\/p>\n<div class=\"custom-text \" readability=\"39\">\n<p>M\u00e1s all\u00e1 de lo ocurrido en el Sprint, habr\u00e1 otra formaci\u00f3n de largada en la carrera. Leclerc y Verstappen compartir\u00e1n la primera fila de partida, mientras que P\u00e9rez y Carlos Sainz saldr\u00e1n de la tercera y cuarta posici\u00f3n. Luego, vienen Lewis Hamilton y Fernando Alonso, en un duelo de campeones.<\/p>\n<\/div>\n<div class=\"sc-a7166897-0 gOoLzD\" readability=\"6.5\">\n<section readability=\"3\"><picture><img alt=\"S\u00e1bado de choques: uno m\u00faltiple de siete autos en la F2 y otro contra el muro en el WEC\" src=\"http:\/\/cordobadirecto.com\/wp-content\/uploads\/2023\/05\/formula-1-checo-perez-se-quedo-con-el-sprint-5.jpg\" width=\"29\" height=\"29\" decoding=\"async\" data-nimg=\"future\" loading=\"lazy\"><\/picture>\n<p><span>Mir\u00e1 tambi\u00e9n<\/span><\/p>\n<hr>\n<h3>S\u00e1bado de choques: uno m\u00faltiple de siete autos en la F2 y otro contra el muro en el WEC<\/h3>\n<\/p>\n<\/section>\n<\/div>\n<\/div>\n","protected":false},"excerpt":{"rendered":"<p>29\/04\/2023 11:09hs. Actualizado al 29\/04\/2023 11:33hs. Sergio P\u00e9rez es el rey de los circuitos callejeros. Se siente m\u00e1s c\u00f3modo que la mayor\u00eda de los pilotos que suelen cuidar un poco m\u00e1s de la cuenta para evitar tocarse contra los muros. Y, en ese sentido, ni siquiera el hecho de haber largado segundo le impidi\u00f3 quedarse [&hellip;]<\/p>\n","protected":false},"author":1,"featured_media":113358,"comment_status":"closed","ping_status":"closed","sticky":false,"template":"","format":"standard","meta":[],"categories":[21],"tags":[],"_links":{"self":[{"href":"http:\/\/cordobadirecto.com\/index.php\/wp-json\/wp\/v2\/posts\/113357"}],"collection":[{"href":"http:\/\/cordobadirecto.com\/index.php\/wp-json\/wp\/v2\/posts"}],"about":[{"href":"http:\/\/cordobadirecto.com\/index.php\/wp-json\/wp\/v2\/types\/post"}],"author":[{"embeddable":true,"href":"http:\/\/cordobadirecto.com\/index.php\/wp-json\/wp\/v2\/users\/1"}],"replies":[{"embeddable":true,"href":"http:\/\/cordobadirecto.com\/index.php\/wp-json\/wp\/v2\/comments?post=113357"}],"version-history":[{"count":0,"href":"http:\/\/cordobadirecto.com\/index.php\/wp-json\/wp\/v2\/posts\/113357\/revisions"}],"wp:featuredmedia":[{"embeddable":true,"href":"http:\/\/cordobadirecto.com\/index.php\/wp-json\/wp\/v2\/media\/113358"}],"wp:attachment":[{"href":"http:\/\/cordobadirecto.com\/index.php\/wp-json\/wp\/v2\/media?parent=113357"}],"wp:term":[{"taxonomy":"category","embeddable":true,"href":"http:\/\/cordobadirecto.com\/index.php\/wp-json\/wp\/v2\/categories?post=113357"},{"taxonomy":"post_tag","embeddable":true,"href":"http:\/\/cordobadirecto.com\/index.php\/wp-json\/wp\/v2\/tags?post=113357"}],"curies":[{"name":"wp","href":"https:\/\/api.w.org\/{rel}","templated":true}]}}