{"id":113494,"date":"2023-04-30T12:45:00","date_gmt":"2023-04-30T12:45:00","guid":{"rendered":"https:\/\/notepeines.com.ar\/?p=1752"},"modified":"2023-04-30T12:45:00","modified_gmt":"2023-04-30T12:45:00","slug":"napoli-33-anos-despues-los-freneticos-anos-de-maradona-en-italia","status":"publish","type":"post","link":"http:\/\/cordobadirecto.com\/index.php\/2023\/04\/30\/napoli-33-anos-despues-los-freneticos-anos-de-maradona-en-italia\/","title":{"rendered":"Napoli, 33 a\u00f1os despu\u00e9s: los fren\u00e9ticos a\u00f1os de Maradona en Italia"},"content":{"rendered":"<p>Para Ver<\/p>\n<p>Napoli, 33 a\u00f1os despu\u00e9s: los fren\u00e9ticos a\u00f1os de Maradona en Italia<\/p>\n<p><em>El Sur del pa\u00eds enloquece con su primer t\u00edtulo post-Diego. Por eso, ofrecemos el documental de Asif Kapadia, que refleja c\u00f3mo se vivieron sus seis temporadas all\u00ed.<\/em><\/p>\n<p>En su momento, no le gust\u00f3 la traducci\u00f3n de \u201cestafador\u201d que llevaba el nombre de la pieza que realiz\u00f3 el reconocido director brit\u00e1nico, y por eso no apareci\u00f3 en la versi\u00f3n argentina de \u201c<em>Maradona, Rebelde,&nbsp;H\u00e9roe, Dios<\/em>\u201d. En realidad, el concepto apuntaba a su arte por el enga\u00f1o.<\/p>\n<p>Fue uno de los mejores documentales estrenado con el mejor jugador de todos los tiempos en vida. Se conoci\u00f3 poco tiempo antes de su muerte.<\/p>\n<p>Y ahora que N\u00e1poles vuelve a celebrar con el f\u00fatbol, en este caso con el equipo de Luciano Spaletti y \u00abKvaradona\u00bb, este trabajo toma vida nuevamente.<\/p>\n<figure class=\"wp-block-embed is-type-rich is-provider-soundcloud wp-block-embed-soundcloud\"><\/figure>\n<p>Treinta y tres a\u00f1os despu\u00e9s de su \u00faltimo campeonato, nuevamente festeja. La temporada 1989\/90, claro, lo tuvo a D10s de protagonista.<\/p>\n<p>Este material lanzado en 2019, no s\u00f3lo se meti\u00f3 de lleno en los a\u00f1os en los que la imagen (real y simb\u00f3lica) de un Maradona ecum\u00e9nico se construy\u00f3 por completo, sino que gran parte de las dos horas que dura es in\u00e9dito.<\/p>\n<p>S\u00ed, como un nuevo pozo petrolero en el desierto, siguieron apareciendo im\u00e1genes nuevas de Diego.<\/p>\n<p>El gestor de que hayan estado fue el primer representante de Diego, Jorge Cysterpiller, quien durante el Mundial Juvenil de Jap\u00f3n, en 1979, aprovech\u00f3 para comprar una c\u00e1mara de v\u00eddeo profesional. \u201cAlgo hab\u00eda\u201d en ese Cebollita.<\/p>\n<p>Despu\u00e9s contrat\u00f3 a tiempo completo al camar\u00f3grafo profesional Juan Carlos Laburu, quien lo sigui\u00f3 a sol y a sombra en Argentina, luego en Barcelona y m\u00e1s tarde en N\u00e1poles.<\/p>\n<p>De ah\u00ed surgen. Muchas de ellas el trabajador las guardaba celosamente, jubilado en el sur italiano. A otras las ten\u00eda Claudia Villafa\u00f1e, y la negociaci\u00f3n para poder tenerlas, recuperarlas (casi treinta a\u00f1os despu\u00e9s) y digitalizarlas, no fue sencillo.<\/p>\n<p>A partir de all\u00ed Kapadia, documentalista tambi\u00e9n de las vidas de Amy&nbsp;Winehouse y Ayrton Senna, construy\u00f3 el material, que no tiene relato narrativo sino ambiente. \u00a1Gol!<\/p>\n<figure class=\"wp-block-image size-large\"><img loading=\"lazy\" width=\"1024\" height=\"682\" src=\"http:\/\/cordobadirecto.com\/wp-content\/uploads\/2023\/05\/napoli-33-anos-despues-los-freneticos-anos-de-maradona-en-italia.jpg\" alt class=\"wp-image-1756\" srcset=\"http:\/\/cordobadirecto.com\/wp-content\/uploads\/2023\/05\/napoli-33-anos-despues-los-freneticos-anos-de-maradona-en-italia.jpg 1024w, http:\/\/cordobadirecto.com\/wp-content\/uploads\/2023\/05\/napoli-33-anos-despues-los-freneticos-anos-de-maradona-en-italia-1.jpg 300w, http:\/\/cordobadirecto.com\/wp-content\/uploads\/2023\/05\/napoli-33-anos-despues-los-freneticos-anos-de-maradona-en-italia-2.jpg 768w, http:\/\/cordobadirecto.com\/wp-content\/uploads\/2023\/05\/napoli-33-anos-despues-los-freneticos-anos-de-maradona-en-italia-3.jpg 1536w, http:\/\/cordobadirecto.com\/wp-content\/uploads\/2023\/05\/napoli-33-anos-despues-los-freneticos-anos-de-maradona-en-italia-4.jpg 2000w\" sizes=\"(max-width: 1024px) 100vw, 1024px\"><\/figure>\n<p>Logr\u00f3 tocar fibras \u00edntimas fuera del terreno con \u2018Diego\u2019: joven, aut\u00e9ntico e imantador, que llega a N\u00e1poles y cumple todos sus sue\u00f1os: \u201chacer rico al sur pobre\u201d y levantar la Copa del Mundo.<\/p>\n<p>Despu\u00e9s, en una simbolog\u00eda que realiz\u00f3 el preparador f\u00edsico Fernando Signorini, aparece \u2018Maradona\u2019, la figura. El de los enojos y excesos, pero as\u00ed y todo subcampe\u00f3n en las mism\u00edsimas tierras italianas y ganador del segundo scudetto.<\/p>\n<p>Se sabe, entre 1984 y 1991 N\u00e1poles se vio revolucionada. Y un ser humano no pod\u00eda caminar por sus calles.<\/p>\n<p>El surgimiento del esc\u00e1ndalo de Diego Maradona Junior construye el presente del hijo que termin\u00f3 reconociendo. El doping y un escape de madrugada de la tierra en la que obtuvo todo en lo deportivo est\u00e1n incluidos, adem\u00e1s de una Navidad interminable.<\/p>\n<p>Maradonianos, preparen lagrimales.<\/p>\n<figure class=\"wp-block-embed is-type-video is-provider-youtube wp-block-embed-youtube wp-embed-aspect-16-9 wp-has-aspect-ratio\">\n<p>\n<iframe loading=\"lazy\" title=\"MARADONA DOCUMENTAL HBO! sub espa\u00f1ol\u2705HD\ud83d\udc48\ud83c\udffc\ud83d\uded1\u26bd\ufe0f\" width=\"500\" height=\"281\" src=\"https:\/\/www.youtube.com\/embed\/yMQyQRw1Bbc?feature=oembed\" frameborder=\"0\" allow=\"accelerometer; autoplay; clipboard-write; encrypted-media; gyroscope; picture-in-picture; web-share\" allowfullscreen>[embedded content]<\/iframe>\n<\/p>\n<\/figure>\n","protected":false},"excerpt":{"rendered":"<p>Para Ver Napoli, 33 a\u00f1os despu\u00e9s: los fren\u00e9ticos a\u00f1os de Maradona en Italia El Sur del pa\u00eds enloquece con su primer t\u00edtulo post-Diego. Por eso, ofrecemos el documental de Asif Kapadia, que refleja c\u00f3mo se vivieron sus seis temporadas all\u00ed. En su momento, no le gust\u00f3 la traducci\u00f3n de \u201cestafador\u201d que llevaba el nombre de [&hellip;]<\/p>\n","protected":false},"author":1,"featured_media":113495,"comment_status":"open","ping_status":"closed","sticky":false,"template":"","format":"standard","meta":[],"categories":[19],"tags":[],"_links":{"self":[{"href":"http:\/\/cordobadirecto.com\/index.php\/wp-json\/wp\/v2\/posts\/113494"}],"collection":[{"href":"http:\/\/cordobadirecto.com\/index.php\/wp-json\/wp\/v2\/posts"}],"about":[{"href":"http:\/\/cordobadirecto.com\/index.php\/wp-json\/wp\/v2\/types\/post"}],"author":[{"embeddable":true,"href":"http:\/\/cordobadirecto.com\/index.php\/wp-json\/wp\/v2\/users\/1"}],"replies":[{"embeddable":true,"href":"http:\/\/cordobadirecto.com\/index.php\/wp-json\/wp\/v2\/comments?post=113494"}],"version-history":[{"count":0,"href":"http:\/\/cordobadirecto.com\/index.php\/wp-json\/wp\/v2\/posts\/113494\/revisions"}],"wp:featuredmedia":[{"embeddable":true,"href":"http:\/\/cordobadirecto.com\/index.php\/wp-json\/wp\/v2\/media\/113495"}],"wp:attachment":[{"href":"http:\/\/cordobadirecto.com\/index.php\/wp-json\/wp\/v2\/media?parent=113494"}],"wp:term":[{"taxonomy":"category","embeddable":true,"href":"http:\/\/cordobadirecto.com\/index.php\/wp-json\/wp\/v2\/categories?post=113494"},{"taxonomy":"post_tag","embeddable":true,"href":"http:\/\/cordobadirecto.com\/index.php\/wp-json\/wp\/v2\/tags?post=113494"}],"curies":[{"name":"wp","href":"https:\/\/api.w.org\/{rel}","templated":true}]}}