{"id":1142,"date":"2021-02-07T13:22:21","date_gmt":"2021-02-07T13:22:21","guid":{"rendered":"http:\/\/cordobadirecto.com\/index.php\/2021\/02\/07\/fernandez-amenazo-al-campo-con-subir-las-retenciones\/"},"modified":"2021-02-07T13:22:21","modified_gmt":"2021-02-07T13:22:21","slug":"fernandez-amenazo-al-campo-con-subir-las-retenciones","status":"publish","type":"post","link":"http:\/\/cordobadirecto.com\/index.php\/2021\/02\/07\/fernandez-amenazo-al-campo-con-subir-las-retenciones\/","title":{"rendered":"Fern\u00e1ndez amenaz\u00f3 al campo con subir las retenciones"},"content":{"rendered":"<div><img src=\"http:\/\/cordobadirecto.com\/wp-content\/uploads\/2021\/02\/fernandez-amenazo-al-campo-con-subir-las-retenciones.jpg\" class=\"ff-og-image-inserted\"><\/div>\n<p>El presidente Alberto Fern\u00e1ndez advirti\u00f3 que el Gobierno podr\u00eda &#8220;subir las retenciones o poner cupos&#8221; si los exportadores de alimentos trasladan a sus productos &#8220;los precios internacionales&#8221;, y afirm\u00f3 que esto no significa que su administraci\u00f3n est\u00e9 &#8220;contra el campo&#8221;, sino &#8220;a favor de la mesa de los argentinos&#8221;.<\/p>\n<p>En una entrevista con P\u00e1gina\/12, publicada este domingo, el mandatario ejemplific\u00f3 con el caso de la carne al se\u00f1alar que antes &#8220;China era un pa\u00eds que solo importaba carne envasada y hab\u00eda un n\u00famero limitado de frigor\u00edficos que ten\u00edan capacidad de exportar&#8221; y &#8220;ahora decidi\u00f3 importar carne con hueso, medias reses&#8221;.<\/p>\n<blockquote readability=\"9\">\n<p>En ese marco, Fern\u00e1ndez a\u00f1adi\u00f3: &#8220;El productor de carne tiene la posibilidad de vend\u00e9rsela al carnicero o vend\u00e9rsela a China a un precio enorme. Yo necesito que ellos exporten porque necesito d\u00f3lares que entren. Pero lo que no pueden es trasladar a los argentinos los precios internacionales porque no producen en precios internacionales. Ellos no producen en d\u00f3lares&#8221;.<\/p>\n<\/blockquote>\n<p>Ante este escenario, dej\u00f3 en claro que &#8220;el Estado s\u00f3lo tiene dos canales para resolver el problema, dos herramientas que preferir\u00eda no usar: subir las retenciones o poner cupos, decir esto no se exporta. Y no hay mucho m\u00e1s tiempo para que decidan&#8221;.<\/p>\n<div class=\"block-ad-node\">\n<div>\n<p> <span>Publicidad<\/span> <\/p>\n<\/div>\n<\/div>\n<p>&#8220;Yo les pido que comprendan de lo que estoy hablando y que la gente me entienda. Cuando estoy hablando de estas cosas no estoy contra el campo, estoy a favor de la mesa de los argentinos&#8221;, remarc\u00f3 el Presidente en la entrevista, tras lo cual pidi\u00f3 al sector del agro &#8220;entender que son parte de la Argentina&#8221;.<\/p>\n<p>En ese sentido, Fern\u00e1ndez agreg\u00f3: &#8220;Yo le he dicho al ministro de Agricultura que todo tiene un punto l\u00edmite. Les estoy diciendo p\u00fablicamente que no puedo dejar que esto siga pasando, porque el riesgo es que con la pandemia todos estos productos van a seguir creciendo en su precio y no estamos dispuestos a tolerarlo&#8221;.<\/p>\n<p>En contraposici\u00f3n con el sector de la carne, el mandatario afirm\u00f3 que &#8220;los aceiteros lo entendieron y organizaron un fideicomiso, resolvieron un mecanismo de compensaci\u00f3n entre ellos&#8221;.<\/p>\n<blockquote readability=\"8\">\n<p>Por lo tanto, advirti\u00f3: &#8220;Si no lo entienden, me obligan a resolver el problema y no pueden hacerse los desentendidos&#8221;.<\/p>\n<\/blockquote>\n<p>&#8220;A m\u00ed me votaron para ejercer el poder cuando tengo que ejercerlo. No se puede especular en este contexto, no tienen derecho a lastimar la tranquilidad de la gente&#8221;, asever\u00f3 el jefe de Estado.<\/p>\n<div class=\"block-ad-node\">\n<div>\n<p> <span>Publicidad<\/span> <\/p>\n<\/div>\n<\/div>\n<p>Consultado sobre si las peque\u00f1as devaluaciones mensuales que est\u00e1 sufriendo el peso no tienen que ver con la suba de precios de los alimentos, respondi\u00f3: &#8220;Se lo pregunt\u00e9 a (el ministro de Econom\u00eda) Mart\u00edn Guzm\u00e1n y \u00e9l dice que no, que es una forma de mantener el tipo de cambio equilibrado que ha funcionado bien&#8221;.<\/p>\n<p>Y ante la pregunta de si cre\u00eda que la inflaci\u00f3n es responsabilidad de la especulaci\u00f3n, se\u00f1al\u00f3: &#8220;S\u00ed. Y ya lo saben. Estoy feliz de que podamos exportar, pero no puedo entender c\u00f3mo puede ser que los argentinos convirtamos una oportunidad en un problema&#8221;.<\/p>\n<div class=\"ctaNewsNotaContainer\" readability=\"6.5\">\n<div class=\"newsletterTextContainer\" readability=\"33\">\n<p> S\u00cdNTESIS POL\u00cdTICA<\/p>\n<p> Informaci\u00f3n exclusiva y el mejor an\u00e1lisis, los lunes en tu correo.<\/p>\n<form method=\"post\" action-xhr=\"https:\/\/www.lavoz.com.ar\/newsletters\/sintesis-politica\/signup\" id=\"newsletter-signup\" class=\"newsletterForm\" target=\"_blank\" custom-validation-reporting=\"as-you-go\" on=\"submit:AMP.setState({formLoading:true});submit-success:AMP.setState({formSuccess:true})\">\n<div submit-success class=\"is-paddingless-l\" readability=\"6\"> <template type=\"amp-mustache\" readability=\"2\"><\/p>\n<p> <strong>\u00a1Gracias por suscribirte!<\/strong><\/p>\n<p> <\/template><\/div>\n<div submit-error class=\"is-paddingless-l\" readability=\"6.5\"> <template type=\"amp-mustache\" readability=\"3\"><\/p>\n<p> <strong>Ha ocurrido un error, por favor intente nuevamente m\u00e1s tarde.<\/strong><\/p>\n<p> <\/template><\/div>\n<\/form>\n<\/div>\n<\/div>\n<div>\n<p> <span>Publicidad<\/span> <\/p>\n<\/div>\n","protected":false},"excerpt":{"rendered":"<p>El presidente Alberto Fern\u00e1ndez advirti\u00f3 que el Gobierno podr\u00eda &#8220;subir las retenciones o poner cupos&#8221; si los exportadores de alimentos trasladan a sus productos &#8220;los precios internacionales&#8221;, y afirm\u00f3 que esto no significa que su administraci\u00f3n est\u00e9 &#8220;contra el campo&#8221;, sino &#8220;a favor de la mesa de los argentinos&#8221;. En una entrevista con P\u00e1gina\/12, publicada [&hellip;]<\/p>\n","protected":false},"author":1,"featured_media":1143,"comment_status":"closed","ping_status":"closed","sticky":false,"template":"","format":"standard","meta":[],"categories":[23],"tags":[],"_links":{"self":[{"href":"http:\/\/cordobadirecto.com\/index.php\/wp-json\/wp\/v2\/posts\/1142"}],"collection":[{"href":"http:\/\/cordobadirecto.com\/index.php\/wp-json\/wp\/v2\/posts"}],"about":[{"href":"http:\/\/cordobadirecto.com\/index.php\/wp-json\/wp\/v2\/types\/post"}],"author":[{"embeddable":true,"href":"http:\/\/cordobadirecto.com\/index.php\/wp-json\/wp\/v2\/users\/1"}],"replies":[{"embeddable":true,"href":"http:\/\/cordobadirecto.com\/index.php\/wp-json\/wp\/v2\/comments?post=1142"}],"version-history":[{"count":0,"href":"http:\/\/cordobadirecto.com\/index.php\/wp-json\/wp\/v2\/posts\/1142\/revisions"}],"wp:featuredmedia":[{"embeddable":true,"href":"http:\/\/cordobadirecto.com\/index.php\/wp-json\/wp\/v2\/media\/1143"}],"wp:attachment":[{"href":"http:\/\/cordobadirecto.com\/index.php\/wp-json\/wp\/v2\/media?parent=1142"}],"wp:term":[{"taxonomy":"category","embeddable":true,"href":"http:\/\/cordobadirecto.com\/index.php\/wp-json\/wp\/v2\/categories?post=1142"},{"taxonomy":"post_tag","embeddable":true,"href":"http:\/\/cordobadirecto.com\/index.php\/wp-json\/wp\/v2\/tags?post=1142"}],"curies":[{"name":"wp","href":"https:\/\/api.w.org\/{rel}","templated":true}]}}