{"id":116854,"date":"2023-05-26T11:42:54","date_gmt":"2023-05-26T11:42:54","guid":{"rendered":"http:\/\/cordobadirecto.com\/index.php\/2023\/05\/26\/se-apago-definitivamente-la-lejana-pero-esencial-voz-de-daniel-toro\/"},"modified":"2023-05-26T11:42:54","modified_gmt":"2023-05-26T11:42:54","slug":"se-apago-definitivamente-la-lejana-pero-esencial-voz-de-daniel-toro","status":"publish","type":"post","link":"http:\/\/cordobadirecto.com\/index.php\/2023\/05\/26\/se-apago-definitivamente-la-lejana-pero-esencial-voz-de-daniel-toro\/","title":{"rendered":"Se apag\u00f3 definitivamente la lejana pero esencial voz de Daniel Toro"},"content":{"rendered":"<figure class=\"mb-3\"><img loading=\"lazy\" data-src=\"http:\/\/cordobadirecto.com\/wp-content\/uploads\/2023\/05\/se-apago-definitivamente-la-lejana-pero-esencial-voz-de-daniel-toro.jpg\" src=\"https:\/\/www.telam.com.ar\/assets\/img\/not_image.png\" class=\" lazy \" width=\"100%\" height=\"100%\" alt=\"Daniel Toro tena 82 aos \"><figcaption> Daniel Toro ten\u00eda 82 a\u00f1os. <\/figcaption><\/figure>\n<p>El popular trovador folcl\u00f3rico salte\u00f1o Daniel Toro, autor de un cuantioso y reconocido cancionero cuya obra m\u00e1xima es &#8220;Zamba para olvidarte&#8221;, muri\u00f3 este&nbsp; jueves en un hospital de la capital provincial donde <strong>se encontraba internado desde el 28 de abril pasado con un cuadro de neumon\u00eda que no pudo ser revertido.<\/strong><\/p>\n<p>Fuentes familiares consultadas por T\u00e9lam confiaron que el endeble estado de salud que aqueja hace a\u00f1os al m\u00fasico se precipit\u00f3 en esta \u00faltima internaci\u00f3n en la que atraves\u00f3 trances delicados que fue superando.<\/p>\n<p>Nacido el 3 de enero de 1941 en Salta, <strong>Toro firm\u00f3 m\u00e1s de un millar de obras entre las que se cuentan verdaderos cl\u00e1sicos del cancionero argentino e hispanoamericano<\/strong> que fueron capaces de abordar tanto cuestiones amorosas como sociales.<\/p>\n<p>El artista cre\u00f3 himnos rom\u00e1nticos como <strong>&#8220;Para ir a buscarte&#8221; (junto a Ariel Petrocelli), &#8220;Mi mariposa triste&#8221; y la citada y versionad\u00edsima &#8220;Zamba para olvidar&#8221;),<\/strong> pero tambi\u00e9n dot\u00f3 de un pulso atractivo a la tem\u00e1tica testimonial de piezas entre las que destacan <strong>&#8220;Cuando tenga la tierra&#8221; (tambi\u00e9n con Petrocelli), &#8220;Este Cristo americano&#8221; y &#8220;El antigal&#8221; (con Lito Nieva y Petrocelli).<\/strong><\/p>\n<div class=\"video_repositive\"> <a class=\"video_sticky\" href=\"javascript:void();\" onclick=\"removeStuckVideo(true);\"><i class=\"far fa-window-close\"><\/i><\/a> <\/p>\n<div id=\"8Cu3xqnCNek\" class=\"video_telam\">\n<div class=\"feature_article_inner\">\n<p><h2 class=\"text-center\">Zamba para olvidar<\/h2>\n<\/p><\/div>\n<p>VER VIDEO <i class=\"fas fa-play\"><\/i><\/p>\n<\/p><\/div><\/div>\n<p>Semejante obra fue creada en relativamente poco tiempo ya que Toro fue una de las voces que la \u00faltima dictadura c\u00edvico-militar quiso acallar por medio de la censura y entonces debi\u00f3 recurrir al seud\u00f3nimo de Casimiro Cobos.<\/p>\n<p>Sin embargo y en medio de ese trance pol\u00edtico, <strong>el m\u00fasico padeci\u00f3 un c\u00e1ncer de garganta que le hizo perder la voz y lo alej\u00f3 de los escenarios.<\/strong><\/p>\n<p>&#8220;Algunos artistas quedan en la memoria colectiva solo por una canci\u00f3n. En el caso de Daniel se lo conoce mucho por &#8216;Zamba para olvidarte&#8217; pero hay que sumarle que es indio y que estuvo en los escenarios menos de 10 a\u00f1os teniendo que retirarse con canciones prohibidas en la dictadura y un c\u00e1ncer en la garganta \u00bfEs como mucho viento en contra, no?&#8221;, dijo a T\u00e9lam la comunicadora Silvia Majul, autora del documental &#8220;El nombrador&#8221; (2021) que dimension\u00f3 vida y obra de Toro.<\/p>\n<p>El camino musical del salte\u00f1o comenz\u00f3 en 1959 integrando varios conjuntos locales como Los Tabacaleros, Los Forasteros, Los Vi\u00f1ateros y Los Nombradores.<\/p>\n<figure class=\"mb-3\"><img loading=\"lazy\" data-src=\"http:\/\/cordobadirecto.com\/wp-content\/uploads\/2023\/05\/se-apago-definitivamente-la-lejana-pero-esencial-voz-de-daniel-toro-1.jpg\" src=\"https:\/\/www.telam.com.ar\/assets\/img\/not_image.png\" class=\" lazy \" width=\"100%\" height=\"100%\" alt=\"Una imagen del intrprete cuando era joven \"><figcaption> Una imagen del int\u00e9rprete cuando era joven. <\/figcaption><\/figure>\n<p><strong>Reci\u00e9n hacia 1966 inici\u00f3 su carrera solista y un a\u00f1o m\u00e1s tarde en el Festival Nacional de Folclore de Cosqu\u00edn recibi\u00f3 el Premio Consagraci\u00f3n.<\/strong><\/p>\n<p>Desde entonces y en los a\u00f1os siguientes, el artista public\u00f3 \u00e1lbumes de enorme suceso entre los que se contaron &#8220;El nombrador&#8221;, &#8220;Canciones para mi tierra&#8221;, &#8220;Canciones para mi pueblo&#8221;, &#8220;Un a\u00f1o de amor&#8221;, &#8220;Rondas de amor&#8221;, &#8220;Cuando tenga la tierra&#8221;, &#8220;Retorno al folclore&#8221;, &#8220;Refranero de mi pueblo&#8221;, &#8220;Sue\u00f1o de trovador&#8221;, &#8220;El Cristo americano&#8221;, &#8220;Zamba para olvidar&#8221;, &#8220;Enga\u00f1ada&#8221; y &#8220;Escr\u00edbeme una carta&#8221;.<\/p>\n<figure class=\"mb-3\"><img loading=\"lazy\" data-src=\"http:\/\/cordobadirecto.com\/wp-content\/uploads\/2023\/05\/se-apago-definitivamente-la-lejana-pero-esencial-voz-de-daniel-toro-2.jpg\" src=\"https:\/\/www.telam.com.ar\/assets\/img\/not_image.png\" class=\" lazy \" width=\"100%\" height=\"100%\" alt=\"Telam SE\"><figcaption><\/figcaption><\/figure>\n<h2 class>Un documental en su homenaje<\/h2>\n<p>&nbsp;<br \/>Parte de ese legado un tanto desdibujado debido al paso del tiempo y la larga ausencia de los escenarios, sin embargo, <strong>fue rescatado por <a href=\"https:\/\/www.telam.com.ar\/notas\/202107\/562986-vida-y-obra-de-el-nombrador-de-daniel-toro-llega-al-gaumont-y-a-cinear.html\" target=\"_blank\" rel=\"noopener\">el filme &#8220;El nombrador&#8221; de la productora El Jume<\/a> donde aparecen elocuentes referencias aportadas por colegas actuales<\/strong> como Teresa Parodi, V\u00edctor Heredia, Nadia Larcher, Abel Pintos, Los Carabajal, Mariana Carrizo y Franco Ram\u00edrez.<\/p>\n<p>A esa renombrada galer\u00eda se a\u00f1aden tambi\u00e9n m\u00fasicos de otros g\u00e9neros como Ricardo Mollo, Miguel Abuelo (gracias a material in\u00e9dito de la Fundaci\u00f3n Miguel Abuelo) y Diego Torres.<\/p>\n<div class=\"video_repositive\"> <a class=\"video_sticky\" href=\"javascript:void();\" onclick=\"removeStuckVideo(true);\"><i class=\"far fa-window-close\"><\/i><\/a> <\/p>\n<div id=\"RQawcJzb0I8\" class=\"video_telam\">\n<div class=\"feature_article_inner\">\n<p><h2 class=\"text-center\">El Nombrador<\/h2>\n<\/p><\/div>\n<p>VER VIDEO <i class=\"fas fa-play\"><\/i><\/p>\n<\/p><\/div><\/div>\n<p><strong>Ricardo Mollo, quien en el largometraje entona una versi\u00f3n de &#8220;Cuando tenga la tierra&#8221; acompa\u00f1ado en bombo por Agust\u00edn Carabajal y por Nadia Larcher en un recitado,<\/strong> dijo entonces a T\u00e9lam:<\/p>\n<p>&#8220;Estoy agradecido por este desaf\u00edo que me junta con canciones que me acompa\u00f1an toda la vida&#8221;.<\/p>\n<p>En una breve comunicaci\u00f3n, el l\u00edder del tr\u00edo rockero Divididos destac\u00f3 que <strong>Toro ostenta &#8220;una obra y una trayectoria que lo muestra como un gran compositor y un pensador valioso para esta m\u00fasica nuestra&#8221;.<\/strong><\/p>\n<div class=\"video_repositive\"> <a class=\"video_sticky\" href=\"javascript:void();\" onclick=\"removeStuckVideo(true);\"><i class=\"far fa-window-close\"><\/i><\/a> <\/p>\n<div id=\"_QgLNal35fA\" class=\"video_telam\" readability=\"6\">\n<div class=\"feature_article_inner\" readability=\"32\">\n<p><h2 class=\"text-center\">Mollo interpreta &#8220;Cuando tenga la tierra&#8221;<\/h2>\n<\/p><\/div>\n<p>VER VIDEO <i class=\"fas fa-play\"><\/i><\/p>\n<\/p><\/div><\/div>\n<p>En aquel momento y al filo de cumplir 80 a\u00f1os, el propio Daniel sostuvo a esta agencia que &#8220;tengo la alegr\u00eda de haber intentado dejar algo que tenga un valor positivo en lo cultural y no hacer cualquier cosa&#8221;.<\/p>\n<p>&#8220;Estoy convencido que he sido un protegido por Dios, que me mand\u00f3 a la Tierra a cumplir con esta misi\u00f3n de hacer tantas canciones, y pude hacerlo y no viv\u00ed porque s\u00ed nom\u00e1s&#8221;, agreg\u00f3 en una conversaci\u00f3n con su hija Daniela a la que accedi\u00f3 T\u00e9lam.<\/p>\n<figure class=\"mb-3\"><img loading=\"lazy\" data-src=\"http:\/\/cordobadirecto.com\/wp-content\/uploads\/2023\/05\/se-apago-definitivamente-la-lejana-pero-esencial-voz-de-daniel-toro-3.jpg\" src=\"https:\/\/www.telam.com.ar\/assets\/img\/not_image.png\" class=\" lazy \" width=\"100%\" height=\"100%\" alt=\"Telam SE\"><figcaption><\/figcaption><\/figure>\n<p>Luego y en relaci\u00f3n a sus a\u00f1os de suceso masivo, Toro reflexion\u00f3: &#8220;Cuando fui n\u00famero uno aprend\u00ed que no sirve ser n\u00famero uno, porque se te arrima mucha gente que cree que la cosa es muy f\u00e1cil&#8221;.<\/p>\n<div class=\"card col-md-10 offset-md-1 mb-4\">\n<h3 class=\"pt-2\">Relacionadas<\/h3>\n<\/p><\/div>\n","protected":false},"excerpt":{"rendered":"<p>Daniel Toro ten\u00eda 82 a\u00f1os. El popular trovador folcl\u00f3rico salte\u00f1o Daniel Toro, autor de un cuantioso y reconocido cancionero cuya obra m\u00e1xima es &#8220;Zamba para olvidarte&#8221;, muri\u00f3 este&nbsp; jueves en un hospital de la capital provincial donde se encontraba internado desde el 28 de abril pasado con un cuadro de neumon\u00eda que no pudo ser [&hellip;]<\/p>\n","protected":false},"author":1,"featured_media":116855,"comment_status":"closed","ping_status":"closed","sticky":false,"template":"","format":"standard","meta":[],"categories":[20],"tags":[],"_links":{"self":[{"href":"http:\/\/cordobadirecto.com\/index.php\/wp-json\/wp\/v2\/posts\/116854"}],"collection":[{"href":"http:\/\/cordobadirecto.com\/index.php\/wp-json\/wp\/v2\/posts"}],"about":[{"href":"http:\/\/cordobadirecto.com\/index.php\/wp-json\/wp\/v2\/types\/post"}],"author":[{"embeddable":true,"href":"http:\/\/cordobadirecto.com\/index.php\/wp-json\/wp\/v2\/users\/1"}],"replies":[{"embeddable":true,"href":"http:\/\/cordobadirecto.com\/index.php\/wp-json\/wp\/v2\/comments?post=116854"}],"version-history":[{"count":0,"href":"http:\/\/cordobadirecto.com\/index.php\/wp-json\/wp\/v2\/posts\/116854\/revisions"}],"wp:featuredmedia":[{"embeddable":true,"href":"http:\/\/cordobadirecto.com\/index.php\/wp-json\/wp\/v2\/media\/116855"}],"wp:attachment":[{"href":"http:\/\/cordobadirecto.com\/index.php\/wp-json\/wp\/v2\/media?parent=116854"}],"wp:term":[{"taxonomy":"category","embeddable":true,"href":"http:\/\/cordobadirecto.com\/index.php\/wp-json\/wp\/v2\/categories?post=116854"},{"taxonomy":"post_tag","embeddable":true,"href":"http:\/\/cordobadirecto.com\/index.php\/wp-json\/wp\/v2\/tags?post=116854"}],"curies":[{"name":"wp","href":"https:\/\/api.w.org\/{rel}","templated":true}]}}