{"id":11688,"date":"2021-07-26T06:39:13","date_gmt":"2021-07-26T06:39:13","guid":{"rendered":"https:\/\/es.digitaltrends.com\/?p=840860"},"modified":"2021-07-26T06:39:13","modified_gmt":"2021-07-26T06:39:13","slug":"vivo-v21-los-detalles-que-lo-distinguen-en-la-gama-media","status":"publish","type":"post","link":"http:\/\/cordobadirecto.com\/index.php\/2021\/07\/26\/vivo-v21-los-detalles-que-lo-distinguen-en-la-gama-media\/","title":{"rendered":"Vivo V21: los detalles que lo distinguen en la gama media"},"content":{"rendered":"<div class=\"b-review \">\n<div class=\"b-review__image\"> <img onerror=\"dti_load_error(this)\" src=\"http:\/\/cordobadirecto.com\/wp-content\/uploads\/2021\/07\/vivo-v21-los-detalles-que-lo-distinguen-en-la-gama-media.jpg\" data-dt-lazy-src=\"http:\/\/cordobadirecto.com\/wp-content\/uploads\/2021\/07\/vivo-v21-los-detalles-que-lo-distinguen-en-la-gama-media.jpg\" class=\" wp-image-840923 dt-lazy-no\" alt=\"Vivo V21\" skip_size_classes=\"1\" srcset=\"http:\/\/cordobadirecto.com\/wp-content\/uploads\/2021\/07\/vivo-v21-los-detalles-que-lo-distinguen-en-la-gama-media-3.jpg 382w, http:\/\/cordobadirecto.com\/wp-content\/uploads\/2021\/07\/vivo-v21-los-detalles-que-lo-distinguen-en-la-gama-media.jpg\" sizes=\"(max-width: 654px) 382px\"> <\/div>\n<div class=\"b-review__info\">\n<div>\n<div class=\"b-review__title\"> Vivo V21: los detalles que lo distinguen en la gama media <\/div>\n<div class=\"b-review__msrp\"> PVS <span>$498.00<\/span><\/div><\/div><\/div>\n<div class=\"b-review__award-quote\">\n<blockquote class=\"b-review__quote\"><p> \u201cEl celular cumple y en ocasiones destaca en multimedia, respuesta y carga r\u00e1pida, lo que hace que llame la atenci\u00f3n sobre sus m\u00e1s cercanos competidores.\u201d <\/p><\/blockquote><\/div>\n<div class=\"b-review__list b-review__list--good\">\n<ul class=\"b-review__list-inner\">\n<li> Carga r\u00e1pida de 33 watts <\/li>\n<li> Dise\u00f1o atractivo <\/li>\n<li> Pantalla de buena calidad y tama\u00f1o <\/li>\n<li> C\u00e1mara para selfies con sistema de iluminaci\u00f3n propio <\/li>\n<\/ul><\/div>\n<div class=\"b-review__list b-review__list--bad\">\n<ul class=\"b-review__list-inner\">\n<li> Bater\u00eda de 4,000 mAh <\/li>\n<li> Un solo canal de audio <\/li>\n<\/ul><\/div><\/div>\n<p>El Vivo V21 es otro <em>smartphone<\/em> que viene a nutrir la ya compleja gama media, entonces, \u00bftiene elementos para destacarse? Despu\u00e9s de probarlo por algunos d\u00edas, es momento de contar la experiencia completa con este celular, uno de los tres equipos con los que <a href=\"https:\/\/es.digitaltrends.com\/android\/vivo-llega-a-mexico-con-tres-celulares-gama-media-v21-y20-y-y11s\/\">la firma lleg\u00f3 a M\u00e9xico<\/a>.<\/p>\n<p>Lo primero que se debe destacar del <a href=\"https:\/\/www.vivo.com\/mx\/products\/v21\" target=\"_blank\" rel=\"noopener\">V21<\/a> es su dise\u00f1o trasero, en el que sobresale su espalda \u201ctornasol\u201d, donde se descubren&nbsp;distintos colores vivos seg\u00fan le d\u00e9 la luz. En la parte inferior izquierda se puede leer inscrito el nombre de la marca china.<\/p>\n<div class=\"m-carousel is-first h-carousel\" id=\"dt-carousel-60fe588fc7907\">\n<div class=\"m-carousel--wrap h-carousel-wrap\">\n<div class=\"m-carousel--controls h-controls\"> <button class=\"m-carousel--control prev h-prev\"> <span class=\"visually-hidden\"> Anterior <\/span> <\/button> <button class=\"m-carousel--control next h-next\"> <span class=\"visually-hidden\"> Siguiente <\/span> <\/button> <\/div>\n<div class=\"m-carousel--slides h-slides\">\n<div class=\"m-carousel--slide m-carousel--slide_image is-pending is-current h-slide\" data-options-key data-slug=\"1\" data-type=\"image\">\n<figure class=\"m-carousel--content\"> <img onerror=\"dti_load_error(this)\" alt=\"Vivo V21\" class=\"m-carousel--image dt-lazy-no\" src=\"http:\/\/cordobadirecto.com\/wp-content\/uploads\/2021\/07\/vivo-v21-los-detalles-que-lo-distinguen-en-la-gama-media-1.jpg\" srcset=\"http:\/\/cordobadirecto.com\/wp-content\/uploads\/2021\/07\/vivo-v21-los-detalles-que-lo-distinguen-en-la-gama-media.gif\"> <\/figure>\n<\/p><\/div>\n<div class=\"m-carousel--slide m-carousel--slide_image is-pending h-slide\" data-options-key data-slug=\"2\" data-type=\"image\">\n<figure class=\"m-carousel--content\"> <img onerror=\"dti_load_error(this)\" alt=\"Vivo V21\" class=\"m-carousel--image dt-lazy-no\" src=\"http:\/\/cordobadirecto.com\/wp-content\/uploads\/2021\/07\/vivo-v21-los-detalles-que-lo-distinguen-en-la-gama-media-2.jpg\" srcset=\"http:\/\/cordobadirecto.com\/wp-content\/uploads\/2021\/07\/vivo-v21-los-detalles-que-lo-distinguen-en-la-gama-media.gif\"> <\/figure>\n<\/p><\/div><\/div><\/div><\/div>\n<p>El m\u00f3dulo de la c\u00e1mara trasera es prominente, sin embargo, no deja de ser elegante y sentirse equilibrado con el resto de la unidad. Por cierto, alberga tres sensores y un flash.<\/p>\n<p>La pantalla es de 6.44 pulgadas y se ve interrumpida por el <em>notch<\/em> en forma de gota de agua que resguarda la c\u00e1mara para <em>selfies<\/em>. Tambi\u00e9n integra el sensor de huellas que permite desbloquear la unidad (este responde de forma r\u00e1pida y no requiere ejercer una gran presi\u00f3n).<\/p>\n<p>Los botones de encendido y volumen se encuentran en el costado derecho del tel\u00e9fono; en tanto que Vivo decidi\u00f3 prescindir del <em>jack<\/em> de 3.5 mm para aud\u00edfonos, sin embargo, en el paquete de compra se a\u00f1ade un adaptador.<\/p>\n<p>De manera general, el celular se siente c\u00f3modo; no est\u00e1 esa sensaci\u00f3n de que puede resbalarse con facilidad. De cualquier manera, el fabricante tambi\u00e9n incluye una carcasa transparente en la caja para una protecci\u00f3n extra en caso de una ca\u00edda accidental.<\/p>\n<h2>Procesamiento y autonom\u00eda<\/h2>\n<p>En el interior del Vivo V21 est\u00e1 el procesador MediaTek Dimensity 800U de ocho n\u00facleos, un chip que ya se vio en el Redmi Note 9T. En cuanto a su memoria RAM, la firma opt\u00f3 por 8 GB.<\/p>\n<p>Los elementos se combinan para que el <em>smartphone<\/em> entregue una respuesta r\u00e1pida en cualquier tipo de aplicaci\u00f3n, ya sea de productividad o entretenimiento. Pasar de una <em>app<\/em> a otra no implica que haya esas peque\u00f1as pausas que son perceptibles en otras unidades de gama media, por ejemplo.<\/p>\n<figure class=\"aligncenter\"><img src=\"http:\/\/cordobadirecto.com\/wp-content\/uploads\/2021\/07\/vivo-v21-los-detalles-que-lo-distinguen-en-la-gama-media.gif\" data-dt-lazy-src=\"https:\/\/icdn.dtcn.com\/image\/digitaltrends_es\/vivov21-carrusel-mobile-2-720x720.jpg\" onerror=\"dti_load_error(this)\" class=\" size-large wp-image-840927 dt-lazy-load dt-lazy-pending\" alt=\"Vivo V21\"><\/figure>\n<p>En la respuesta tambi\u00e9n se nota el trabajo equilibrado que Vivo llev\u00f3 a cabo en el V21, lo cual dejar\u00e1 contento a los usuarios que buscan un m\u00f3vil que no sea tan caro y entregue un procesamiento \u00f3ptimo.<\/p>\n<p>Respecto al almacenamiento, encontrar\u00e1n 128 GB listos para recibir desde el contenido que se genere con las c\u00e1maras hasta el material que es posible descargar de las diversas plataformas de <a href=\"https:\/\/es.digitaltrends.com\/topic\/streaming\/\"><em>streaming<\/em><\/a>, tanto de m\u00fasica como de video.<\/p>\n<p>Ya por \u00faltimo, en autonom\u00eda tampoco queda a deber. No es que el Vivo V21 incorpore una bater\u00eda de gran capacidad\u2026 es de 4,000 mAh, lo que se podr\u00eda considerar como un promedio en la gama media.<\/p>\n<p>Lo que s\u00ed sorprende es su carga r\u00e1pida FlashCharge, que es de 33 watts. En las pruebas realizadas, la bater\u00eda pas\u00f3 de 10 a 55 por ciento en 20 minutos (el 100 por ciento lo consigui\u00f3 en 57 minutos). Eso ya lo hace destacar respecto a sus competidores m\u00e1s cercanos.<\/p>\n<h2>Multimedia<\/h2>\n<p>Como se adelant\u00f3, el Vivo V21 cuenta con una pantalla AMOLED de 6.44 pulgadas con resoluci\u00f3n Full HD+ (2,404 x 1,080 pixeles). Adem\u00e1s, se puede configurar con una tasa de 90 Hz, es decir, para que actualice su imagen 90 veces en un segundo.<\/p>\n<figure class=\"aligncenter\"><img src=\"http:\/\/cordobadirecto.com\/wp-content\/uploads\/2021\/07\/vivo-v21-los-detalles-que-lo-distinguen-en-la-gama-media.gif\" data-dt-lazy-src=\"https:\/\/icdn.dtcn.com\/image\/digitaltrends_es\/vivov21-carrusel-mobile-3-720x720.jpg\" onerror=\"dti_load_error(this)\" class=\" size-large wp-image-840926 dt-lazy-load dt-lazy-pending\" alt=\"Vivo V21\"><\/figure>\n<p>Con estos elementos, las im\u00e1genes que despliega el m\u00f3vil tienen colores v\u00edvidos y un buen nivel de contraste, por lo que se volver\u00e1 un aliado confiable para los consumidores de video en l\u00ednea.<\/p>\n<p>En donde queda a deber es en el sonido, ya que solo incorpora un canal de audio, el cual est\u00e1 ubicado en su parte inferior, al lado derecho del puerto USB-C de carga. Cuenta con buena potencia, pero se debe tener cuidado de no bloquearlo cuando se toma el tel\u00e9fono de manera horizontal.<\/p>\n<h2>\u00d3ptica<\/h2>\n<p>S\u00ed, la \u00f3ptica del Vivo V21 tambi\u00e9n merece un apartado especial. La c\u00e1mara trasera triple est\u00e1 compuesta por un sensor principal (64 megapixeles), gran angular (8 MP) y un macro (2 MP). El conjunto, especialmente en ambientes con iluminaci\u00f3n \u00f3ptima, proporciona fotograf\u00edas con un buen nivel de detalle y color, incluyendo las fotos de peque\u00f1os objetos o cercanos.<\/p>\n<div class=\"m-carousel is-first h-carousel\" id=\"dt-carousel-60fe588fc7a38\">\n<div class=\"m-carousel--wrap h-carousel-wrap\">\n<div class=\"m-carousel--controls h-controls\"> <button class=\"m-carousel--control prev h-prev\"> <span class=\"visually-hidden\"> Anterior <\/span> <\/button> <button class=\"m-carousel--control next h-next\"> <span class=\"visually-hidden\"> Siguiente <\/span> <\/button> <\/div><\/div><\/div>\n<p>La c\u00e1mara frontal tambi\u00e9n tiene sus elementos especiales, los cuales encantar\u00e1n a los que son partidarios de las <em>selfies<\/em>. Para empezar, es de 44 megapixeles con estabilizador de imagen \u00f3ptico, lo que reduce la posibilidad de conseguir fotos desenfocadas.<\/p>\n<p>Tambi\u00e9n llama la atenci\u00f3n que la \u00f3ptica frontal despliega una luz doble, dise\u00f1ada para mejorar las autofotos que se toman en condiciones de poca iluminaci\u00f3n. Sobresale que este sistema se activa de manera autom\u00e1tica.<\/p>\n<h2>Conclusiones<\/h2>\n<p>El Vivo V21 podr\u00eda ser un tel\u00e9fono m\u00e1s en la gama media, sin embargo, el fabricante se esforz\u00f3 por ponerle toques que lo distinguen, desde el acabado tornasol en la parte trasera hasta el sistema de iluminaci\u00f3n que se despliega al querer una <em>selfie<\/em> en condiciones de poca luz.<\/p>\n<p>Asimismo, el celular cumple y en ocasiones destaca en multimedia, respuesta y carga r\u00e1pida, lo que hace que llame la atenci\u00f3n sobre sus m\u00e1s cercanos competidores.<\/p>\n<p>El Vivo V21 representa un buen inicio en el mercado mexicano, por ejemplo, y tambi\u00e9n pone la vara un poco alta con los siguientes lanzamientos de la marca. Ya se ver\u00e1 c\u00f3mo evoluciona la firma.<\/p>\n<h4 class=\"h-editors-recs-title\"> Recomendaciones del editor\t<\/h4>\n<p> <span id=\"publisher-md\" itemprop=\"publisher\" itemscope itemtype=\"https:\/\/schema.org\/Organization\"> <span itemprop=\"url\" itemtype=\"https:\/\/schema.org\/Url\" content=\"https:\/\/es.digitaltrends.com\"> <span itemprop=\"logo\" itemscope itemtype=\"https:\/\/schema.org\/ImageObject\"> <meta itemprop=\"url\" content=\"https:\/\/cdn.dtcn.com\/dt\/dt-logo-small.png\"> <meta itemprop=\"width\" content=\"0\"> <meta itemprop=\"height\" content=\"0\"> <\/span> <meta itemprop=\"name\" content=\"Digital Trends Espa\u00f1ol\"> <\/span> <span itemprop=\"image\" itemscope itemtype=\"https:\/\/schema.org\/ImageObject\"> <meta itemprop=\"url\" content=\"https:\/\/icdn.dtcn.com\/image\/digitaltrends_es\/vivov21_portadas.jpg\"> <\/span> <\/span><\/p>\n","protected":false},"excerpt":{"rendered":"<p>Vivo V21: los detalles que lo distinguen en la gama media PVS $498.00 \u201cEl celular cumple y en ocasiones destaca en multimedia, respuesta y carga r\u00e1pida, lo que hace que llame la atenci\u00f3n sobre sus m\u00e1s cercanos competidores.\u201d Carga r\u00e1pida de 33 watts Dise\u00f1o atractivo Pantalla de buena calidad y tama\u00f1o C\u00e1mara para selfies con [&hellip;]<\/p>\n","protected":false},"author":1,"featured_media":11689,"comment_status":"closed","ping_status":"closed","sticky":false,"template":"","format":"standard","meta":[],"categories":[26],"tags":[],"_links":{"self":[{"href":"http:\/\/cordobadirecto.com\/index.php\/wp-json\/wp\/v2\/posts\/11688"}],"collection":[{"href":"http:\/\/cordobadirecto.com\/index.php\/wp-json\/wp\/v2\/posts"}],"about":[{"href":"http:\/\/cordobadirecto.com\/index.php\/wp-json\/wp\/v2\/types\/post"}],"author":[{"embeddable":true,"href":"http:\/\/cordobadirecto.com\/index.php\/wp-json\/wp\/v2\/users\/1"}],"replies":[{"embeddable":true,"href":"http:\/\/cordobadirecto.com\/index.php\/wp-json\/wp\/v2\/comments?post=11688"}],"version-history":[{"count":0,"href":"http:\/\/cordobadirecto.com\/index.php\/wp-json\/wp\/v2\/posts\/11688\/revisions"}],"wp:featuredmedia":[{"embeddable":true,"href":"http:\/\/cordobadirecto.com\/index.php\/wp-json\/wp\/v2\/media\/11689"}],"wp:attachment":[{"href":"http:\/\/cordobadirecto.com\/index.php\/wp-json\/wp\/v2\/media?parent=11688"}],"wp:term":[{"taxonomy":"category","embeddable":true,"href":"http:\/\/cordobadirecto.com\/index.php\/wp-json\/wp\/v2\/categories?post=11688"},{"taxonomy":"post_tag","embeddable":true,"href":"http:\/\/cordobadirecto.com\/index.php\/wp-json\/wp\/v2\/tags?post=11688"}],"curies":[{"name":"wp","href":"https:\/\/api.w.org\/{rel}","templated":true}]}}