{"id":11690,"date":"2021-07-26T01:18:45","date_gmt":"2021-07-26T01:18:45","guid":{"rendered":"http:\/\/cordobadirecto.com\/index.php\/2021\/07\/26\/anses-ayudara-a-monotributistas-en-agosto\/"},"modified":"2021-07-26T01:18:45","modified_gmt":"2021-07-26T01:18:45","slug":"anses-ayudara-a-monotributistas-en-agosto","status":"publish","type":"post","link":"http:\/\/cordobadirecto.com\/index.php\/2021\/07\/26\/anses-ayudara-a-monotributistas-en-agosto\/","title":{"rendered":"Anses ayudar\u00e1 a monotributistas en Agosto"},"content":{"rendered":"<p>La Administraci\u00f3n Nacional de la Seguridad Social anunci\u00f3 una ayuda <b>econ\u00f3mica<\/b> que ser\u00e1 abonada a trav\u00e9s de las Asignaciones Familiares (SUAF)&nbsp;&#8230; <\/p>\n","protected":false},"excerpt":{"rendered":"<p>La Administraci\u00f3n Nacional de la Seguridad Social anunci\u00f3 una ayuda econ\u00f3mica que ser\u00e1 abonada a trav\u00e9s de las Asignaciones Familiares (SUAF)&nbsp;&#8230;<\/p>\n","protected":false},"author":1,"featured_media":0,"comment_status":"closed","ping_status":"closed","sticky":false,"template":"","format":"standard","meta":[],"categories":[40],"tags":[],"_links":{"self":[{"href":"http:\/\/cordobadirecto.com\/index.php\/wp-json\/wp\/v2\/posts\/11690"}],"collection":[{"href":"http:\/\/cordobadirecto.com\/index.php\/wp-json\/wp\/v2\/posts"}],"about":[{"href":"http:\/\/cordobadirecto.com\/index.php\/wp-json\/wp\/v2\/types\/post"}],"author":[{"embeddable":true,"href":"http:\/\/cordobadirecto.com\/index.php\/wp-json\/wp\/v2\/users\/1"}],"replies":[{"embeddable":true,"href":"http:\/\/cordobadirecto.com\/index.php\/wp-json\/wp\/v2\/comments?post=11690"}],"version-history":[{"count":0,"href":"http:\/\/cordobadirecto.com\/index.php\/wp-json\/wp\/v2\/posts\/11690\/revisions"}],"wp:attachment":[{"href":"http:\/\/cordobadirecto.com\/index.php\/wp-json\/wp\/v2\/media?parent=11690"}],"wp:term":[{"taxonomy":"category","embeddable":true,"href":"http:\/\/cordobadirecto.com\/index.php\/wp-json\/wp\/v2\/categories?post=11690"},{"taxonomy":"post_tag","embeddable":true,"href":"http:\/\/cordobadirecto.com\/index.php\/wp-json\/wp\/v2\/tags?post=11690"}],"curies":[{"name":"wp","href":"https:\/\/api.w.org\/{rel}","templated":true}]}}