{"id":11779,"date":"2021-07-26T19:46:25","date_gmt":"2021-07-26T19:46:25","guid":{"rendered":"http:\/\/cordobadirecto.com\/index.php\/2021\/07\/26\/competencia-oficial-dirigida-por-los-argentinos-cohn-y-duprat-se-estrenara-en-venecia\/"},"modified":"2021-07-26T19:46:25","modified_gmt":"2021-07-26T19:46:25","slug":"competencia-oficial-dirigida-por-los-argentinos-cohn-y-duprat-se-estrenara-en-venecia","status":"publish","type":"post","link":"http:\/\/cordobadirecto.com\/index.php\/2021\/07\/26\/competencia-oficial-dirigida-por-los-argentinos-cohn-y-duprat-se-estrenara-en-venecia\/","title":{"rendered":"&#8220;Competencia Oficial&#8221;, dirigida por los argentinos Cohn y Duprat, se estrenar\u00e1 en Venecia"},"content":{"rendered":"<div class=\"image\" id=\"image\" readability=\"8\"> <img src=\"http:\/\/cordobadirecto.com\/wp-content\/uploads\/2021\/07\/competencia-oficial-dirigida-por-los-argentinos-cohn-y-duprat-se-estrenara-en-venecia.jpg\" alt=\"El filme se estrenar\u00e1 mundialmente en la Selecci\u00f3n Oficial del Festival Internacional de Cine de Venecia que se realizar\u00e1 en septiembre pr\u00f3ximo\" title=\"El filme se estrenar\u00e1 mundialmente en la Selecci\u00f3n Oficial del Festival Internacional de Cine de Venecia que se realizar\u00e1 en septiembre pr\u00f3ximo\"><\/p>\n<p>El filme se estrenar\u00e1 mundialmente en la Selecci\u00f3n Oficial del Festival Internacional de Cine de Venecia que se realizar\u00e1 en septiembre pr\u00f3ximo<\/p>\n<\/div>\n<p>&#8220;Competencia oficial&#8221;, filme protagonizado por Pen\u00e9lope Cruz, Antonio Banderas y Oscar Mart\u00ednez y dirigido por los argentinos Mariano Cohn y Gast\u00f3n Duprat, se estrenar\u00e1 mundialmente en la Selecci\u00f3n Oficial del Festival Internacional de Cine de Venecia que se realizar\u00e1 en septiembre pr\u00f3ximo.<\/p>\n<p><strong>Ser\u00e1 la tercera vez que Cohn y Duprat participen en el certamen tras estrenar &#8220;Mi obra maestra&#8221; y &#8220;El ciudadano ilustre&#8221;<\/strong>, filme por el que su protagonista, Oscar Mart\u00ednez, recibi\u00f3 la Copa Volpi al Mejor Actor.<\/p>\n<p>El filme, que cuenta con participaci\u00f3n de RTVE, TV3 y ORANGE ESPA\u00d1A, cuenta la historia de un empresario multimillonario que, en busca de trascendencia y prestigio social, decide hacer una pel\u00edcula que deje huella. Y para eso contrata a un equipo estelar: la c\u00e9lebre cineasta Lola Cuevas (Cruz), el actor de Hollywood F\u00e9lix Rivero (Banderas) y el actor radical de teatro Iv\u00e1n Torres (Mart\u00ednez); estos \u00faltimos dos leyendas pero no exactamente mejores amigos.<\/p>\n<p>A trav\u00e9s de una serie de pruebas cada vez m\u00e1s exc\u00e9ntricas establecidas por Lola, ambos actores deben enfrentarse no s\u00f3lo entre s\u00ed, sino tambi\u00e9n con sus propios legados.<\/p>\n<p>&#8220;Pen\u00e9lope Cruz, Antonio Banderas y Oscar Mart\u00ednez han asumido un enorme riesgo art\u00edstico en nuestra pel\u00edcula, yendo por caminos absolutamente nuevos e inexplorados. Nunca hemos visto a estos geniales actores haciendo una performance tan jugada como la que hacen en Competencia Oficial. Y el resultado art\u00edstico que logran es francamente extraordinario y sorprendente. Dinamita pura. Estamos ansiosos por compartir esta clase magistral de actuaci\u00f3n en el Palazzo del Cinema&#8221;, dijeron en un comunicado Cohn y Duprat tras anunciarse la participaci\u00f3n de su nueva pel\u00edcula en el certamen<\/p>\n<p>El filme es la tercera pel\u00edcula que The Mediapro Studio produce con los directores argentinos tras &#8220;Mi Obra Maestra&#8221; y &#8220;4&#215;4&#8221;. <\/p>\n","protected":false},"excerpt":{"rendered":"<p>El filme se estrenar\u00e1 mundialmente en la Selecci\u00f3n Oficial del Festival Internacional de Cine de Venecia que se realizar\u00e1 en septiembre pr\u00f3ximo &#8220;Competencia oficial&#8221;, filme protagonizado por Pen\u00e9lope Cruz, Antonio Banderas y Oscar Mart\u00ednez y dirigido por los argentinos Mariano Cohn y Gast\u00f3n Duprat, se estrenar\u00e1 mundialmente en la Selecci\u00f3n Oficial del Festival Internacional de [&hellip;]<\/p>\n","protected":false},"author":1,"featured_media":11780,"comment_status":"closed","ping_status":"closed","sticky":false,"template":"","format":"standard","meta":[],"categories":[20],"tags":[],"_links":{"self":[{"href":"http:\/\/cordobadirecto.com\/index.php\/wp-json\/wp\/v2\/posts\/11779"}],"collection":[{"href":"http:\/\/cordobadirecto.com\/index.php\/wp-json\/wp\/v2\/posts"}],"about":[{"href":"http:\/\/cordobadirecto.com\/index.php\/wp-json\/wp\/v2\/types\/post"}],"author":[{"embeddable":true,"href":"http:\/\/cordobadirecto.com\/index.php\/wp-json\/wp\/v2\/users\/1"}],"replies":[{"embeddable":true,"href":"http:\/\/cordobadirecto.com\/index.php\/wp-json\/wp\/v2\/comments?post=11779"}],"version-history":[{"count":0,"href":"http:\/\/cordobadirecto.com\/index.php\/wp-json\/wp\/v2\/posts\/11779\/revisions"}],"wp:featuredmedia":[{"embeddable":true,"href":"http:\/\/cordobadirecto.com\/index.php\/wp-json\/wp\/v2\/media\/11780"}],"wp:attachment":[{"href":"http:\/\/cordobadirecto.com\/index.php\/wp-json\/wp\/v2\/media?parent=11779"}],"wp:term":[{"taxonomy":"category","embeddable":true,"href":"http:\/\/cordobadirecto.com\/index.php\/wp-json\/wp\/v2\/categories?post=11779"},{"taxonomy":"post_tag","embeddable":true,"href":"http:\/\/cordobadirecto.com\/index.php\/wp-json\/wp\/v2\/tags?post=11779"}],"curies":[{"name":"wp","href":"https:\/\/api.w.org\/{rel}","templated":true}]}}