{"id":11787,"date":"2021-07-26T20:07:51","date_gmt":"2021-07-26T20:07:51","guid":{"rendered":"https:\/\/puntoapunto.com.ar\/?p=281598"},"modified":"2021-07-26T20:07:51","modified_gmt":"2021-07-26T20:07:51","slug":"ideamos-cordoba-inscripciones-abiertas-para-la-region-centro","status":"publish","type":"post","link":"http:\/\/cordobadirecto.com\/index.php\/2021\/07\/26\/ideamos-cordoba-inscripciones-abiertas-para-la-region-centro\/","title":{"rendered":"Ideamos C\u00f3rdoba: inscripciones abiertas para la Regi\u00f3n Centro"},"content":{"rendered":"<p>La<strong> Agencia C\u00f3rdoba Joven<\/strong> invita a j\u00f3venes de la Regi\u00f3n Centro a participar de la tercera edici\u00f3n de su programa <strong>Ideamos C\u00f3rdoba.<\/strong> Esta iniciativa propone jornadas de capacitaci\u00f3n y debate en torno a un tema com\u00fan, para luego abordar la planificaci\u00f3n de proyectos que den soluciones a las problem\u00e1ticas surgidas en estas interacciones.<\/p>\n<p>Su objetivo es<strong> fomentar el conocimiento<\/strong> y estimular la participaci\u00f3n ciudadana de las juventudes cordobesas. El tercer foro se llevar\u00e1 a cabo de manera remota los d\u00edas<strong> 30 y 31 de julio<\/strong>, y el cierre est\u00e1 previsto para el 6 de agosto.<\/p>\n<p>Podr\u00e1n sumarse j\u00f3venes, de 16 a 25 a\u00f1os, que sean oriundos de los departamentos<strong> Col\u00f3n, R\u00edo Primero, Santa Mar\u00eda, Punilla y Calamuchita.<\/strong><\/p>\n<p>El tema escogido es Ambiente y desarrollo sostenible y su abordaje se centrar\u00e1 en tres ejes: econom\u00eda circular, preservaci\u00f3n de espacios verdes y cambio clim\u00e1tico. Una vez presentados los proyectos la Agencia C\u00f3rdoba Joven, a trav\u00e9s de su \u00e1rea de Vinculaci\u00f3n Estudiantil, seleccionar\u00e1 tres de ellos para su ejecuci\u00f3n.<\/p>\n<h5><strong>Cronograma Regi\u00f3n Centro:<\/strong><\/h5>\n<p><strong>Viernes 30 de julio<\/strong><\/p>\n<ul>\n<li>17 hs. Apertura. Palabras del presidente de la Agencia C\u00f3rdoba Joven, Mat\u00edas Anconetani, y del Secretario de Ambiente, Juan Carlos Scotto.<\/li>\n<li>17.30 hs. Conferencia \u201cEducar en desarrollo sostenible para la construcci\u00f3n de comunidades saludables\u201d, por Juan Carlos Scotto, Secretario de Ambiente de la provincia.<\/li>\n<li>18.30 hs. Conferencia \u201cGesti\u00f3n de las ideas\u201d, por Roberto Avilia.<\/li>\n<\/ul>\n<p><strong>S\u00e1bado 31 de julio<\/strong><\/p>\n<ul>\n<li>17 hs. Abordaje de tem\u00e1ticas por grupos:<\/li>\n<\/ul>\n<p>-Econom\u00eda Circular: reducir, reciclar y reutilizar.<\/p>\n<p>\u2013 Preservaci\u00f3n y promoci\u00f3n de espacios verdes.<br \/>\u2013 Adaptaci\u00f3n y mitigaci\u00f3n al cambio clim\u00e1tico.<\/p>\n<ul>\n<li>18.30 hs. Conferencia \u201cGesti\u00f3n de las ideas\u201d, por Ignacio Stivala.<\/li>\n<li>19 hs. Trabajo y discusi\u00f3n libre de los equipos.<\/li>\n<\/ul>\n<p><strong>Viernes 6 de agosto<\/strong><\/p>\n<ul>\n<li>16 hs. Exposici\u00f3n de trabajo en equipos.<\/li>\n<li>17.30 hs. Cierre.<\/li>\n<\/ul>\n<p><strong>C\u00f3mo participar<\/strong>: Quienes deseen sumarse podr\u00e1n inscribirse completando <strong><a href=\"https:\/\/docs.google.com\/forms\/d\/1R5-TTXVvnt46l_4tbOtzVVA8C9fll4AaHJVTR4cnDdk\/viewform?gxids=7628&amp;edit_requested=true\" target=\"_blank\" rel=\"noopener\">este formulario<\/a><\/strong>. Hay tiempo hasta el <strong>mi\u00e9rcoles 28 de julio<\/strong>. Se entregar\u00e1 certificado.<\/p>\n<h5>Por cualquier duda o consulta pueden comunicarse v\u00eda correo electr\u00f3nico con el \u00c1rea de<br \/>Vinculaci\u00f3n Estudiantil:<strong> <a href=\"https:\/\/puntoapunto.com.ar\/cdn-cgi\/l\/email-protection\" class=\"__cf_email__\" data-cfemail=\"5736303239343e363435363d3821323979213e393432242322333e3639233e3b17303a363e3b7934383a79\">[email&nbsp;protected]<\/a><\/strong><\/h5>\n<div class=\"saboxplugin-wrap\" itemtype=\"http:\/\/schema.org\/Person\" itemscope itemprop=\"author\">\n<div class=\"saboxplugin-tab\">\n<div class=\"saboxplugin-gravatar\"><img alt src=\"http:\/\/cordobadirecto.com\/wp-content\/uploads\/2021\/07\/ideamos-cordoba-inscripciones-abiertas-para-la-region-centro.jpg\" srcset=\"http:\/\/cordobadirecto.com\/wp-content\/uploads\/2021\/07\/ideamos-cordoba-inscripciones-abiertas-para-la-region-centro-1.jpg 2x\" class=\"avatar avatar-100 photo\" height=\"100\" width=\"100\" itemprop=\"image\" loading=\"lazy\"><\/div>\n<div class=\"saboxplugin-desc\" readability=\"6.5\">\n<div itemprop=\"description\" readability=\"8\">\n<p>Este articulo fue escrito por la redacci\u00f3n de Punto a Punto. Seguinos en todas nuestras redes sociales<\/p>\n<\/div>\n<\/div>\n<\/div>\n<\/div>\n<p>No tags for this post. <\/p>\n","protected":false},"excerpt":{"rendered":"<p>La Agencia C\u00f3rdoba Joven invita a j\u00f3venes de la Regi\u00f3n Centro a participar de la tercera edici\u00f3n de su programa Ideamos C\u00f3rdoba. Esta iniciativa propone jornadas de capacitaci\u00f3n y debate en torno a un tema com\u00fan, para luego abordar la planificaci\u00f3n de proyectos que den soluciones a las problem\u00e1ticas surgidas en estas interacciones. Su objetivo [&hellip;]<\/p>\n","protected":false},"author":1,"featured_media":11788,"comment_status":"closed","ping_status":"closed","sticky":false,"template":"","format":"standard","meta":[],"categories":[25],"tags":[],"_links":{"self":[{"href":"http:\/\/cordobadirecto.com\/index.php\/wp-json\/wp\/v2\/posts\/11787"}],"collection":[{"href":"http:\/\/cordobadirecto.com\/index.php\/wp-json\/wp\/v2\/posts"}],"about":[{"href":"http:\/\/cordobadirecto.com\/index.php\/wp-json\/wp\/v2\/types\/post"}],"author":[{"embeddable":true,"href":"http:\/\/cordobadirecto.com\/index.php\/wp-json\/wp\/v2\/users\/1"}],"replies":[{"embeddable":true,"href":"http:\/\/cordobadirecto.com\/index.php\/wp-json\/wp\/v2\/comments?post=11787"}],"version-history":[{"count":0,"href":"http:\/\/cordobadirecto.com\/index.php\/wp-json\/wp\/v2\/posts\/11787\/revisions"}],"wp:featuredmedia":[{"embeddable":true,"href":"http:\/\/cordobadirecto.com\/index.php\/wp-json\/wp\/v2\/media\/11788"}],"wp:attachment":[{"href":"http:\/\/cordobadirecto.com\/index.php\/wp-json\/wp\/v2\/media?parent=11787"}],"wp:term":[{"taxonomy":"category","embeddable":true,"href":"http:\/\/cordobadirecto.com\/index.php\/wp-json\/wp\/v2\/categories?post=11787"},{"taxonomy":"post_tag","embeddable":true,"href":"http:\/\/cordobadirecto.com\/index.php\/wp-json\/wp\/v2\/tags?post=11787"}],"curies":[{"name":"wp","href":"https:\/\/api.w.org\/{rel}","templated":true}]}}