{"id":117942,"date":"2023-06-01T19:55:14","date_gmt":"2023-06-01T19:55:14","guid":{"rendered":"https:\/\/www.ole.com.ar\/autos\/formula1-verstappen-checo-perez-red-bull_0_d2b18eoFrW.html"},"modified":"2023-06-01T19:55:14","modified_gmt":"2023-06-01T19:55:14","slug":"verstappen-no-ve-a-perez-como-una-amenaza-seria-en-la-lucha-por-el-campeonato","status":"publish","type":"post","link":"http:\/\/cordobadirecto.com\/index.php\/2023\/06\/01\/verstappen-no-ve-a-perez-como-una-amenaza-seria-en-la-lucha-por-el-campeonato\/","title":{"rendered":"&#8220;Verstappen no ve a P\u00e9rez como una amenaza seria en la lucha por el campeonato&#8221;"},"content":{"rendered":"<p><time class=\"createDate\" datetime=\"2023-06-01T16:55:14-03:00\">01\/06\/2023 16:55hs.<\/time><time class=\"modificatedDate\" datetime=\"2023\/06\/01T16:55:14-03:00\"><\/time><\/p>\n<div id=\"storyBody\">\n<div class=\"custom-text \" readability=\"34.328877005348\">\n<p>Desde que son compa\u00f1eros, <a href=\"https:\/\/www.ole.com.ar\/tema\/sergio-perez.html\" title=\"Sergio P\u00e9rez\" alt=\"Sergio P\u00e9rez\" class=\"slug\">Sergio P\u00e9rez<\/a> y <a href=\"https:\/\/www.ole.com.ar\/tema\/max-verstappen.html\" title=\"Max Verstappen\" alt=\"Max Verstappen\" class=\"slug\">Max Verstappen<\/a> han tenido sus diferencias. Tanto esta temporada como en la anterior hubo ciertos cortocircuitos entre ambos. <strong>Helmut Marko volvi\u00f3 a hablar acerca de c\u00f3mo est\u00e1n las cosas en este equipo,<\/strong> luego del \u00faltimo fin de semana en el que el neerland\u00e9s volvi\u00f3 a ganar y se alej\u00f3 a 39 puntos del mexicano en el campeonato.<\/p>\n<\/div>\n<div class=\"sc-a7166897-0 exHLBh\" readability=\"6.5\">\n<section readability=\"3\"><picture><img alt=\"\u00bfQui\u00e9n es Mirra Andreeva? La rusa de 16 a\u00f1os que est\u00e1 en octavos de final en Roland Garros\" src=\"http:\/\/cordobadirecto.com\/wp-content\/uploads\/2023\/06\/verstappen-no-ve-a-perez-como-una-amenaza-seria-en-la-lucha-por-el-campeonato.jpg\" width=\"29\" height=\"29\" decoding=\"async\" data-nimg=\"future\" loading=\"lazy\"><\/picture>\n<p><span>Mir\u00e1 tambi\u00e9n<\/span><\/p>\n<hr>\n<h3>\u00bfQui\u00e9n es Mirra Andreeva? La rusa de 16 a\u00f1os que est\u00e1 en octavos de final en Roland Garros<\/h3>\n<\/p>\n<\/section>\n<\/div>\n<div class=\"custom-text \" readability=\"36\">\n<p>Las peleas que tuvieron \u00faltimamente condicionaron la relaci\u00f3n entre ambos. Sin embargo, desde el Gran Premio de Azerbaiy\u00e1n no ha habido discusiones y por ahora todo volvi\u00f3 a foja cero. <strong>A pesar de eso, Marko reaviv\u00f3 la pol\u00e9mica con sus declaraciones.<\/strong><\/p>\n<\/div>\n<div class=\"sc-e7b891c4-0 jPbnQF\"><img alt=\"Marko lleno de elogios a Max. (AFP)\" src=\"http:\/\/cordobadirecto.com\/wp-content\/uploads\/2023\/06\/verstappen-no-ve-a-perez-como-una-amenaza-seria-en-la-lucha-por-el-campeonato-1.jpg\" width=\"72\" height=\"10\" decoding=\"async\" data-nimg=\"future\" loading=\"lazy\"><span class=\"epigraphe\">Marko lleno de elogios a Max. (AFP)<\/span><\/div>\n<div class=\"custom-text \" readability=\"34\">\n<p>El asesor de la escuder\u00eda dej\u00f3 claro cu\u00e1l de los dos corredores es su favorito para quedarse con el t\u00edtulo: &#8220;La lucha por el Mundial ahora s\u00ed que ha llegado a su fin. <strong>La realidad es que Max nunca ha visto a Sergio como una seria amenaza&#8221;<\/strong>.<\/p>\n<\/div>\n<div class=\"sc-a7166897-0 exHLBh\" readability=\"6\">\n<section readability=\"2\"><picture><img alt=\"Ameghino igual\u00f3 la final de la Liga Argentina\" src=\"http:\/\/cordobadirecto.com\/wp-content\/uploads\/2023\/06\/verstappen-no-ve-a-perez-como-una-amenaza-seria-en-la-lucha-por-el-campeonato-2.jpg\" width=\"29\" height=\"29\" decoding=\"async\" data-nimg=\"future\" loading=\"lazy\"><\/picture>\n<p><span>Mir\u00e1 tambi\u00e9n<\/span><\/p>\n<hr>\n<h3>Ameghino igual\u00f3 la final de la Liga Argentina<\/h3>\n<\/p>\n<\/section>\n<\/div>\n<div class=\"custom-text \" readability=\"38\">\n<p>&#8220;Hace unos a\u00f1os, compar\u00e9 a Max con Senna y todos se rieron. <strong>Los cr\u00edticos de entonces est\u00e1n perdiendo poco a poco sus argumentos.<\/strong> Max no solo se ha desarrollado como piloto de carreras, sino tambi\u00e9n como persona. Su incre\u00edble vuelta de calificaci\u00f3n en M\u00f3naco el s\u00e1bado se acerca al nivel de Senna. Max es el mejor en todas las condiciones&#8221;, se\u00f1alo Marko.<\/p>\n<\/div>\n<div class=\"sc-e7b891c4-0 jPbnQF\"><img alt=\"Marko y Vestappen festejan en M\u00f3naco. (Getty Images\/AFP)\" src=\"http:\/\/cordobadirecto.com\/wp-content\/uploads\/2023\/06\/verstappen-no-ve-a-perez-como-una-amenaza-seria-en-la-lucha-por-el-campeonato-3.jpg\" width=\"72\" height=\"10\" decoding=\"async\" data-nimg=\"future\" loading=\"lazy\"><span class=\"epigraphe\">Marko y Vestappen festejan en M\u00f3naco. (Getty Images\/AFP)<\/span><\/div>\n<div class=\"custom-text \" readability=\"41\">\n<p>Tambi\u00e9n aprovech\u00f3 para hablar de Mercedes, quienes en las \u00faltimas carreras han mostrado algunas mejoras en el monoplaza, aunque todav\u00eda no est\u00e1n al nivel de luchar cabeza a cabeza con los del Toro Rojo. &#8220;Quiz\u00e1 Mercedes tenga un as bajo la manga en Barcelona con este nuevo concepto. Sin embargo, ser\u00eda una aut\u00e9ntica sorpresa si logran igualar nuestro nivel de rendimiento. <strong>Adem\u00e1s, si lo logran, tendr\u00edan que mantener constantemente nuestro ritmo de desarrollo&#8221;, afirm\u00f3 en charla con OE24.<\/strong><\/p>\n<\/div>\n<div class=\"custom-text \" readability=\"39\">\n<p>Hasta ahora, la lucha entre los dos pilotos se ha desarrollado de la siguiente manera: Verstappen ha logrado cuatro primeros puestos y dos segundos, mientras que Checo ha conseguido dos triunfos y dos segundos lugares, pero tambi\u00e9n termin\u00f3 quinto y en M\u00f3naco qued\u00f3 en el puesto 16. As\u00ed se encuentran en el campeonato de pilotos: el bicampe\u00f3n vigente est\u00e1 en el primer lugar con 144 puntos y P\u00e9rez, en segundo lugar con 105.<\/p>\n<\/div>\n<div class=\"sc-e7b891c4-0 jPbnQF\"><img alt=\"Mercedes para Marko no es rival (AP)\" src=\"http:\/\/cordobadirecto.com\/wp-content\/uploads\/2023\/06\/verstappen-no-ve-a-perez-como-una-amenaza-seria-en-la-lucha-por-el-campeonato-4.jpg\" width=\"72\" height=\"10\" decoding=\"async\" data-nimg=\"future\" loading=\"lazy\"><span class=\"epigraphe\">Mercedes para Marko no es rival (AP)<\/span><\/div>\n<div class=\"custom-text \" readability=\"40\">\n<p>En noviembre del a\u00f1o pasado comenzaron las primeras discusiones, pero no pasaban a mayores. Hasta que en este a\u00f1o, surgi\u00f3 una de las primeras declaraciones cruzadas debido a un enojo del nacido en Guadalajara.<strong> &#8220;Si Max tiene dos campeonatos, es gracias a m\u00ed&#8221;, expres\u00f3 Checo en caliente despu\u00e9s del Gran Premio.<\/strong> El corredor de Red Bull se molest\u00f3 porque el campe\u00f3n no quiso ceder la posici\u00f3n. Estas palabras surgieron debido a la destacada actuaci\u00f3n que hab\u00eda tenido en la \u00faltima carrera del 2022, cuando logr\u00f3 retrasar a Hamilton y permiti\u00f3 que Max remontara y se quedara con su primer campeonato.<\/p>\n<\/div>\n<div class=\"sc-a7166897-0 exHLBh\" readability=\"6\">\n<section readability=\"2\"><picture><img alt=\"Djokovic y su curioso parche en el pecho: &quot;Intento imitar a Ironman&quot;\" src=\"http:\/\/cordobadirecto.com\/wp-content\/uploads\/2023\/06\/verstappen-no-ve-a-perez-como-una-amenaza-seria-en-la-lucha-por-el-campeonato-5.jpg\" width=\"29\" height=\"29\" decoding=\"async\" data-nimg=\"future\" loading=\"lazy\"><\/picture>\n<p><span>Mir\u00e1 tambi\u00e9n<\/span><\/p>\n<hr>\n<h3>Djokovic y su curioso parche en el pecho: &#8220;Intento imitar a Ironman&#8221;<\/h3>\n<\/p>\n<\/section>\n<\/div>\n<div class=\"custom-text \" readability=\"39\">\n<p> A partir de esa actitud, las discusiones fueron aumentando. Una de las m\u00e1s recientes ocurri\u00f3 en Arabia Saudita. P\u00e9rez saboreaba su victoria y el punto extra que obtendr\u00eda por haber conseguido la vuelta m\u00e1s r\u00e1pida,<strong> pero en la \u00faltima vuelta, el neerland\u00e9s aceler\u00f3 al m\u00e1ximo y le arrebat\u00f3 ese bono a su compa\u00f1ero,<\/strong> ignorando la solicitud del equipo de mantener las cosas como estaban.<\/p>\n<\/div>\n<div class=\"sc-e7b891c4-0 jPbnQF\"><img alt=\"Max se centra en el campeonato.(AFP)\" src=\"http:\/\/cordobadirecto.com\/wp-content\/uploads\/2023\/06\/verstappen-no-ve-a-perez-como-una-amenaza-seria-en-la-lucha-por-el-campeonato-6.jpg\" width=\"72\" height=\"10\" decoding=\"async\" data-nimg=\"future\" loading=\"lazy\"><span class=\"epigraphe\">Max se centra en el campeonato.(AFP)<\/span><\/div>\n<p><h2>Max habl\u00f3 solo de Red Bull<\/h2>\n<\/p>\n<div class=\"custom-text \" readability=\"36\">\n<p><strong>&#8220;Por el momento parece que podemos ganar todas las carreras, pero eso es poco probable que suceda<\/strong>. Siempre hay cosas que no van por el buen camino, quiz\u00e1s por una retirada\u201d, dijo. <\/p>\n<\/div>\n<div class=\"custom-text \" readability=\"39\">\n<p>Tambi\u00e9n, habl\u00f3 de los cambios que quiere imponer la F1 para intentar cerrar las diferencias entre su escuder\u00eda y las dem\u00e1s.<strong> \u201cSimplemente mantengan las regulaciones similares durante mucho tiempo<\/strong>. Tan pronto como cambias algo, los equipos encuentran la manera de hacerlo mejor que los dem\u00e1s y a otros equipos les llevar\u00e1 tiempo cerrar la brecha&#8221;, concluy\u00f3 en el Media day de Barcelona, donde se correr\u00e1 la pr\u00f3xima fecha del certamen.<\/p>\n<\/div>\n<div class=\"sc-a7166897-0 exHLBh\" readability=\"6\">\n<section readability=\"2\"><picture><img alt=\"Victoria de Tom\u00e1s Etcheverry y ca\u00edda de Pedro Cach\u00edn en Roland Garros\" src=\"http:\/\/cordobadirecto.com\/wp-content\/uploads\/2023\/06\/verstappen-no-ve-a-perez-como-una-amenaza-seria-en-la-lucha-por-el-campeonato-7.jpg\" width=\"29\" height=\"29\" decoding=\"async\" data-nimg=\"future\" loading=\"lazy\"><\/picture>\n<p><span>Mir\u00e1 tambi\u00e9n<\/span><\/p>\n<hr>\n<h3>Victoria de Tom\u00e1s Etcheverry y ca\u00edda de Pedro Cach\u00edn en Roland Garros<\/h3>\n<\/p>\n<\/section>\n<\/div>\n<\/div>\n","protected":false},"excerpt":{"rendered":"<p>01\/06\/2023 16:55hs. Desde que son compa\u00f1eros, Sergio P\u00e9rez y Max Verstappen han tenido sus diferencias. Tanto esta temporada como en la anterior hubo ciertos cortocircuitos entre ambos. Helmut Marko volvi\u00f3 a hablar acerca de c\u00f3mo est\u00e1n las cosas en este equipo, luego del \u00faltimo fin de semana en el que el neerland\u00e9s volvi\u00f3 a ganar [&hellip;]<\/p>\n","protected":false},"author":1,"featured_media":117943,"comment_status":"closed","ping_status":"closed","sticky":false,"template":"","format":"standard","meta":[],"categories":[21],"tags":[],"_links":{"self":[{"href":"http:\/\/cordobadirecto.com\/index.php\/wp-json\/wp\/v2\/posts\/117942"}],"collection":[{"href":"http:\/\/cordobadirecto.com\/index.php\/wp-json\/wp\/v2\/posts"}],"about":[{"href":"http:\/\/cordobadirecto.com\/index.php\/wp-json\/wp\/v2\/types\/post"}],"author":[{"embeddable":true,"href":"http:\/\/cordobadirecto.com\/index.php\/wp-json\/wp\/v2\/users\/1"}],"replies":[{"embeddable":true,"href":"http:\/\/cordobadirecto.com\/index.php\/wp-json\/wp\/v2\/comments?post=117942"}],"version-history":[{"count":0,"href":"http:\/\/cordobadirecto.com\/index.php\/wp-json\/wp\/v2\/posts\/117942\/revisions"}],"wp:featuredmedia":[{"embeddable":true,"href":"http:\/\/cordobadirecto.com\/index.php\/wp-json\/wp\/v2\/media\/117943"}],"wp:attachment":[{"href":"http:\/\/cordobadirecto.com\/index.php\/wp-json\/wp\/v2\/media?parent=117942"}],"wp:term":[{"taxonomy":"category","embeddable":true,"href":"http:\/\/cordobadirecto.com\/index.php\/wp-json\/wp\/v2\/categories?post=117942"},{"taxonomy":"post_tag","embeddable":true,"href":"http:\/\/cordobadirecto.com\/index.php\/wp-json\/wp\/v2\/tags?post=117942"}],"curies":[{"name":"wp","href":"https:\/\/api.w.org\/{rel}","templated":true}]}}