{"id":11797,"date":"2021-07-26T20:29:00","date_gmt":"2021-07-26T20:29:00","guid":{"rendered":"http:\/\/cordobadirecto.com\/index.php\/2021\/07\/26\/eeuu-mantiene-las-restricciones-para-los-viajes-internacionales\/"},"modified":"2021-07-26T20:29:00","modified_gmt":"2021-07-26T20:29:00","slug":"eeuu-mantiene-las-restricciones-para-los-viajes-internacionales","status":"publish","type":"post","link":"http:\/\/cordobadirecto.com\/index.php\/2021\/07\/26\/eeuu-mantiene-las-restricciones-para-los-viajes-internacionales\/","title":{"rendered":"EEUU mantiene las restricciones para los viajes internacionales"},"content":{"rendered":"<div class=\"image\" id=\"image\" readability=\"7\"> <img src=\"http:\/\/cordobadirecto.com\/wp-content\/uploads\/2021\/07\/eeuu-mantiene-las-restricciones-para-los-viajes-internacionales.jpg\" alt=\"El crecimiento de la varible Delta provoc\u00f3 que se prorroguen las restricciones de viaje en EEUU\" title=\"El crecimiento de la varible Delta provoc\u00f3 que se prorroguen las restricciones de viaje en EEUU\"><\/p>\n<p>El crecimiento de la varible Delta provoc\u00f3 que se prorroguen las restricciones de viaje en EEUU<\/p>\n<\/div>\n<p>El Gobierno de Estados Unidos anunci\u00f3 este lunes que mantendr\u00e1 las restricciones vigentes para los viajes internacionales debido a la propagaci\u00f3n de la variante Delta del coronavirus, a pesar de los pedidos de reciprocidad de la Uni\u00f3n Europea (UE) y mientras las autoridades proyectan que la tendencia del aumento de contagios en el pa\u00eds continuar\u00e1.<\/p>\n<p><strong>&#8220;Vamos a mantener las restricciones existentes&#8221;, afirm\u00f3 la vocera de la Casa Blanca, Jen Psaki<\/strong>, citada por la agencia de noticias AFP.<\/p>\n<p><strong>&#8220;La variante Delta, m\u00e1s contagiosa, se est\u00e1 extendiendo tanto aqu\u00ed como en el extranjero&#8221;<\/strong>, declar\u00f3 la funcionaria.<\/p>\n<p>En la misma l\u00ednea, advirti\u00f3 que es probable que la tendencia de aumento de contagios contin\u00fae &#8220;en las pr\u00f3ximas semanas&#8221;, y reiter\u00f3 que afecta principalmente a personas no vacunadas.<\/p>\n<p>La decisi\u00f3n se adopt\u00f3 en medio de un<strong> nuevo aumento de casos de coronavirus debido a la variante Delta, que actualmente representa m\u00e1s de 89% de las infecciones en el pa\u00eds, y a la reticencia de muchos a vacunarse.<\/strong><\/p>\n<p>En ese contexto, 57 grupos que representan a millones de m\u00e9dicos, enfermeras, farmac\u00e9uticos y otros profesionales de la salud pidieron la vacunaci\u00f3n obligatoria para los trabajadores de la salud.<\/p>\n<p><strong>&#8220;La salud y la seguridad de los trabajadores, las familias, los residentes y la naci\u00f3n de Estados Unidos dependen de ello&#8221;,<\/strong> afirmaron en la declaraci\u00f3n.<\/p>\n<p>Washington restringi\u00f3 los viajes desde la UE, el Reino Unido, China e Ir\u00e1n hace m\u00e1s de un a\u00f1o debido a la pandemia de coronavirus, y luego agreg\u00f3 otros pa\u00edses, incluidos Brasil e India.<\/p>\n<div class=\"image\" id=\"image\" readability=\"8\"> <img src=\"http:\/\/cordobadirecto.com\/wp-content\/uploads\/2021\/07\/eeuu-mantiene-las-restricciones-para-los-viajes-internacionales-1.jpg\" alt=\"&quot;Vamos a mantener las restricciones existentes&quot;, afirm\u00f3 la vocera de la Casa Blanca\" title=\"&quot;Vamos a mantener las restricciones existentes&quot;, afirm\u00f3 la vocera de la Casa Blanca\"><\/p>\n<p>&#8220;Vamos a mantener las restricciones existentes&#8221;, afirm\u00f3 la vocera de la Casa Blanca<\/p>\n<\/div>\n<p><br open><br \/>\n<strong>En junio pasado, la UE se abri\u00f3 a los viajeros de Estados Unidos que tuvieran certificado de vacunaci\u00f3n o pruebas negativas al virus, bajo la presi\u00f3n de naciones dependientes del turismo, como Grecia, Espa\u00f1a e Italia<\/strong>, que tem\u00edan otro a\u00f1o problem\u00e1tico.<\/p>\n<p>Tras la apertura, los l\u00edderes de la UE exhortaron a Estados Unidos a mostrar reciprocidad y el 15 de julio el presidente Joe Biden contest\u00f3 que tendr\u00eda una respuesta sobre el tema &#8220;en los pr\u00f3ximos d\u00edas&#8221;, despu\u00e9s de los pedidos de la canciller alemana, Angela Merkel.<\/p>\n<p>En paralelo a estas medidas preventivas,<strong> el alcalde de Nueva York, Bill de Blasio, inform\u00f3 que exigir\u00e1 a todos los trabajadores p\u00fablicos de la ciudad que se vacunen contra la Covid-19 o que se sometan a test semanales.<\/strong><\/p>\n<p>Esta medida entrar\u00e1 en vigor el 13 de septiembre, el mismo d\u00eda del inicio del ciclo lectivo, y afectar\u00e1 a m\u00e1s de 340.000 personas, entre ellos polic\u00edas, bomberos y profesores, de la mayor ciudad de Estados Unidos, que se encuentra actualmente amenazada por la cepa Delta.<\/p>\n<p>&#8220;El objetivo es nuestra recuperaci\u00f3n, el objetivo es proteger a la gente&#8221;, explic\u00f3 De Blasio en conferencia de prensa.<\/p>\n<p>La semana pasada, De Blasio hab\u00eda advertido que miles de empleados de los hospitales p\u00fablicos de Nueva York tendr\u00edan que vacunarse contra el coronavirus o someterse a pruebas semanales, pero <strong>ampli\u00f3 el requisito e inst\u00f3 a los empleadores privados a adoptar reglas similares.<\/strong><\/p>\n<p><strong>\u201cMi mensaje para el sector privado es: vaya tan lejos como pueda ahora; recomiendo encarecidamente un mandato de vacunaci\u00f3n siempre que sea posible, o lo m\u00e1s cerca posible&#8221;, r<\/strong>ecomend\u00f3.<\/p>\n<p>El alcalde dijo que no planea volver a imponer el uso de barbijos en espacios cerrados, tal como hizo el condado de Los \u00c1ngeles, aunque destac\u00f3 que s\u00ed se deben utilizar en algunos entornos como el transporte p\u00fablico.<\/p>\n<p>No obstante, los empleados de la ciudad no vacunados deber\u00e1n usar tapabocas dentro de los espacios laborales en todo momento, y en caso de negarse a cumplirlo, &#8220;no podr\u00e1n estar en el trabajo y, de hecho, no se les pagar\u00e1&#8221;, anticip\u00f3 la comisionada de Relaciones Laborales de la ciudad, Renee Campion.<\/p>\n<div class=\"image\" id=\"image\" readability=\"8\"> <img src=\"http:\/\/cordobadirecto.com\/wp-content\/uploads\/2021\/07\/eeuu-mantiene-las-restricciones-para-los-viajes-internacionales-2.jpg\" alt=\"El alcalde de Nueva York inform\u00f3 que exigir\u00e1 a todos los trabajadores p\u00fablicos de la ciudad que se vacunen o que se sometan a test semanales.\" title=\"El alcalde de Nueva York inform\u00f3 que exigir\u00e1 a todos los trabajadores p\u00fablicos de la ciudad que se vacunen o que se sometan a test semanales.\"><\/p>\n<p>El alcalde de Nueva York inform\u00f3 que exigir\u00e1 a todos los trabajadores p\u00fablicos de la ciudad que se vacunen o que se sometan a test semanales.<\/p>\n<\/div>\n<p><br open><br \/>\nEn Nueva York,<strong> 59% de los habitantes recibi\u00f3 al menos una dosis de la vacuna anti-Covid-19, mientras aproximadamente 65% de los adultos est\u00e1 completamente vacunado.<\/strong><\/p>\n<p>Dos datos, sin embargo, encendieron alarmas: a principios abril se registraban m\u00e1s de 100.000 dosis administradas por d\u00eda, pero ahora la cifra diaria no supera las 18.000, y desde fines de junio se experiment\u00f3 un aumento en m\u00e1s de 300% en el promedio diario de contagios.<\/p>\n<p>Funcionarios de salud aseguraron que la variante Delta representa aproximadamente siete de cada 10 casos nuevos.<\/p>\n<p>Estados Unidos acumulaba m\u00e1s de 34,4 millones de casos de coronavirus y m\u00e1s de 610.900 fallecidos a causa de la enfermedad desde el inicio de la pandemia.<\/p>\n<p>El pa\u00eds, uno de los pocos productores de vacunas, comenz\u00f3 con un acelerado plan de vacunaci\u00f3n desde fines de 2020, pero se estanc\u00f3 con el correr del tiempo.<\/p>\n<p><strong>A nivel nacional, 57% de los ciudadanos recibi\u00f3 al menos una dosis y 49% est\u00e1 totalmente vacunado<\/strong>, y de los inmunizados, los mayores de 65 a\u00f1os son los m\u00e1s receptivos a la vacunaci\u00f3n.<\/p>\n<p>A diferencia de la mayor\u00eda de los pa\u00edses, Estados Unidos nunca se enfrent\u00f3 a problemas de escasez de vacunas, por lo que el alto n\u00famero de personas no inmunizadas responde al escepticismo de un gran porcentaje de la poblaci\u00f3n y los movimientos antivacunas.<\/p>\n<p><strong>Los estados m\u00e1s reticentes a la vacunaci\u00f3n son Idaho y Wyoming, en el noroeste del pa\u00eds, y los estados del sureste como Arkansas, Louisiana, Tensessee, Mississipi, Alabama, Georgia y Carolina del Sur, mientras presentan mayor receptividad Nueva York, Vermont, Maine, Massachusets, Connecticut, Nueva Jersey, Mariland, Nueva M\u00e9xico y Washington.<\/strong> <\/p>\n","protected":false},"excerpt":{"rendered":"<p>El crecimiento de la varible Delta provoc\u00f3 que se prorroguen las restricciones de viaje en EEUU El Gobierno de Estados Unidos anunci\u00f3 este lunes que mantendr\u00e1 las restricciones vigentes para los viajes internacionales debido a la propagaci\u00f3n de la variante Delta del coronavirus, a pesar de los pedidos de reciprocidad de la Uni\u00f3n Europea (UE) [&hellip;]<\/p>\n","protected":false},"author":1,"featured_media":11798,"comment_status":"closed","ping_status":"closed","sticky":false,"template":"","format":"standard","meta":[],"categories":[24],"tags":[],"_links":{"self":[{"href":"http:\/\/cordobadirecto.com\/index.php\/wp-json\/wp\/v2\/posts\/11797"}],"collection":[{"href":"http:\/\/cordobadirecto.com\/index.php\/wp-json\/wp\/v2\/posts"}],"about":[{"href":"http:\/\/cordobadirecto.com\/index.php\/wp-json\/wp\/v2\/types\/post"}],"author":[{"embeddable":true,"href":"http:\/\/cordobadirecto.com\/index.php\/wp-json\/wp\/v2\/users\/1"}],"replies":[{"embeddable":true,"href":"http:\/\/cordobadirecto.com\/index.php\/wp-json\/wp\/v2\/comments?post=11797"}],"version-history":[{"count":0,"href":"http:\/\/cordobadirecto.com\/index.php\/wp-json\/wp\/v2\/posts\/11797\/revisions"}],"wp:featuredmedia":[{"embeddable":true,"href":"http:\/\/cordobadirecto.com\/index.php\/wp-json\/wp\/v2\/media\/11798"}],"wp:attachment":[{"href":"http:\/\/cordobadirecto.com\/index.php\/wp-json\/wp\/v2\/media?parent=11797"}],"wp:term":[{"taxonomy":"category","embeddable":true,"href":"http:\/\/cordobadirecto.com\/index.php\/wp-json\/wp\/v2\/categories?post=11797"},{"taxonomy":"post_tag","embeddable":true,"href":"http:\/\/cordobadirecto.com\/index.php\/wp-json\/wp\/v2\/tags?post=11797"}],"curies":[{"name":"wp","href":"https:\/\/api.w.org\/{rel}","templated":true}]}}