{"id":120222,"date":"2023-06-17T14:11:08","date_gmt":"2023-06-17T14:11:08","guid":{"rendered":"http:\/\/cordobadirecto.com\/index.php\/2023\/06\/17\/ecko-dejamos-nuestro-granito-en-el-freestyle-y-de-ahi-se-creo-este-monstruo-imparable\/"},"modified":"2023-06-17T14:11:08","modified_gmt":"2023-06-17T14:11:08","slug":"ecko-dejamos-nuestro-granito-en-el-freestyle-y-de-ahi-se-creo-este-monstruo-imparable","status":"publish","type":"post","link":"http:\/\/cordobadirecto.com\/index.php\/2023\/06\/17\/ecko-dejamos-nuestro-granito-en-el-freestyle-y-de-ahi-se-creo-este-monstruo-imparable\/","title":{"rendered":"Ecko: &#8220;Dejamos nuestro granito en el freestyle y de ah\u00ed se cre\u00f3 este monstruo imparable&#8221;"},"content":{"rendered":"<figure class=\"mb-3\"><img loading=\"lazy\" data-src=\"http:\/\/cordobadirecto.com\/wp-content\/uploads\/2023\/06\/ecko-dejamos-nuestro-granito-en-el-freestyle-y-de-ahi-se-creo-este-monstruo-imparable.jpg\" src=\"https:\/\/www.telam.com.ar\/assets\/img\/not_image.png\" class=\" lazy \" width=\"100%\" height=\"100%\" alt=\"Foto Prensa\"><figcaption> Foto: Prensa. <\/figcaption><\/figure>\n<p>El rapero Ecko, m\u00edtica figura de las batallas de freestyle y protagonista de la nueva escena urbana, se\u00f1al\u00f3 que <strong>&#8220;fue la expresi\u00f3n de la juventud&#8221;<\/strong> la que aport\u00f3 la fuerza necesaria para refundar desde las plazas y las competencias una escena musical que sigue creciendo como &#8220;un monstruo imparable&#8221;, al conversar con T\u00e9lam sobre los recientes estrenos de la segunda temporada de &#8220;D\u00edas de gallos&#8221;, la serie de HBO Max que protagoniza con \u00c1ngela Torres, y de su disco titulado &#8220;Mafia Lirical&#8221;.<\/p>\n<p>Ignacio Mat\u00edas Spallati, nacido y criado en Villa Luzuriaga, en el partido bonaerense de La Matanza, fue uno de los primeros grandes referentes del hist\u00f3rico Quinto Escal\u00f3n, la competencia de freestyle callejero, que salt\u00f3 de las plazas a las grabaciones: durante un tiempo guiado por los sonidos del trap -con varios hitos encima como su \u00e1lbum &#8220;Young Golden&#8221; de 2020- fue luego uno de los primeros en saltar hacia otros g\u00e9neros urbanos como el reggaet\u00f3n, la cumbia y el rkt.<\/p>\n<p>Al evocar <strong>aquellos a\u00f1os en el Parque Rivadavia<\/strong>, Ecko sentencia que la cultura del hip-hop expresada en las competencias era algo que &#8220;necesit\u00e1bamos los pibes&#8221; y agreg\u00f3: &#8220;Yo lo ve\u00eda como un escape de mi vida cotidiana y de la realidad. Cada uno quiz\u00e1s ten\u00eda sus mambos y quilombos, pero iba a la plaza a despejarse un rato tirando un par de rimas&#8221;.<\/p>\n<p><strong>&#8220;Eso tambi\u00e9n se ve muy reflejado en esta serie. Se muestra c\u00f3mo la vida de cada uno tiene sus diferentes problemas y lo que los despeja es ir a la plaza&#8221;<\/strong>, se\u00f1al\u00f3 sobre &#8220;D\u00edas de gallos&#8221;, su primer trabajo como actor y donde encarna a Le\u00f3n Quinteros, un joven que termina -al igual que \u00e9l- haci\u00e9ndose de un nombre dentro del mundo de las batallas y coronando en lo m\u00e1s alto.<\/p>\n<p>La segunda temporada, estrenada este jueves, comienza con un &#8220;Le\u00f3n bien arriba y consagrado&#8221; pero al que le espera &#8220;pasar por diferentes etapas&#8221; y afrontar &#8220;el \u00e9xito, que as\u00ed como trae cosas buenas tambi\u00e9n trae diversos problemas que antes no ten\u00eda y que capaz ni se imaginaba&#8221;, detall\u00f3 el cantante, a la vez que agreg\u00f3: &#8220;La vida misma contra todas las adversidades que se le van a presentar ahora; con su grupo de amigos que se empieza a dividir un poco&#8221;.<\/p>\n<p>Sobre la identificaci\u00f3n con el personaje y su contexto, reconoci\u00f3 que si bien la serie &#8220;toca puntos&#8221; en los que se vio reflejado, sobre todo por las escenas de batalla en la plaza, &#8220;no intenta contar la historia del freestyle desde su inicio o ser una historia ver\u00eddica, porque es una ficci\u00f3n y cada personaje tiene su vida, s\u00f3lo que a todos los une el freestyle&#8221;.<\/p>\n<p>Adem\u00e1s de renombrados competidores de la escena nacional que encarnan diversos personajes relacionados con la disciplina (est\u00e1n Stuart, Cacha, Klan, El Misionero y Roma, por ejemplo), para esta segunda entrega contar\u00e1 con una participaci\u00f3n especial de Aczino, el MC mexicano, con 26 t\u00edtulos en su haber entre los que destacan varias Red Bull y FMS: &#8220;Para m\u00ed es el mejor de todos los tiempos, que aparezca le da una credibilidad mucho m\u00e1s grande a la serie&#8221;, enfatiz\u00f3.<\/p>\n<figure class=\"mb-3\"><img loading=\"lazy\" data-src=\"http:\/\/cordobadirecto.com\/wp-content\/uploads\/2023\/06\/ecko-dejamos-nuestro-granito-en-el-freestyle-y-de-ahi-se-creo-este-monstruo-imparable-1.jpg\" src=\"https:\/\/www.telam.com.ar\/assets\/img\/not_image.png\" class=\" lazy \" width=\"100%\" height=\"100%\" alt=\"Foto Prensa\"><figcaption> Foto: Prensa. <\/figcaption><\/figure>\n<p>Compartir el rodaje con algunos de sus viejos contrincantes trajo para Ecko una nostalgia por aquellos primeros a\u00f1os en las rimas: &#8220;Nosotros, sin querer hacerlo, est\u00e1bamos fomentando una nueva herramienta para todos los pibes que ahora ven al freestyle como un laburo, pero para nosotros era ir sin imaginarnos que iba a pasar todo esto. Me pone contento por todos, porque claramente dejamos nuestro granito de arena en el freestyle y eso hizo que se cree este monstruo que es ahora, que ya se volvi\u00f3 algo imparable. Hoy es algo muy com\u00fan en la cultura argentina&#8221;.<\/p>\n<p><strong>&#8211; \u00bfLas batallas terminaron de volverse una disciplina casi deportiva en los \u00faltimos a\u00f1os?<\/strong><br \/>Ecko: S\u00ed, se volvi\u00f3 un deporte, como todo. As\u00ed como es una nueva herramienta de laburo para muchos pibes, tambi\u00e9n dej\u00f3 de ser ese hobby que uno disfrutaba tanto. Pero est\u00e1 en uno saber c\u00f3mo manejarlo y c\u00f3mo seguir disfrut\u00e1ndolo. Por eso es que hay muchos buenos competidores que terminan alej\u00e1ndose de las batallas, porque dicen que prefieren verlo desde otro lado. Eso fue un poco lo que me pas\u00f3 a m\u00ed: yo lo disfrutaba mucho pero llegu\u00e9 a sentir cierta presi\u00f3n, a sentirme obligado de ganar en todo lo que compitiera y en todo lo que la gente me pidiera. Fue una presi\u00f3n que tuve que saber manejar en su momento, pero que no deja de ser tambi\u00e9n una adrenalina hermosa cuando te sub\u00eds a competir, y m\u00e1s con el nivel que hay hoy en d\u00eda.<\/p>\n<p><strong>&#8211; El a\u00f1o pasado sorprendiste a todos con tu vuelta a una competencia. \u00bfEst\u00e1s para otra vuelta?<\/strong><br \/>&#8211; S\u00ed, volv\u00ed en DEM Battles y me fue bien. Era picante porque hab\u00eda mucho nivel; me encontr\u00e9 con una nueva generaci\u00f3n, con muchos pibes nuevos que est\u00e1n re afilados y est\u00e1n todo el d\u00eda meti\u00e9ndole. Lo disfrut\u00e9 y no descarto volver a ir. Creo que me siento m\u00e1s c\u00f3modo ah\u00ed en una plaza que arriba de un escenario y con tanta organizaci\u00f3n alrededor. Me hab\u00edan hablado de muchos formatos, de exhibiciones para FMS y otras competencias, pero prefer\u00ed la plaza. Ahora me est\u00e1n agarrando ganas de volver al freestyle a partir de que estuvimos grabando esta segunda temporada. Me re motiv\u00f3 y me puso m\u00e1s manija. Siempre en los rodajes escuchaba a los pibes hablar de alguna que otra competencia. Y hablaban mucho de DEM, que estaba apuntando a ser el nuevo Quinto Escal\u00f3n. Les dije que me iba a anotar pero no me cre\u00eda nadie. &#8220;Van a ver que el domingo voy&#8221;, les dije. Cuando hice la clasificaci\u00f3n en una ronda de diez, eran nueve contra uno. Despu\u00e9s compet\u00ed en un &#8220;3 vs.3&#8221; con Dangelus y Mito, que vino en reemplazo de Cacha que estaba enfermo.<\/p>\n<figure class=\"mb-3\"><img loading=\"lazy\" data-src=\"http:\/\/cordobadirecto.com\/wp-content\/uploads\/2023\/06\/ecko-dejamos-nuestro-granito-en-el-freestyle-y-de-ahi-se-creo-este-monstruo-imparable-2.jpg\" src=\"https:\/\/www.telam.com.ar\/assets\/img\/not_image.png\" class=\" lazy \" width=\"100%\" height=\"100%\" alt=\"Foto Prensa\"><figcaption> Foto: Prensa. <\/figcaption><\/figure>\n<p><strong>&#8211; Acab\u00e1s de lanzar &#8220;Mafia Lirical&#8221;, con el que decret\u00e1s tu regreso al trap. \u00bfPor qu\u00e9 dec\u00eds que este es tu disco m\u00e1s personal?<\/strong><br \/>&#8211; Bueno, decid\u00ed tirarlo el d\u00eda de mi cumplea\u00f1os. Despu\u00e9s de los discos anteriores que hab\u00eda soltado quiz\u00e1s en otro momento de mi vida, capaz experimentando m\u00e1s con la m\u00fasica y buscando nuevos rumbos, con este decid\u00ed darle un espacio al g\u00e9nero que me vio salir, al que le dediqu\u00e9 mis primeras canciones. Creo que es el g\u00e9nero que m\u00e1s me identifica a la hora de meterme en un estudio. M\u00e1s all\u00e1 de haber estado viajando, conociendo diferentes productores con los que pude experimentar en nuevos g\u00e9neros, sent\u00eda que necesitaba darme un \u00e1lbum enfocado al trap. As\u00ed es que naci\u00f3 este conjunto de canciones, historias y colaboraciones. Del freestyle, est\u00e1 Akapellah; tambi\u00e9n pude sellar otro junte con Bhavi, meter a Kidd Keo y a Blunted Vato, uno de los pioneros del trap en Argentina. Kidd Keo desde Espa\u00f1a tambi\u00e9n fue un pionero y alguien del que nosotros, los que \u00edbamos al Quinto Escal\u00f3n en esa \u00e9poca de 2016-2017, aprendimos mucho, por lo menos en mi estilo se ve reflejado. Tambi\u00e9n hay artistas m\u00e1s nuevos como JC Reyes, uno de los mejores de la actualidad.&nbsp;Esta vez las colaboraciones no las pens\u00e9 como algo estrat\u00e9gico para ver c\u00f3mo funcionaban en una canci\u00f3n, sino verdaderamente porque quer\u00eda que esos raperos estuviera en mi \u00e1lbum. Quer\u00eda escuchar sus barras en una canci\u00f3n m\u00eda. <\/p>\n","protected":false},"excerpt":{"rendered":"<p>Foto: Prensa. El rapero Ecko, m\u00edtica figura de las batallas de freestyle y protagonista de la nueva escena urbana, se\u00f1al\u00f3 que &#8220;fue la expresi\u00f3n de la juventud&#8221; la que aport\u00f3 la fuerza necesaria para refundar desde las plazas y las competencias una escena musical que sigue creciendo como &#8220;un monstruo imparable&#8221;, al conversar con T\u00e9lam [&hellip;]<\/p>\n","protected":false},"author":1,"featured_media":120223,"comment_status":"closed","ping_status":"closed","sticky":false,"template":"","format":"standard","meta":[],"categories":[20],"tags":[],"_links":{"self":[{"href":"http:\/\/cordobadirecto.com\/index.php\/wp-json\/wp\/v2\/posts\/120222"}],"collection":[{"href":"http:\/\/cordobadirecto.com\/index.php\/wp-json\/wp\/v2\/posts"}],"about":[{"href":"http:\/\/cordobadirecto.com\/index.php\/wp-json\/wp\/v2\/types\/post"}],"author":[{"embeddable":true,"href":"http:\/\/cordobadirecto.com\/index.php\/wp-json\/wp\/v2\/users\/1"}],"replies":[{"embeddable":true,"href":"http:\/\/cordobadirecto.com\/index.php\/wp-json\/wp\/v2\/comments?post=120222"}],"version-history":[{"count":0,"href":"http:\/\/cordobadirecto.com\/index.php\/wp-json\/wp\/v2\/posts\/120222\/revisions"}],"wp:featuredmedia":[{"embeddable":true,"href":"http:\/\/cordobadirecto.com\/index.php\/wp-json\/wp\/v2\/media\/120223"}],"wp:attachment":[{"href":"http:\/\/cordobadirecto.com\/index.php\/wp-json\/wp\/v2\/media?parent=120222"}],"wp:term":[{"taxonomy":"category","embeddable":true,"href":"http:\/\/cordobadirecto.com\/index.php\/wp-json\/wp\/v2\/categories?post=120222"},{"taxonomy":"post_tag","embeddable":true,"href":"http:\/\/cordobadirecto.com\/index.php\/wp-json\/wp\/v2\/tags?post=120222"}],"curies":[{"name":"wp","href":"https:\/\/api.w.org\/{rel}","templated":true}]}}