{"id":120243,"date":"2023-06-17T20:50:00","date_gmt":"2023-06-17T20:50:00","guid":{"rendered":"http:\/\/cordobadirecto.com\/index.php\/2023\/06\/17\/familiares-de-victimas-del-franquismo-esperanza-por-avances-y-miedo-a-la-derecha\/"},"modified":"2023-06-17T20:50:00","modified_gmt":"2023-06-17T20:50:00","slug":"familiares-de-victimas-del-franquismo-esperanza-por-avances-y-miedo-a-la-derecha","status":"publish","type":"post","link":"http:\/\/cordobadirecto.com\/index.php\/2023\/06\/17\/familiares-de-victimas-del-franquismo-esperanza-por-avances-y-miedo-a-la-derecha\/","title":{"rendered":"Familiares de v\u00edctimas del franquismo: &#8220;esperanza&#8221; por avances y &#8220;miedo&#8221; a la derecha"},"content":{"rendered":"<figure class=\"mb-3\"><img loading=\"lazy\" data-src=\"http:\/\/cordobadirecto.com\/wp-content\/uploads\/2023\/06\/familiares-de-victimas-del-franquismo-esperanza-por-avances-y-miedo-a-la-derecha.jpg\" src=\"https:\/\/www.telam.com.ar\/assets\/img\/not_image.png\" class=\" lazy \" width=\"100%\" height=\"100%\" alt=\"Foto archivo\"><figcaption> Foto: archivo. <\/figcaption><\/figure>\n<p>La <strong>Ley de Memoria Democr\u00e1tica de Espa\u00f1a, que reaviv\u00f3 desde su sanci\u00f3n en 2022 <\/strong>los debates en torno a la transici\u00f3n democr\u00e1tica, <strong>habilit\u00f3 que esta semana se comenzaran a exhumar por primera vez <\/strong>desde el Estado a las v\u00edctimas de la guerra civil (1936-1939) enterradas en la mayor fosa com\u00fan del pa\u00eds y renov\u00f3 las &#8220;esperanzas&#8221; de familiares, que en di\u00e1logo con T\u00e9lam advirtieron que una victoria de la derecha en las elecciones de julio podr\u00eda poner en jaque los &#8220;avances&#8221;.<\/p>\n<p>La madrugada del lunes, a la una y siete, las 128 familias que reclamaron por quienes est\u00e1n enterrados entre los 33.846 cuerpos que yacen en el monumental Valle de Cuelgamuros, a 54 kil\u00f3metros de Madrid, recibieron un correo donde el Gobierno de Pedro S\u00e1nchez les informaba que se iban a llevar a cabo las exhumaciones. Sin embargo, la noticia ya hab\u00eda sido dada por la prensa.<\/p>\n<p>&#8220;Es una forma muy poco delicada de tratar a familiares que llevamos a\u00f1os con esa pelea&#8221;, <strong>dijo a T\u00e9lam Emilio Silva, presidente de la Asociaci\u00f3n para la Recuperaci\u00f3n de la Memoria Hist\u00f3rica (ARMH) <\/strong>y nieto del primer desaparecido de la represi\u00f3n franquista identificado gen\u00e9ticamente.<\/p>\n<p>Al dar el anuncio, los funcionarios del Gobierno del Partido Socialista (PSOE) reconocieron algo que familiares de v\u00edctimas repiten: se llega &#8220;tarde&#8221;.<\/p>\n<figure class=\"mb-3\"><img loading=\"lazy\" data-src=\"http:\/\/cordobadirecto.com\/wp-content\/uploads\/2023\/06\/familiares-de-victimas-del-franquismo-esperanza-por-avances-y-miedo-a-la-derecha-1.jpg\" src=\"https:\/\/www.telam.com.ar\/assets\/img\/not_image.png\" class=\" lazy \" width=\"100%\" height=\"100%\" alt=\"Emilio Silva presidente de la Asociacin para la Recuperacin de la Memoria Histrica y nieto del primer desaparecido Foto archivo\"><figcaption> Emilio Silva, presidente de la Asociaci\u00f3n para la Recuperaci\u00f3n de la Memoria Hist\u00f3rica y nieto del primer desaparecido. Foto: archivo. <\/figcaption><\/figure>\n<p>La fosa, que el fallecido dictador Francisco Franco envi\u00f3 a construir en 1940 luego del fin de la Guerra Civil, es &#8220;un lugar de memoria democr\u00e1tica&#8221; desde el 19 de octubre de 2022, cuando Espa\u00f1a aprob\u00f3 la ley que reemplaz\u00f3 a la de Memoria Hist\u00f3rica de 2007, y que dispuso que el ex Valle de los Ca\u00eddos pase a llamarse Valle de Cuelgamuros.<\/p>\n<h2 class>El primer pedido de exhumaci\u00f3n<\/h2>\n<p>Se tramit\u00f3 por v\u00eda judicial y es el de los<strong> hermanos Manuel y Antonio Ramiro Lape\u00f1a<\/strong>, y es anterior a la norma. En 2016 lograron una sentencia hist\u00f3rica para recuperar los cad\u00e1veres. Las dem\u00e1s fueron reconocimientos administrativos.<\/p>\n<p>Pese a esa sentencia, la Fundaci\u00f3n Francisco Franco y un abogado particular pidieron a la Justicia que paralice los trabajos.<\/p>\n<p>En marzo, el Tribunal Supremo rechaz\u00f3 esos pedidos y allan\u00f3 el camino para las exhumaciones.<\/p>\n<p>La descendencia Lape\u00f1a falleci\u00f3 en su mayor\u00eda, pero vive <strong>Purificaci\u00f3n, que es la nieta y sobrina nieta<\/strong> respectivamente de los hermanos Manuel y Antonio, ambos fusilados en 1936 por el franquismo.<\/p>\n<figure class=\"mb-3\"><img loading=\"lazy\" data-src=\"http:\/\/cordobadirecto.com\/wp-content\/uploads\/2023\/06\/familiares-de-victimas-del-franquismo-esperanza-por-avances-y-miedo-a-la-derecha-2.jpg\" src=\"https:\/\/www.telam.com.ar\/assets\/img\/not_image.png\" class=\" lazy \" width=\"100%\" height=\"100%\" alt=\"Foto archivo\"><figcaption> Foto: archivo. <\/figcaption><\/figure>\n<p>&#8220;Tengo m\u00e1s esperanza ahora, pero tambi\u00e9n tengo un poco de miedo, porque hay familiares mayores que no tienen tiempo. Y si hay un cambio pol\u00edtico, esto se quedar\u00eda paralizado&#8221;, dijo Purificaci\u00f3n a T\u00e9lam.<\/p>\n<p>No se van a exhumar a los miles que yacen en la fosa, sino que<strong> cada familia tiene que presentar una instancia ante Patrimonio Nacional (que administra el espacio) y acreditar que all\u00ed est\u00e1 su familiar<\/strong>.<\/p>\n<p>Silva enfatiz\u00f3 que son a\u00f1os de pelea por &#8220;algo b\u00e1sico, como es el enterrar a un ser querido donde se le d\u00e9 la gana y no donde decidiera un dictador&#8221;, y es que su abuelo, como los otros miles de cuerpos que estaban dispersos por el pa\u00eds, poblaron Cuelgamuros por pedido de Franco.<\/p>\n<p>Como explic\u00f3 a esta agencia el <strong>presidente de la Federaci\u00f3n Estatal de Foros por la Memoria (FEFFM), Arturo Peinado<\/strong>, estos cuerpos son de &#8220;republicanos asesinados en la guerra y en a\u00f1os posteriores, que trasladaron sin permiso y conocimiento de las familias a la tumba de Franco, algo as\u00ed como a rendir honor al verdugo&#8221;.<\/p>\n<p>En tanto, el nieto de Emilio Silva Faba valor\u00f3 el anuncio oficial, pero lo compar\u00f3 con la exhumaci\u00f3n que logr\u00f3 la familia de Franco, que en 2019 llev\u00f3 al dictador con el ata\u00fad en hombros y al que pudieron ir los familiares &#8220;que quisieron&#8221;.<\/p>\n<p>El otro pol\u00edtico exhumado fue el fundador de Falange, Jos\u00e9 Antonio Primo de Rivera, en 2023.<\/p>\n<p>&#8220;Ambas partieron de oficio del Gobierno, pero las de las v\u00edctimas parten de las v\u00edctimas&#8221;, dijo a T\u00e9lam el <strong>abogado de la familia Lape\u00f1a, Eduardo Ranz<\/strong>.<\/p>\n<p>Purificaci\u00f3n coment\u00f3 que solicit\u00f3 permiso para asistir a las exhumaciones, de las cuales no participan.<\/p>\n<h2 class>El miedo a la pol\u00edtica<\/h2>\n<p>Pese a las cr\u00edticas por las demoras y los modos, los familiares valoran los avances y<strong> temen que estos sean revertidos en caso de un cambio de signo pol\u00edtico en julio<\/strong>.<\/p>\n<p>El temor se basa en que el Partido Popular (PP) es el que mejor se posiciona para ganar las elecciones del mes pr\u00f3ximo, seg\u00fan el promedio de encuestas realizado por RTVE y publicado el jueves.<\/p>\n<figure class=\"mb-3\"><img loading=\"lazy\" data-src=\"http:\/\/cordobadirecto.com\/wp-content\/uploads\/2023\/06\/familiares-de-victimas-del-franquismo-esperanza-por-avances-y-miedo-a-la-derecha-3.jpg\" src=\"https:\/\/www.telam.com.ar\/assets\/img\/not_image.png\" class=\" lazy \" width=\"100%\" height=\"100%\" alt=\"Foto archivo\"><figcaption> Foto: archivo. <\/figcaption><\/figure>\n<p>Este, al igual que su potencial aliado, el ultraderechista Vox, votaron en contra de la norma de 2022 y manifestaron que la derogar\u00edan, alegando que divide y reaviva heridas en la sociedad.<\/p>\n<p>Este a\u00f1o, <strong>presentaron recursos ante el Tribunal Constitucional para declararla inconstitucional<\/strong>.<\/p>\n<p>&#8220;Lo del PP es una falsa pelea, porque la ley no va a juzgar a ning\u00fan franquista. No va a hacer un censo de verdugos, va a hacer uno de v\u00edctimas&#8221;, dijo Silva, a cuya familia los falangistas le quitaron sus propiedades &#8220;a punta de pistola&#8221;.<\/p>\n<p>Ranz aspira a que las extracciones se produzcan &#8220;lo antes posible&#8221; para cotejar los ADN y, si bien no cree que se &#8220;ordene volver a introducir los cuerpos en Cuelgamuros&#8221;, teme por quienes &#8220;ahora realicen esa misma petici\u00f3n, ya que s\u00ed pueden ser afectadas por el cambio de Gobierno&#8221;.<\/p>\n<p>Los<strong> entrevistados piden no solo mantener la ley de 2022, sino tambi\u00e9n derogar la Ley de Amnist\u00eda de 1975 porque &#8220;funciona como una ley de punto final&#8221; <\/strong>y junto a otras normas &#8220;impiden el acceso a la justicia&#8221;, explic\u00f3 el titular de la FEFFM.<\/p>\n<p>En esa Ley de Amnist\u00eda, clave en la transici\u00f3n democr\u00e1tica, subyace la idea de reconciliaci\u00f3n. Incluso fue en cierta forma graficada en Cuelgamuros, donde v\u00edctimas y victimarios fueron igualados.<\/p>\n<p>Otra demanda de los familiares es la <strong>creaci\u00f3n de un organismo estatal que perdure m\u00e1s all\u00e1 de los vaivenes pol\u00edticos<\/strong> o que si &#8220;ganara la derecha, esta tendr\u00eda que hacer un trabajo m\u00e1s fuerte para eliminarla&#8221;, dijo el titular de ARMH.<\/p>\n<p>&#8220;El Gobierno eligi\u00f3 un modelo de subvenciones para buscar a los desaparecidos; distribuye recursos y las familias compiten entre ellas&#8221;, critic\u00f3 Silva, porque en caso de un Gobierno del PP y VOX solo alcanzar\u00eda con recortarlas o eliminarlas, como pas\u00f3 en otros gobiernos de derecha previos.<\/p>\n<figure class=\"mb-3\"><img loading=\"lazy\" data-src=\"http:\/\/cordobadirecto.com\/wp-content\/uploads\/2023\/06\/familiares-de-victimas-del-franquismo-esperanza-por-avances-y-miedo-a-la-derecha-4.jpg\" src=\"https:\/\/www.telam.com.ar\/assets\/img\/not_image.png\" class=\" lazy \" width=\"100%\" height=\"100%\" alt=\"Foto archivo\"><figcaption> Foto: archivo. <\/figcaption><\/figure>\n<p>Sin embargo, los consultados destacaron el paso -parcial- de un modelo de exhumaciones &#8220;privadas&#8221; y extrajudiciales a otro en el que el Estado se hace cargo de ellas, en un pa\u00eds en el que los familiares eran los encargados de buscar recursos y contratar forenses.<\/p>\n<p>&#8220;La nueva Ley de Memoria asume el deber p\u00fablico de las exhumaciones y lo financia&#8221;, dijo Ranz.<\/p>\n<p>De todos modos, las exhumaciones privadas &#8220;no dejan de existir, son permanentes desde el 2000, que empezaron a aparecer las fosas del franquismo&#8221;, aunque &#8220;jam\u00e1s apareci\u00f3 un juez&#8221;, explic\u00f3 Peinado.<\/p>\n<p><strong>La demanda de jueces y forenses oficiales es com\u00fan a los familiares. Adem\u00e1s, la reglamentaci\u00f3n de la norma a\u00fan est\u00e1 pendiente.<\/strong><\/p>\n<p>Esta semana el Gobierno nombr\u00f3 a Dolores Delgado como fiscal de sala de Memoria Democr\u00e1tica y Derechos Humanos, conforme a la Ley de Memoria, una nueva instancia para las v\u00edctimas.<\/p>\n<p>&#8220;En Espa\u00f1a hay mucha gente con muy bajo nivel democr\u00e1tico y pol\u00edtico. Los medios y los gobiernos no fomentaron una cultura democr\u00e1tica y pol\u00edtica&#8221;, dijo Purificaci\u00f3n.<\/p>\n<p>Para Peinado, el problema de &#8220;falta de cultura democr\u00e1tica&#8221; tiene que ver con que &#8220;el franquismo no fue derrotado en las calles&#8221; y porque &#8220;cuando ves los nombres de las v\u00edctimas, al mismo tiempo, se est\u00e1 se\u00f1alando a los verdugos. Y si ves los apellidos de muchos jerarcas de la dictadura, estos se repiten en las fuerzas conservadoras del Parlamento&#8221;. <\/p>\n","protected":false},"excerpt":{"rendered":"<p>Foto: archivo. La Ley de Memoria Democr\u00e1tica de Espa\u00f1a, que reaviv\u00f3 desde su sanci\u00f3n en 2022 los debates en torno a la transici\u00f3n democr\u00e1tica, habilit\u00f3 que esta semana se comenzaran a exhumar por primera vez desde el Estado a las v\u00edctimas de la guerra civil (1936-1939) enterradas en la mayor fosa com\u00fan del pa\u00eds y [&hellip;]<\/p>\n","protected":false},"author":1,"featured_media":120244,"comment_status":"closed","ping_status":"closed","sticky":false,"template":"","format":"standard","meta":[],"categories":[24],"tags":[],"_links":{"self":[{"href":"http:\/\/cordobadirecto.com\/index.php\/wp-json\/wp\/v2\/posts\/120243"}],"collection":[{"href":"http:\/\/cordobadirecto.com\/index.php\/wp-json\/wp\/v2\/posts"}],"about":[{"href":"http:\/\/cordobadirecto.com\/index.php\/wp-json\/wp\/v2\/types\/post"}],"author":[{"embeddable":true,"href":"http:\/\/cordobadirecto.com\/index.php\/wp-json\/wp\/v2\/users\/1"}],"replies":[{"embeddable":true,"href":"http:\/\/cordobadirecto.com\/index.php\/wp-json\/wp\/v2\/comments?post=120243"}],"version-history":[{"count":0,"href":"http:\/\/cordobadirecto.com\/index.php\/wp-json\/wp\/v2\/posts\/120243\/revisions"}],"wp:featuredmedia":[{"embeddable":true,"href":"http:\/\/cordobadirecto.com\/index.php\/wp-json\/wp\/v2\/media\/120244"}],"wp:attachment":[{"href":"http:\/\/cordobadirecto.com\/index.php\/wp-json\/wp\/v2\/media?parent=120243"}],"wp:term":[{"taxonomy":"category","embeddable":true,"href":"http:\/\/cordobadirecto.com\/index.php\/wp-json\/wp\/v2\/categories?post=120243"},{"taxonomy":"post_tag","embeddable":true,"href":"http:\/\/cordobadirecto.com\/index.php\/wp-json\/wp\/v2\/tags?post=120243"}],"curies":[{"name":"wp","href":"https:\/\/api.w.org\/{rel}","templated":true}]}}