{"id":120308,"date":"2023-06-18T03:06:59","date_gmt":"2023-06-18T03:06:59","guid":{"rendered":"https:\/\/www.bbc.com\/mundo\/noticias-65804129"},"modified":"2023-06-18T03:06:59","modified_gmt":"2023-06-18T03:06:59","slug":"el-hundimiento-del-altalena-el-barco-que-casi-termina-con-el-recien-nacido-estado-de-israel","status":"publish","type":"post","link":"http:\/\/cordobadirecto.com\/index.php\/2023\/06\/18\/el-hundimiento-del-altalena-el-barco-que-casi-termina-con-el-recien-nacido-estado-de-israel\/","title":{"rendered":"El hundimiento del Altalena, el barco que casi termina con el reci\u00e9n nacido Estado de Israel"},"content":{"rendered":"<div dir=\"ltr\" class=\"e1j2237y6 bbc-q4ibpr ebmt73l0\">\n<div class=\"bbc-1atl7vu euvj3t14\">\n<ul role=\"list\" class=\"bbc-k0l9bd euvj3t12\">\n<li role=\"listitem\" class=\"bbc-1a3w4ok euvj3t11\">Paula Rosas @melibea20<\/li>\n<li role=\"listitem\" class=\"bbc-1p92jtu euvj3t10\">BBC News Mundo<\/li>\n<\/ul>\n<\/div>\n<\/div>\n<p><time datetime=\"2023-06-18\" class=\"bbc-1dafq0j e1mklfmt0\">2 horas<\/time><\/p>\n<div dir=\"ltr\" class=\"bbc-1ka88fa ebmt73l0\">\n<figure class=\"bbc-1qdcvv9 e1aczekt0\">\n<div dir=\"ltr\" class=\"bbc-172p16q ebmt73l0\">\n<div dir=\"ltr\" class=\"bbc-189y18v ebmt73l0\" readability=\"6.5\">\n<div data-e2e=\"image-placeholder\" class=\"bbc-997y1y eihqrxw0\" readability=\"8\"><img loading=\"lazy\" sizes=\"(min-width: 1008px) 645px, 100vw\" srcset=\"http:\/\/cordobadirecto.com\/wp-content\/uploads\/2023\/06\/el-hundimiento-del-altalena-el-barco-que-casi-termina-con-el-recien-nacido-estado-de-israel-8.jpg 240w, http:\/\/cordobadirecto.com\/wp-content\/uploads\/2023\/06\/el-hundimiento-del-altalena-el-barco-que-casi-termina-con-el-recien-nacido-estado-de-israel-9.jpg 320w, http:\/\/cordobadirecto.com\/wp-content\/uploads\/2023\/06\/el-hundimiento-del-altalena-el-barco-que-casi-termina-con-el-recien-nacido-estado-de-israel-10.jpg 480w, http:\/\/cordobadirecto.com\/wp-content\/uploads\/2023\/06\/el-hundimiento-del-altalena-el-barco-que-casi-termina-con-el-recien-nacido-estado-de-israel-11.jpg 624w, http:\/\/cordobadirecto.com\/wp-content\/uploads\/2023\/06\/el-hundimiento-del-altalena-el-barco-que-casi-termina-con-el-recien-nacido-estado-de-israel-12.jpg 800w\" src=\"http:\/\/cordobadirecto.com\/wp-content\/uploads\/2023\/06\/el-hundimiento-del-altalena-el-barco-que-casi-termina-con-el-recien-nacido-estado-de-israel.jpg\" alt=\"Personas observan el incendio en el barco Altalena.\" width=\"976\" height=\"549\" class=\"e3vrtyk0 bbc-rb7xa0 e1mo64ex0\"><\/p>\n<p role=\"text\" class=\"bbc-1s1cxbv ewbcsnk0\"><span class=\"bbc-m04vo2\">Fuente de la imagen, <\/span><span lang=\"en-GB\">Getty Images<\/span><\/p>\n<\/div>\n<\/div>\n<div dir=\"ltr\" class=\"bbc-3edg7g ebmt73l0\" readability=\"7\"><figcaption dir=\"ltr\" class=\"bbc-rhuvwm e6i104o0\" readability=\"4\"><span class=\"bbc-m04vo2\">Pie de foto, <\/span><\/p>\n<p>El incidente del Altalena puso frente a frente a dos de los padres fundadores de Israel, David Ben Guri\u00f3n y Men\u00e1jem Begu\u00edn.<\/p>\n<\/figcaption><\/div>\n<\/div>\n<\/figure>\n<\/div>\n<div dir=\"ltr\" class=\"bbc-19j92fr ebmt73l0\" readability=\"9\">\n<p dir=\"ltr\" class=\"bbc-hhl7in e17g058b0\"><b>Eran las 4 de la tarde del 22 de junio de 1948 cuando el flamante primer ministro del reci\u00e9n proclamado Estado de Israel orden\u00f3 abrir fuego sobre el barco que fondeaba frente a las playas de Tel Aviv.<\/b><\/p>\n<\/div>\n<div dir=\"ltr\" class=\"bbc-19j92fr ebmt73l0\" readability=\"10\">\n<p dir=\"ltr\" class=\"bbc-hhl7in e17g058b0\">Israel estaba inmerso en una guerra con sus vecinos \u00e1rabes pero en el Altalena, un buque cargado con armas y combatientes,<b> solo hab\u00eda otros jud\u00edos. <\/b><\/p>\n<\/div>\n<div dir=\"ltr\" class=\"bbc-19j92fr ebmt73l0\" readability=\"10\">\n<p dir=\"ltr\" class=\"bbc-hhl7in e17g058b0\">Uno de los morteros alcanz\u00f3 la embarcaci\u00f3n, que se incendi\u00f3. Murieron 16 personas, varias decenas fueron heridas y el mismo Estado israel\u00ed estuvo a punto de irse a pique hasta el fondo del mar.<\/p>\n<\/div>\n<div dir=\"ltr\" class=\"bbc-19j92fr ebmt73l0\" readability=\"7\">\n<p dir=\"ltr\" class=\"bbc-hhl7in e17g058b0\"><b>Nunca Israel ha estado tan cerca de la guerra civil como entonces. <\/b><\/p>\n<\/div>\n<div dir=\"ltr\" class=\"bbc-19j92fr ebmt73l0\" readability=\"15\">\n<p dir=\"ltr\" class=\"bbc-hhl7in e17g058b0\">El incidente del Altalena, del que se cumplen 75 a\u00f1os, es uno de los episodios m\u00e1s controvertidos de la naciente historia de Israel, que enfrent\u00f3 a los l\u00edderes <b>David Ben Guri\u00f3n y Men\u00e1jem Begu\u00edn, <\/b>dos de los padres fundadores del Estado de Israel, y a las milicias que hab\u00edan luchado para crear en Palestina un Estado para los jud\u00edos: la Hagan\u00e1 (ya convertida en ej\u00e9rcito) y el Irg\u00fan.<\/p>\n<\/div>\n<div dir=\"ltr\" class=\"bbc-19j92fr ebmt73l0\" readability=\"15\">\n<p dir=\"ltr\" class=\"bbc-hhl7in e17g058b0\">Aunque el buque yace a\u00fan frente a las costas de Tel Aviv, el conflicto que representa sigue a flote entre una parte de la poblaci\u00f3n de Israel. El pa\u00eds vive inmerso en un profunda crisis pol\u00edtica donde<b> &#8220;la posibilidad de una guerra civil, que era tan real en 1948, vuelve a estar encima de la mesa&#8221;<\/b>, advierte a BBC Mundo Derek Penslar, profesor de Historia Jud\u00eda de la Universidad de Harvard. <\/p>\n<\/div>\n<div dir=\"ltr\" class=\"bbc-19j92fr ebmt73l0\" readability=\"7\">\n<p dir=\"ltr\" class=\"bbc-hhl7in e17g058b0\">Pero volvamos a 1948. \u00bfQu\u00e9 llev\u00f3 al naciente pa\u00eds a ese abismo?<\/p>\n<\/div>\n<div dir=\"ltr\" class=\"bbc-19j92fr ebmt73l0\" readability=\"10\">\n<p dir=\"ltr\" class=\"bbc-hhl7in e17g058b0\">El 14 de mayo de ese a\u00f1o, tras el final del <b>Mandato brit\u00e1nico de Palestina<\/b>, David Ben Guri\u00f3n proclam\u00f3 en el Museo de Arte de Tel Aviv el nacimiento del Estado de Israel. <\/p>\n<\/div>\n<div dir=\"ltr\" class=\"bbc-1ka88fa ebmt73l0\">\n<figure class=\"bbc-1qdcvv9 e1aczekt0\">\n<div dir=\"ltr\" class=\"bbc-172p16q ebmt73l0\">\n<div dir=\"ltr\" class=\"bbc-189y18v ebmt73l0\" readability=\"6.5\">\n<div data-e2e=\"image-placeholder\" class=\"bbc-997y1y eihqrxw0\" readability=\"8\"><noscript><img loading=\"lazy\" sizes=\"(min-width: 1008px) 645px, 100vw\" srcset=\"http:\/\/cordobadirecto.com\/wp-content\/uploads\/2023\/06\/el-hundimiento-del-altalena-el-barco-que-casi-termina-con-el-recien-nacido-estado-de-israel-13.jpg 240w, http:\/\/cordobadirecto.com\/wp-content\/uploads\/2023\/06\/el-hundimiento-del-altalena-el-barco-que-casi-termina-con-el-recien-nacido-estado-de-israel-14.jpg 320w, http:\/\/cordobadirecto.com\/wp-content\/uploads\/2023\/06\/el-hundimiento-del-altalena-el-barco-que-casi-termina-con-el-recien-nacido-estado-de-israel-15.jpg 480w, http:\/\/cordobadirecto.com\/wp-content\/uploads\/2023\/06\/el-hundimiento-del-altalena-el-barco-que-casi-termina-con-el-recien-nacido-estado-de-israel-16.jpg 624w, http:\/\/cordobadirecto.com\/wp-content\/uploads\/2023\/06\/el-hundimiento-del-altalena-el-barco-que-casi-termina-con-el-recien-nacido-estado-de-israel-17.jpg 800w\" src=\"http:\/\/cordobadirecto.com\/wp-content\/uploads\/2023\/06\/el-hundimiento-del-altalena-el-barco-que-casi-termina-con-el-recien-nacido-estado-de-israel-1.jpg\" alt=\"David Ben Guri\u00f3n despidiendo al \u00faltimo contingente brit\u00e1nico en Palestina.\" width=\"976\" height=\"549\" class=\"e3vrtyk0 bbc-rb7xa0 e1mo64ex0\"><\/noscript><\/p>\n<p role=\"text\" class=\"bbc-1s1cxbv ewbcsnk0\"><span class=\"bbc-m04vo2\">Fuente de la imagen, <\/span><span lang=\"en-GB\">Getty Images<\/span><\/p>\n<\/div>\n<\/div>\n<div dir=\"ltr\" class=\"bbc-3edg7g ebmt73l0\" readability=\"7.5\"><figcaption dir=\"ltr\" class=\"bbc-rhuvwm e6i104o0\" readability=\"5\"><span class=\"bbc-m04vo2\">Pie de foto, <\/span><\/p>\n<p>David Ben Guri\u00f3n, aqu\u00ed despidiendo al \u00faltimo contingente brit\u00e1nico en el puerto de Haifa, fue el primer jefe de gobierno de Israel.<\/p>\n<\/figcaption><\/div>\n<\/div>\n<\/figure>\n<\/div>\n<div dir=\"ltr\" class=\"bbc-19j92fr ebmt73l0\" readability=\"13\">\n<p dir=\"ltr\" class=\"bbc-hhl7in e17g058b0\">Un Estado necesitaba un ej\u00e9rcito unificado, por lo que la milicia jud\u00eda <b>Hagan\u00e1<\/b>, la m\u00e1s numerosa de las que hab\u00edan surgido en las d\u00e9cadas previas, se convirti\u00f3 en las Fuerzas de Defensa de Israel (IDF, por sus siglas en ingl\u00e9s).<\/p>\n<\/div>\n<div dir=\"ltr\" class=\"bbc-19j92fr ebmt73l0\" readability=\"13\">\n<p dir=\"ltr\" class=\"bbc-hhl7in e17g058b0\">Los otros dos grupos paramilitares clandestinos que operaban en el territorio, <b>Leji <\/b><b>e<\/b><b> Irg\u00fan<\/b>, este \u00faltimo liderado por Men\u00e1jem Begu\u00edn, deb\u00edan integrarse progresivamente en la Hagan\u00e1, aunque durante un tiempo mantuvieron sus propias unidades dentro de las IDF.<\/p>\n<\/div>\n<p><h2 id=\"Mismo-objetivo-distinta-estrategia\" tabindex=\"-1\" class=\"bbc-1f03ibc eglt09e0\">Mismo objetivo, distinta estrategia<\/h2>\n<\/p>\n<div dir=\"ltr\" class=\"bbc-19j92fr ebmt73l0\" readability=\"10\">\n<p dir=\"ltr\" class=\"bbc-hhl7in e17g058b0\">Aunque las tres milicias hab\u00edan tenido como objetivo la defensa de las comunidades jud\u00edas en Palestina y la expulsi\u00f3n de los brit\u00e1nicos del territorio en busca de su independencia, <b>sus t\u00e1cticas hab\u00edan sido muy distintas.<\/b><\/p>\n<\/div>\n<div dir=\"ltr\" class=\"bbc-19j92fr ebmt73l0\" readability=\"12\">\n<p dir=\"ltr\" class=\"bbc-hhl7in e17g058b0\">Desde su fundaci\u00f3n en 1920, la Hagan\u00e1 hab\u00eda seguido una estrategia met\u00f3dica y progresiva hacia la independencia, cooperando en muchas ocasiones con los brit\u00e1nicos, como durante la Segunda Guerra Mundial para hacer frente a las potencias del Eje. <\/p>\n<\/div>\n<div dir=\"ltr\" class=\"bbc-19j92fr ebmt73l0\" readability=\"15\">\n<p dir=\"ltr\" class=\"bbc-hhl7in e17g058b0\">El Irg\u00fan, sin embargo, surgido tras una escisi\u00f3n de la Hagan\u00e1 en 1931, opt\u00f3 desde el principio por una <b>estrategia de confrontaci\u00f3n<\/b>, tanto contra la poblaci\u00f3n \u00e1rabe que habitaba Palestina como contra los brit\u00e1nicos, especialmente desde que estos decidieron restringir la migraci\u00f3n jud\u00eda a Palestina. <\/p>\n<\/div>\n<div dir=\"ltr\" class=\"e18mih2h1 bbc-9m7iam ebmt73l0\">\n<figure class=\"bbc-1qdcvv9 e1aczekt0\">\n<div dir=\"ltr\" class=\"bbc-vx18wi ebmt73l0\">\n<div dir=\"ltr\" class=\"bbc-rprdln ebmt73l0\" readability=\"6.5\">\n<div data-e2e=\"image-placeholder\" class=\"bbc-997y1y eihqrxw0\" readability=\"8\"><noscript><img loading=\"lazy\" sizes=\"(min-width: 1008px) 645px, 100vw\" srcset=\"http:\/\/cordobadirecto.com\/wp-content\/uploads\/2023\/06\/el-hundimiento-del-altalena-el-barco-que-casi-termina-con-el-recien-nacido-estado-de-israel-18.jpg 240w, http:\/\/cordobadirecto.com\/wp-content\/uploads\/2023\/06\/el-hundimiento-del-altalena-el-barco-que-casi-termina-con-el-recien-nacido-estado-de-israel-19.jpg 320w, http:\/\/cordobadirecto.com\/wp-content\/uploads\/2023\/06\/el-hundimiento-del-altalena-el-barco-que-casi-termina-con-el-recien-nacido-estado-de-israel-20.jpg 480w, http:\/\/cordobadirecto.com\/wp-content\/uploads\/2023\/06\/el-hundimiento-del-altalena-el-barco-que-casi-termina-con-el-recien-nacido-estado-de-israel-21.jpg 624w, http:\/\/cordobadirecto.com\/wp-content\/uploads\/2023\/06\/el-hundimiento-del-altalena-el-barco-que-casi-termina-con-el-recien-nacido-estado-de-israel-22.jpg 646w\" src=\"http:\/\/cordobadirecto.com\/wp-content\/uploads\/2023\/06\/el-hundimiento-del-altalena-el-barco-que-casi-termina-con-el-recien-nacido-estado-de-israel-2.jpg\" alt=\"Atentado del hotel King David en Jesural\u00e9n.\" width=\"646\" height=\"1024\" class=\"e3vrtyk0 bbc-rb7xa0 e1mo64ex0\"><\/noscript><\/p>\n<p role=\"text\" class=\"bbc-1s1cxbv ewbcsnk0\"><span class=\"bbc-m04vo2\">Fuente de la imagen, <\/span><span lang=\"en-GB\">Getty Images<\/span><\/p>\n<\/div>\n<\/div>\n<div dir=\"ltr\" class=\"bbc-3edg7g ebmt73l0\" readability=\"8\"><figcaption dir=\"ltr\" class=\"bbc-rhuvwm e6i104o0\" readability=\"6\"><span class=\"bbc-m04vo2\">Pie de foto, <\/span><\/p>\n<p>El atentado contra el hotel King David, sede de la Comandancia militar brit\u00e1nica, en el que murieron m\u00e1s de 90 personas, fue perpetrado por el Irg\u00fan.<\/p>\n<\/figcaption><\/div>\n<\/div>\n<\/figure>\n<\/div>\n<div dir=\"ltr\" class=\"bbc-19j92fr ebmt73l0\" readability=\"14\">\n<p dir=\"ltr\" class=\"bbc-hhl7in e17g058b0\">Mientras que el Irg\u00fan ten\u00eda menos reparos en usar la violencia letal contra las tropas brit\u00e1nicas o contra los palestinos en ataques &#8220;que podr\u00edamos definir como <b>puros actos de terrorismo<\/b>&#8220;, se\u00f1ala Penslar, tales como atentados en mercados que causaban multitud de v\u00edctimas civiles, la Hagan\u00e1 &#8220;era m\u00e1s moderada, e intent\u00f3 limitar sus ataques a propiedades y edificios de los brit\u00e1nicos&#8221;.<\/p>\n<\/div>\n<div dir=\"ltr\" class=\"bbc-19j92fr ebmt73l0\" readability=\"7\">\n<p dir=\"ltr\" class=\"bbc-hhl7in e17g058b0\">Aunque esto no siempre era as\u00ed.<\/p>\n<\/div>\n<div dir=\"ltr\" class=\"bbc-19j92fr ebmt73l0\" readability=\"15\">\n<p dir=\"ltr\" class=\"bbc-hhl7in e17g058b0\">En abril de 1948, el Irg\u00fan y Leji asaltaron el peque\u00f1o pueblo de<b> Deir Yassin, <\/b>a las afueras de Jerusal\u00e9n, con el benepl\u00e1cito de la Hagan\u00e1. El ataque se convirti\u00f3 en una masacre en la que m\u00e1s de un centenar de palestinos fueron asesinados. &#8220;La Hagan\u00e1 dijo que no pudieron frenarlos, pero tambi\u00e9n es posible que pensaran que ten\u00eda un valor estrat\u00e9gico en s\u00ed y dejaron al Irg\u00fan que lo hiciera&#8221;, argumenta el profesor de Harvard.<\/p>\n<\/div>\n<div dir=\"ltr\" class=\"bbc-19j92fr ebmt73l0\" readability=\"20\">\n<p dir=\"ltr\" class=\"bbc-hhl7in e17g058b0\">Leji, una milicia m\u00e1s peque\u00f1a, era, directamente, &#8220;<b>una organizaci\u00f3n terrorista que mataba civiles para sembrar el terror<\/b>&#8220;, seg\u00fan Penslar. A Leji se atribuyen los asesinatos del ministro residente brit\u00e1nico en Medio Oriente, Lord Moyne, en 1944, y del mediador de Naciones Unidas, Folke Bernadotte, en 1948.<\/p>\n<\/div>\n<div dir=\"ltr\" class=\"bbc-19j92fr ebmt73l0\" readability=\"14\">\n<p dir=\"ltr\" class=\"bbc-hhl7in e17g058b0\">Sus diferencias eran tales que, durante la Segunda Guerra Mundial, en lo que se conoce como la &#8220;temporada de caza&#8221;, la Hagan\u00e1 lleg\u00f3 incluso a entregar a miembros del Irg\u00fan a las autoridades brit\u00e1nicas, ya que pensaban que las actividades de la milicia rival pon\u00edan en peligro el camino hacia la independencia israel\u00ed.<\/p>\n<\/div>\n<div class=\"bbc-sffzb7 e1hrqbfn0\">\n<p><h2 id=\"Dos-l\u00edderes-opuestos\" tabindex=\"-1\" class=\"bbc-1f03ibc eglt09e0\">Dos l\u00edderes opuestos<\/h2>\n<\/p>\n<\/div>\n<div dir=\"ltr\" class=\"bbc-19j92fr ebmt73l0\" readability=\"8\">\n<p dir=\"ltr\" class=\"bbc-hhl7in e17g058b0\">Pero tan distintas eran las milicias como sus l\u00edderes, David Ben Guri\u00f3n y Men\u00e1jem Begu\u00edn.<\/p>\n<\/div>\n<div dir=\"ltr\" class=\"e18mih2h1 bbc-9m7iam ebmt73l0\">\n<figure class=\"bbc-1qdcvv9 e1aczekt0\">\n<div dir=\"ltr\" class=\"bbc-vx18wi ebmt73l0\">\n<div dir=\"ltr\" class=\"bbc-rprdln ebmt73l0\" readability=\"6.5\">\n<div data-e2e=\"image-placeholder\" class=\"bbc-997y1y eihqrxw0\" readability=\"8\"><noscript><img loading=\"lazy\" sizes=\"(min-width: 1008px) 645px, 100vw\" srcset=\"http:\/\/cordobadirecto.com\/wp-content\/uploads\/2023\/06\/el-hundimiento-del-altalena-el-barco-que-casi-termina-con-el-recien-nacido-estado-de-israel-23.jpg 240w, http:\/\/cordobadirecto.com\/wp-content\/uploads\/2023\/06\/el-hundimiento-del-altalena-el-barco-que-casi-termina-con-el-recien-nacido-estado-de-israel-24.jpg 320w, http:\/\/cordobadirecto.com\/wp-content\/uploads\/2023\/06\/el-hundimiento-del-altalena-el-barco-que-casi-termina-con-el-recien-nacido-estado-de-israel-25.jpg 480w, http:\/\/cordobadirecto.com\/wp-content\/uploads\/2023\/06\/el-hundimiento-del-altalena-el-barco-que-casi-termina-con-el-recien-nacido-estado-de-israel-26.jpg 624w, http:\/\/cordobadirecto.com\/wp-content\/uploads\/2023\/06\/el-hundimiento-del-altalena-el-barco-que-casi-termina-con-el-recien-nacido-estado-de-israel-27.jpg 800w\" src=\"http:\/\/cordobadirecto.com\/wp-content\/uploads\/2023\/06\/el-hundimiento-del-altalena-el-barco-que-casi-termina-con-el-recien-nacido-estado-de-israel-3.jpg\" alt=\"David Ben Guri\u00f3n.\" width=\"819\" height=\"1024\" class=\"e3vrtyk0 bbc-rb7xa0 e1mo64ex0\"><\/noscript><\/p>\n<p role=\"text\" class=\"bbc-1s1cxbv ewbcsnk0\"><span class=\"bbc-m04vo2\">Fuente de la imagen, <\/span><span lang=\"en-GB\">Getty Images<\/span><\/p>\n<\/div>\n<\/div>\n<div dir=\"ltr\" class=\"bbc-3edg7g ebmt73l0\" readability=\"6.5\"><figcaption dir=\"ltr\" class=\"bbc-rhuvwm e6i104o0\" readability=\"3\"><span class=\"bbc-m04vo2\">Pie de foto, <\/span><\/p>\n<p>Ben Guri\u00f3n proced\u00eda de la tradici\u00f3n socialdem\u00f3crata y consideraba que el ideal del nuevo hombre israel\u00ed era el trabajador fuerte y productivo del kibutz.<\/p>\n<\/figcaption><\/div>\n<\/div>\n<\/figure>\n<\/div>\n<div dir=\"ltr\" class=\"bbc-19j92fr ebmt73l0\" readability=\"13\">\n<p dir=\"ltr\" class=\"bbc-hhl7in e17g058b0\">Ambos fueron visionarios y ardientes sionistas, pero radicalmente opuestos, no solo en su idea de c\u00f3mo conseguir la independencia de Israel, sino en su est\u00e9tica, su lenguaje y su proyecto econ\u00f3mico para el pa\u00eds. <\/p>\n<\/div>\n<div dir=\"ltr\" class=\"bbc-19j92fr ebmt73l0\" readability=\"15\">\n<p dir=\"ltr\" class=\"bbc-hhl7in e17g058b0\"><b>Ben Guri\u00f3n<\/b>, que presidi\u00f3 la Agencia Jud\u00eda para Israel, la organizaci\u00f3n que ejerc\u00eda como una especie de gobierno para la comunidad jud\u00eda en el Mandato Brit\u00e1nico de Palestina, <b>proced\u00eda de la tradici\u00f3n socialdem\u00f3crata. <\/b>Cre\u00eda en los movimientos laboristas, en la regulaci\u00f3n gubernamental de la econom\u00eda del pa\u00eds y consideraba que el ideal masculino era el del obrero (&#8220;a pesar de que apenas trabaj\u00f3 unas pocas semanas en su vida&#8221;, apunta Penslar). <\/p>\n<\/div>\n<div dir=\"ltr\" class=\"bbc-19j92fr ebmt73l0\" readability=\"11\">\n<p dir=\"ltr\" class=\"bbc-hhl7in e17g058b0\">El ideal del nuevo israel\u00ed era, seg\u00fan Ben Guri\u00f3n, el trabajador fuerte y productivo del kibutz, las granjas colectivas que se establecieron en Palestina.<\/p>\n<\/div>\n<div dir=\"ltr\" class=\"bbc-19j92fr ebmt73l0\" readability=\"10\">\n<p dir=\"ltr\" class=\"bbc-hhl7in e17g058b0\">Su proyecto secular e izquierdista consist\u00eda en ocupar gradualmente el territorio y <b>cooperar con los brit\u00e1nicos<\/b> para, llegado el momento, acordar una independencia.<\/p>\n<\/div>\n<div dir=\"ltr\" class=\"bbc-19j92fr ebmt73l0\" readability=\"14\">\n<p dir=\"ltr\" class=\"bbc-hhl7in e17g058b0\"><b>Men\u00e1jem Begu\u00edn<\/b> no pod\u00eda ser m\u00e1s distinto. Procedente de una familia polaca que qued\u00f3 diezmada en el Holocausto, Begu\u00edn &#8220;cre\u00eda que <b>el nuevo jud\u00edo deb\u00eda ser un rebelde, un revolucionario, un luchador, <\/b>y que el mayor hero\u00edsmo jud\u00edo era luchar y morir en la batalla&#8221;, explica el historiador. <\/p>\n<\/div>\n<div dir=\"ltr\" class=\"bbc-19j92fr ebmt73l0\" readability=\"13\">\n<p dir=\"ltr\" class=\"bbc-hhl7in e17g058b0\">Impecable siempre con sus trajes a medida y su educaci\u00f3n exquisita, Begu\u00edn ten\u00eda un discurso muy rom\u00e1ntico, emotivo, lleno de pasi\u00f3n. Con un ideario de derechas y religioso, a menudo utilizaba s\u00edmiles del Holocausto para enfatizar e introducir dramatismo en su mensaje.<\/p>\n<\/div>\n<div dir=\"ltr\" class=\"bbc-1ka88fa ebmt73l0\">\n<figure class=\"bbc-1qdcvv9 e1aczekt0\">\n<div dir=\"ltr\" class=\"bbc-172p16q ebmt73l0\">\n<div dir=\"ltr\" class=\"bbc-189y18v ebmt73l0\" readability=\"6.5\">\n<div data-e2e=\"image-placeholder\" class=\"bbc-997y1y eihqrxw0\" readability=\"8\"><noscript><img loading=\"lazy\" sizes=\"(min-width: 1008px) 645px, 100vw\" srcset=\"http:\/\/cordobadirecto.com\/wp-content\/uploads\/2023\/06\/el-hundimiento-del-altalena-el-barco-que-casi-termina-con-el-recien-nacido-estado-de-israel-28.jpg 240w, http:\/\/cordobadirecto.com\/wp-content\/uploads\/2023\/06\/el-hundimiento-del-altalena-el-barco-que-casi-termina-con-el-recien-nacido-estado-de-israel-29.jpg 320w, http:\/\/cordobadirecto.com\/wp-content\/uploads\/2023\/06\/el-hundimiento-del-altalena-el-barco-que-casi-termina-con-el-recien-nacido-estado-de-israel-30.jpg 480w, http:\/\/cordobadirecto.com\/wp-content\/uploads\/2023\/06\/el-hundimiento-del-altalena-el-barco-que-casi-termina-con-el-recien-nacido-estado-de-israel-31.jpg 624w, http:\/\/cordobadirecto.com\/wp-content\/uploads\/2023\/06\/el-hundimiento-del-altalena-el-barco-que-casi-termina-con-el-recien-nacido-estado-de-israel-32.jpg 800w\" src=\"http:\/\/cordobadirecto.com\/wp-content\/uploads\/2023\/06\/el-hundimiento-del-altalena-el-barco-que-casi-termina-con-el-recien-nacido-estado-de-israel-4.jpg\" alt=\"Men\u00e1jem Begu\u00edn.\" width=\"976\" height=\"549\" class=\"e3vrtyk0 bbc-rb7xa0 e1mo64ex0\"><\/noscript><\/p>\n<p role=\"text\" class=\"bbc-1s1cxbv ewbcsnk0\"><span class=\"bbc-m04vo2\">Fuente de la imagen, <\/span><span lang=\"en-GB\">Getty Images<\/span><\/p>\n<\/div>\n<\/div>\n<div dir=\"ltr\" class=\"bbc-3edg7g ebmt73l0\" readability=\"6\"><figcaption dir=\"ltr\" class=\"bbc-rhuvwm e6i104o0\" readability=\"2\"><span class=\"bbc-m04vo2\">Pie de foto, <\/span><\/p>\n<p>Men\u00e1jem Begu\u00edn fue el l\u00edder de la milicia Irg\u00fan.<\/p>\n<\/figcaption><\/div>\n<\/div>\n<\/figure>\n<\/div>\n<div dir=\"ltr\" class=\"bbc-19j92fr ebmt73l0\" readability=\"11\">\n<p dir=\"ltr\" class=\"bbc-hhl7in e17g058b0\">A pesar de sus diferencias estrat\u00e9gicas y est\u00e9ticas, &#8220;<b>en el fondo, su rivalidad estaba basada en una cuesti\u00f3n de poder<\/b>&#8220;, valora Penslar. <\/p>\n<\/div>\n<div dir=\"ltr\" class=\"bbc-19j92fr ebmt73l0\" readability=\"19\">\n<p dir=\"ltr\" class=\"bbc-hhl7in e17g058b0\">Ben Guri\u00f3n lider\u00f3 el <b>s<\/b><b>ionismo laborista<\/b>, que fue la fuerza dominante durante los primeros 30 a\u00f1os del Estado de Israel y que dio forma a sus instituciones, mientras que Begu\u00edn, que se convirti\u00f3 en primer ministro en 1977, encarnaba el <b>s<\/b><b>ionismo revisionista<\/b>, una visi\u00f3n derechista que quer\u00eda establecer el Estado de Israel a ambos lados del r\u00edo Jord\u00e1n y estuvo durante muchos a\u00f1os marginalizado. Hoy, sin embargo, sus herederos, entre los que se encuentra el Likud, dominan la pol\u00edtica del pa\u00eds. <\/p>\n<\/div>\n<div dir=\"ltr\" class=\"bbc-19j92fr ebmt73l0\" readability=\"7\">\n<p dir=\"ltr\" class=\"bbc-hhl7in e17g058b0\">Esta rivalidad lleg\u00f3 a su punto \u00e1lgido con la crisis del Altalena.<\/p>\n<\/div>\n<p><h2 id=\"La-crisis\" tabindex=\"-1\" class=\"bbc-1f03ibc eglt09e0\">La crisis<\/h2>\n<\/p>\n<div dir=\"ltr\" class=\"bbc-19j92fr ebmt73l0\" readability=\"9\">\n<p dir=\"ltr\" class=\"bbc-hhl7in e17g058b0\">El brazo pol\u00edtico del Irg\u00fan compr\u00f3 el Altalena despu\u00e9s de que fuera retirado del servicio de la marina de Estados Unidos, que lleg\u00f3 a utilizar la nave en el desembarco de Normand\u00eda. <\/p>\n<\/div>\n<div dir=\"ltr\" class=\"bbc-19j92fr ebmt73l0\" readability=\"15\">\n<p dir=\"ltr\" class=\"bbc-hhl7in e17g058b0\">Pocos d\u00edas despu\u00e9s de la proclamaci\u00f3n de independencia, en el puerto franc\u00e9s de Port-de-Bouc, cerca de Marsella, <b>el Irg\u00fan embarc\u00f3 en el Altalena a m\u00e1s de 900 personas<\/b>. Los nuevos migrantes, en su mayor\u00eda supervivientes del Holocausto, viajaban a Israel como voluntarios para unirse a sus filas. <\/p>\n<\/div>\n<div dir=\"ltr\" class=\"bbc-19j92fr ebmt73l0\" readability=\"7\">\n<p dir=\"ltr\" class=\"bbc-hhl7in e17g058b0\">Pero esa no era su \u00fanica carga. <\/p>\n<\/div>\n<div dir=\"ltr\" class=\"bbc-19j92fr ebmt73l0\" readability=\"11\">\n<p dir=\"ltr\" class=\"bbc-hhl7in e17g058b0\">Tambi\u00e9n iba abordo una gran cantidad de armamento, entre otras cosas unos 5.000 rifles, 450 metralletas, una decena de blindados y unos 5 millones de balas. <\/p>\n<\/div>\n<div dir=\"ltr\" class=\"bbc-1ka88fa ebmt73l0\">\n<figure class=\"bbc-1qdcvv9 e1aczekt0\">\n<div dir=\"ltr\" class=\"bbc-172p16q ebmt73l0\">\n<div dir=\"ltr\" class=\"bbc-189y18v ebmt73l0\" readability=\"6.5\">\n<div data-e2e=\"image-placeholder\" class=\"bbc-997y1y eihqrxw0\" readability=\"8\"><noscript><img loading=\"lazy\" sizes=\"(min-width: 1008px) 645px, 100vw\" srcset=\"http:\/\/cordobadirecto.com\/wp-content\/uploads\/2023\/06\/el-hundimiento-del-altalena-el-barco-que-casi-termina-con-el-recien-nacido-estado-de-israel-33.jpg 240w, http:\/\/cordobadirecto.com\/wp-content\/uploads\/2023\/06\/el-hundimiento-del-altalena-el-barco-que-casi-termina-con-el-recien-nacido-estado-de-israel-34.jpg 320w, http:\/\/cordobadirecto.com\/wp-content\/uploads\/2023\/06\/el-hundimiento-del-altalena-el-barco-que-casi-termina-con-el-recien-nacido-estado-de-israel-35.jpg 480w, http:\/\/cordobadirecto.com\/wp-content\/uploads\/2023\/06\/el-hundimiento-del-altalena-el-barco-que-casi-termina-con-el-recien-nacido-estado-de-israel-36.jpg 624w, http:\/\/cordobadirecto.com\/wp-content\/uploads\/2023\/06\/el-hundimiento-del-altalena-el-barco-que-casi-termina-con-el-recien-nacido-estado-de-israel-37.jpg 800w\" src=\"http:\/\/cordobadirecto.com\/wp-content\/uploads\/2023\/06\/el-hundimiento-del-altalena-el-barco-que-casi-termina-con-el-recien-nacido-estado-de-israel-5.jpg\" alt=\"Miembros de la milicia del Irg\u00fan.\" width=\"1024\" height=\"824\" class=\"e3vrtyk0 bbc-rb7xa0 e1mo64ex0\"><\/noscript><\/p>\n<p role=\"text\" class=\"bbc-1s1cxbv ewbcsnk0\"><span class=\"bbc-m04vo2\">Fuente de la imagen, <\/span><span lang=\"en-GB\">Getty Images<\/span><\/p>\n<\/div>\n<\/div>\n<div dir=\"ltr\" class=\"bbc-3edg7g ebmt73l0\" readability=\"8.5\"><figcaption dir=\"ltr\" class=\"bbc-rhuvwm e6i104o0\" readability=\"7\"><span class=\"bbc-m04vo2\">Pie de foto, <\/span><\/p>\n<p>El Irg\u00fan, que funcionaba como una guerrilla, fue absorbido por el reci\u00e9n creado ej\u00e9rcito israel\u00ed, las Fuerzas de Defensa de Israel, aunque en un primer momento mantuvieron sus propios batallones.<\/p>\n<\/figcaption><\/div>\n<\/div>\n<\/figure>\n<\/div>\n<div dir=\"ltr\" class=\"bbc-19j92fr ebmt73l0\" readability=\"12\">\n<p dir=\"ltr\" class=\"bbc-hhl7in e17g058b0\">La ONU, sin embargo, acababa de acordar un <b>alto el fuego <\/b>en la guerra que libraban en ese momento Israel y sus vecinos \u00e1rabes, que ten\u00eda una condici\u00f3n clara: no se podr\u00edan importar nuevas armas durante ese periodo.<\/p>\n<\/div>\n<div dir=\"ltr\" class=\"bbc-19j92fr ebmt73l0\" readability=\"12\">\n<p dir=\"ltr\" class=\"bbc-hhl7in e17g058b0\">Cuando Begu\u00edn pidi\u00f3 permiso a Ben Guri\u00f3n para que el Altalena desembarcara en Tel Aviv, se encontr\u00f3 con la negativa del primer ministro. El buque fue enviado al m\u00e1s discreto puerto de Kfar Vitkin, m\u00e1s al norte, donde atrac\u00f3 el 20 de junio de 1948.<\/p>\n<\/div>\n<div dir=\"ltr\" class=\"bbc-19j92fr ebmt73l0\" readability=\"15\">\n<p dir=\"ltr\" class=\"bbc-hhl7in e17g058b0\">Begu\u00edn quer\u00eda que ese armento fuera destinado a las unidades del Irg\u00fan dentro de las IDF, pero Ben Guri\u00f3n desconfi\u00f3 de la propuesta. En un contexto de tensi\u00f3n entre las dos antiguas milicias,<b> armar al Irg\u00fan no parec\u00eda la mejor idea,<\/b> e incluso lleg\u00f3 a pensar, seg\u00fan algunos historiadores, que Begu\u00edn planeaba un golpe de Estado.<\/p>\n<\/div>\n<div dir=\"ltr\" class=\"bbc-19j92fr ebmt73l0\" readability=\"9\">\n<p dir=\"ltr\" class=\"bbc-hhl7in e17g058b0\">En Kfar Vitkin, los inmigrantes desembarcaron y los milicianos del Irg\u00fan empezaron a descargar el armamento. <\/p>\n<\/div>\n<div dir=\"ltr\" class=\"bbc-19j92fr ebmt73l0\" readability=\"11\">\n<p dir=\"ltr\" class=\"bbc-hhl7in e17g058b0\">El Altalena, sin embargo, fue rodeado por dos regimientos de las IDF y por tres corbetas de la marina israel\u00ed para obligarles a entregar el material.<b> La tensi\u00f3n era palpable<\/b> y se inici\u00f3 un intercambio de disparos que acab\u00f3 con varios muertos de ambos bandos.<\/p>\n<\/div>\n<div dir=\"ltr\" class=\"bbc-19j92fr ebmt73l0\" readability=\"11\">\n<p dir=\"ltr\" class=\"bbc-hhl7in e17g058b0\">Begu\u00edn orden\u00f3 entonces que el Altalena partiera rumbo a Tel Aviv, donde el Irg\u00fan contaba con m\u00e1s seguidores. El barco fue catalogado entonces por las IDF de &#8220;enemigo&#8221;, y se orden\u00f3 a la fuerza a\u00e9rea y a la marina que lo bombardearan.<\/p>\n<\/div>\n<div dir=\"ltr\" class=\"bbc-19j92fr ebmt73l0\" readability=\"10\">\n<p dir=\"ltr\" class=\"bbc-hhl7in e17g058b0\">Sin embargo, los pilotos se negaron, y<b> la tripulaci\u00f3n de las corbetas remolone\u00f3 y dispar\u00f3 sin mucho convencimiento. <\/b><\/p>\n<\/div>\n<div dir=\"ltr\" class=\"bbc-1ka88fa ebmt73l0\">\n<figure class=\"bbc-1qdcvv9 e1aczekt0\">\n<div dir=\"ltr\" class=\"bbc-172p16q ebmt73l0\">\n<div dir=\"ltr\" class=\"bbc-189y18v ebmt73l0\" readability=\"6.5\">\n<div data-e2e=\"image-placeholder\" class=\"bbc-997y1y eihqrxw0\" readability=\"8\"><noscript><img loading=\"lazy\" sizes=\"(min-width: 1008px) 645px, 100vw\" srcset=\"http:\/\/cordobadirecto.com\/wp-content\/uploads\/2023\/06\/el-hundimiento-del-altalena-el-barco-que-casi-termina-con-el-recien-nacido-estado-de-israel-38.jpg 240w, http:\/\/cordobadirecto.com\/wp-content\/uploads\/2023\/06\/el-hundimiento-del-altalena-el-barco-que-casi-termina-con-el-recien-nacido-estado-de-israel-39.jpg 320w, http:\/\/cordobadirecto.com\/wp-content\/uploads\/2023\/06\/el-hundimiento-del-altalena-el-barco-que-casi-termina-con-el-recien-nacido-estado-de-israel-40.jpg 480w, http:\/\/cordobadirecto.com\/wp-content\/uploads\/2023\/06\/el-hundimiento-del-altalena-el-barco-que-casi-termina-con-el-recien-nacido-estado-de-israel-41.jpg 624w, http:\/\/cordobadirecto.com\/wp-content\/uploads\/2023\/06\/el-hundimiento-del-altalena-el-barco-que-casi-termina-con-el-recien-nacido-estado-de-israel-42.jpg 800w\" src=\"http:\/\/cordobadirecto.com\/wp-content\/uploads\/2023\/06\/el-hundimiento-del-altalena-el-barco-que-casi-termina-con-el-recien-nacido-estado-de-israel-6.jpg\" alt=\"El Altalena incendiado.\" width=\"976\" height=\"549\" class=\"e3vrtyk0 bbc-rb7xa0 e1mo64ex0\"><\/noscript><\/p>\n<p role=\"text\" class=\"bbc-1s1cxbv ewbcsnk0\"><span class=\"bbc-m04vo2\">Fuente de la imagen, <\/span><span lang=\"en-GB\">Getty Images<\/span><\/p>\n<\/div>\n<\/div>\n<div dir=\"ltr\" class=\"bbc-3edg7g ebmt73l0\" readability=\"6\"><figcaption dir=\"ltr\" class=\"bbc-rhuvwm e6i104o0\" readability=\"2\"><span class=\"bbc-m04vo2\">Pie de foto, <\/span><\/p>\n<p>El Altalena se convirti\u00f3 en un poderoso s\u00edmbolo de un pa\u00eds que estaba a punto de romperse.<\/p>\n<\/figcaption><\/div>\n<\/div>\n<\/figure>\n<\/div>\n<div dir=\"ltr\" class=\"bbc-19j92fr ebmt73l0\" readability=\"11\">\n<p dir=\"ltr\" class=\"bbc-hhl7in e17g058b0\">El barco atrac\u00f3 frente al Dan Hotel, en la playa de Tel Aviv, ante una multitud de israel\u00edes, periodistas e incluso observadores de Naciones Unidas. <\/p>\n<\/div>\n<div dir=\"ltr\" class=\"bbc-19j92fr ebmt73l0\" readability=\"10\">\n<p dir=\"ltr\" class=\"bbc-hhl7in e17g058b0\">La expectaci\u00f3n no hizo a Ben Guri\u00f3n doblegarse, y a las 4 de la tarde del 22 de junio, orden\u00f3 abrir fuego contra el Altalena. <\/p>\n<\/div>\n<div dir=\"ltr\" class=\"bbc-19j92fr ebmt73l0\" readability=\"10\">\n<p dir=\"ltr\" class=\"bbc-hhl7in e17g058b0\"><b>El barco fue alcanzado por uno de los proyectiles y se prendi\u00f3 fuego,<\/b> mientras que en la playa y en algunos puntos de Tel Aviv, se enfrentaban miembros del IDF y del Irg\u00fan. <\/p>\n<\/div>\n<div dir=\"ltr\" class=\"bbc-19j92fr ebmt73l0\" readability=\"9\">\n<p dir=\"ltr\" class=\"bbc-hhl7in e17g058b0\">Ante la posibilidad de que el incidente diera paso a una guerra civil, Men\u00e1jem Begu\u00edn decidi\u00f3 rendirse asegurando que<b> &#8220;jud\u00edos no matar\u00e1n a otros jud\u00edos&#8221;.<\/b><\/p>\n<\/div>\n<div dir=\"ltr\" class=\"bbc-19j92fr ebmt73l0\" readability=\"15\">\n<p dir=\"ltr\" class=\"bbc-hhl7in e17g058b0\">&#8220;Lo m\u00e1s interesante de la batalla del Altalena no es tanto lo que pas\u00f3 sino lo que no pas\u00f3&#8221;, sostiene Derek Penslar. Hab\u00eda comandantes del Irg\u00fan dispuestos a responder al bombardeo del barco y a derrocar al nuevo gobierno israel\u00ed para instaurar un ejecutivo autoritario, asegura el historiador, &#8220;pero Begu\u00edn us\u00f3 toda su autoridad moral para evitarlo, y <b>este quiz\u00e1s sea el acto m\u00e1s importante de su carrera pol\u00edtica, evitar la guerra civil<\/b>&#8220;.<\/p>\n<\/div>\n<div dir=\"ltr\" class=\"bbc-19j92fr ebmt73l0\" readability=\"10\">\n<p dir=\"ltr\" class=\"bbc-hhl7in e17g058b0\">Desde entonces, &#8220;el Altalena se ha convertido en un poderoso s\u00edmbolo de un pa\u00eds que estaba al borde de romperse&#8221;, afirma el historiador.<\/p>\n<\/div>\n<div dir=\"ltr\" class=\"bbc-19j92fr ebmt73l0\" readability=\"11\">\n<p dir=\"ltr\" class=\"bbc-hhl7in e17g058b0\">Aunque las divisiones que exist\u00edan en Israel en 1948 no tienen nada que ver con las de hoy, precisa Penslar, sigue existiendo un resentimiento por parte de muchos israel\u00edes ante lo que consideran que fue un ataque injustificado contra el Irg\u00fan y lo que ellos representaban. <\/p>\n<\/div>\n<div dir=\"ltr\" class=\"bbc-19j92fr ebmt73l0\" readability=\"10\">\n<p dir=\"ltr\" class=\"bbc-hhl7in e17g058b0\"><b>Hoy gobiernan los herederos del Irg\u00fan<\/b>, pero muchos israel\u00edes siguen pensando que son las \u00e9lites de la izquierda quienes mueven los hilos del pa\u00eds, argumenta Penslar. <\/p>\n<\/div>\n<div dir=\"ltr\" class=\"bbc-19j92fr ebmt73l0\" readability=\"12\">\n<p dir=\"ltr\" class=\"bbc-hhl7in e17g058b0\">Y ese lenguaje de entonces, en el que el Irg\u00fan y el Altalena supuestamente simbolizan el pueblo y la Hagan\u00e1 las \u00e9lites, vuelve a escucharse en Israel. &#8220;El resentimiento es una ideolog\u00eda pol\u00edtica muy poderosa&#8221;, concluye.<\/p>\n<\/div>\n<div dir=\"ltr\" class=\"bbc-1ka88fa ebmt73l0\">\n<figure class=\"bbc-1qdcvv9 e1aczekt0\">\n<div dir=\"ltr\" class=\"bbc-172p16q ebmt73l0\">\n<div dir=\"ltr\" class=\"bbc-189y18v ebmt73l0\">\n<div data-e2e=\"image-placeholder\" class=\"bbc-997y1y eihqrxw0\"><noscript><img loading=\"lazy\" sizes=\"(min-width: 1008px) 645px, 100vw\" srcset=\"http:\/\/cordobadirecto.com\/wp-content\/uploads\/2023\/06\/el-hundimiento-del-altalena-el-barco-que-casi-termina-con-el-recien-nacido-estado-de-israel-43.jpg 240w, http:\/\/cordobadirecto.com\/wp-content\/uploads\/2023\/06\/el-hundimiento-del-altalena-el-barco-que-casi-termina-con-el-recien-nacido-estado-de-israel-44.jpg 320w, http:\/\/cordobadirecto.com\/wp-content\/uploads\/2023\/06\/el-hundimiento-del-altalena-el-barco-que-casi-termina-con-el-recien-nacido-estado-de-israel-45.jpg 464w\" src=\"http:\/\/cordobadirecto.com\/wp-content\/uploads\/2023\/06\/el-hundimiento-del-altalena-el-barco-que-casi-termina-con-el-recien-nacido-estado-de-israel-7.jpg\" alt=\"Presentational grey line\" width=\"464\" height=\"2\" class=\"e3vrtyk0 bbc-rb7xa0 e1mo64ex0\"><\/noscript><\/div>\n<\/div>\n<\/div>\n<\/figure>\n<\/div>\n<div dir=\"ltr\" class=\"bbc-19j92fr ebmt73l0\" readability=\"8\">\n<p dir=\"ltr\" class=\"bbc-hhl7in e17g058b0\"><i class=\"bbc-h1y5j7 eih42320\">Recuerda que <\/i><i class=\"bbc-h1y5j7 eih42320\">puedes recibir notificaciones de BBC Mundo. Descarga la nueva versi\u00f3n de nuestra app y act\u00edvalas para no perderte nuestro mejor contenido.<\/i><\/p>\n<\/div>\n","protected":false},"excerpt":{"rendered":"<p>Paula Rosas @melibea20 BBC News Mundo 2 horas Fuente de la imagen, Getty Images Pie de foto, El incidente del Altalena puso frente a frente a dos de los padres fundadores de Israel, David Ben Guri\u00f3n y Men\u00e1jem Begu\u00edn. Eran las 4 de la tarde del 22 de junio de 1948 cuando el flamante primer [&hellip;]<\/p>\n","protected":false},"author":1,"featured_media":120309,"comment_status":"closed","ping_status":"closed","sticky":false,"template":"","format":"standard","meta":[],"categories":[24],"tags":[],"_links":{"self":[{"href":"http:\/\/cordobadirecto.com\/index.php\/wp-json\/wp\/v2\/posts\/120308"}],"collection":[{"href":"http:\/\/cordobadirecto.com\/index.php\/wp-json\/wp\/v2\/posts"}],"about":[{"href":"http:\/\/cordobadirecto.com\/index.php\/wp-json\/wp\/v2\/types\/post"}],"author":[{"embeddable":true,"href":"http:\/\/cordobadirecto.com\/index.php\/wp-json\/wp\/v2\/users\/1"}],"replies":[{"embeddable":true,"href":"http:\/\/cordobadirecto.com\/index.php\/wp-json\/wp\/v2\/comments?post=120308"}],"version-history":[{"count":0,"href":"http:\/\/cordobadirecto.com\/index.php\/wp-json\/wp\/v2\/posts\/120308\/revisions"}],"wp:featuredmedia":[{"embeddable":true,"href":"http:\/\/cordobadirecto.com\/index.php\/wp-json\/wp\/v2\/media\/120309"}],"wp:attachment":[{"href":"http:\/\/cordobadirecto.com\/index.php\/wp-json\/wp\/v2\/media?parent=120308"}],"wp:term":[{"taxonomy":"category","embeddable":true,"href":"http:\/\/cordobadirecto.com\/index.php\/wp-json\/wp\/v2\/categories?post=120308"},{"taxonomy":"post_tag","embeddable":true,"href":"http:\/\/cordobadirecto.com\/index.php\/wp-json\/wp\/v2\/tags?post=120308"}],"curies":[{"name":"wp","href":"https:\/\/api.w.org\/{rel}","templated":true}]}}