{"id":120396,"date":"2023-06-18T14:16:00","date_gmt":"2023-06-18T14:16:00","guid":{"rendered":"http:\/\/cordobadirecto.com\/index.php\/2023\/06\/18\/avila-la-mayor-virtud-de-diciembre-2001-es-que-esta-generando-debate\/"},"modified":"2023-06-18T14:16:00","modified_gmt":"2023-06-18T14:16:00","slug":"avila-la-mayor-virtud-de-diciembre-2001-es-que-esta-generando-debate","status":"publish","type":"post","link":"http:\/\/cordobadirecto.com\/index.php\/2023\/06\/18\/avila-la-mayor-virtud-de-diciembre-2001-es-que-esta-generando-debate\/","title":{"rendered":"\u00c1vila: &#8220;La mayor virtud de &#8216;Diciembre 2001&#8217; es que est\u00e1 generando debate&#8221;"},"content":{"rendered":"<figure class=\"mb-3\"><img loading=\"lazy\" data-src=\"http:\/\/cordobadirecto.com\/wp-content\/uploads\/2023\/06\/avila-la-mayor-virtud-de-diciembre-2001-es-que-esta-generando-debate.jpg\" src=\"https:\/\/www.telam.com.ar\/assets\/img\/not_image.png\" class=\" lazy \" width=\"100%\" height=\"100%\" alt=\"El elenco es encabezado por Jean Pierre Noher como De la Ra y Manuel Callau como el expresidente Ral Alfonsn Foto Prensa\"><figcaption> El elenco es encabezado por Jean Pierre Noher como De la R\u00faa y Manuel Callau como el expresidente Ra\u00fal Alfons\u00edn \/ Foto: Prensa. <\/figcaption><\/figure>\n<p>\u201cDiciembre 2001\u201d, la serie de thriller pol\u00edtico que <strong>propone desde la ficci\u00f3n un repaso de los \u00faltimos d\u00edas del Gobierno de la Alianza de Fernando de la R\u00faa,<\/strong> la <strong>grave crisis social, econ\u00f3mica y pol\u00edtica <\/strong>y el accidentado <strong>proceso de sucesi\u00f3n posterior,<\/strong> fue recibida desde su estreno en la<strong> plataforma Star+<\/strong> con opiniones tanto cr\u00edticas como laudatorias, pero para su director, el realizador Benjam\u00edn \u00c1vila, su \u201cmayor virtud es que est\u00e1 generando debate\u201d.<\/p>\n<p>As\u00ed lo plantea en conversaci\u00f3n con T\u00e9lam y con la perspectiva que brinda la ya extensa circulaci\u00f3n de la serie que<strong> desembarc\u00f3 en el streaming el 7 de junio<\/strong>. El director de la multipremiada \u201cInfancia clandestina\u201d (2012) sabe que la recepci\u00f3n de esta propuesta no es uniforme, que parte de la audiencia est\u00e1 \u201cfascinada\u201d, otra \u201cdolida\u201d, y que los hay hasta \u201cagradecidos\u201d, pero considera que el mayor m\u00e9rito es que est\u00e9 \u201cgenerando preguntas y posiciones muy fuertes\u201d.<\/p>\n<p>Es que aquella etapa hist\u00f3rica est\u00e1 lejos de haber quedado clausurada y, con un presente de crisis en el que la presencia del FMI o la escasez de d\u00f3lares volvieron a ser temas acuciantes para la Argentina, a lo que se suma la proximidad de las elecciones presidenciales en el pa\u00eds, la revisi\u00f3n -aunque sea con la distancia de la ficci\u00f3n- de los hechos que desembocaron en \u201cel 2001\u201d no causa indiferencia.<\/p>\n<p>Con realizaci\u00f3n de Kapow <strong>en base al libro \u201cEl palacio y la calle\u201d de Miguel Bonasso<\/strong>, con <strong>adaptaci\u00f3n de Mario Segade<\/strong>, \u201cDiciembre 2001\u201d es un ambicioso proyecto cuyos episodios contaron con un <strong>elenco coral<\/strong> y un <strong>importante dise\u00f1o de producci\u00f3n.<\/strong> Tanto la Casa Rosada, el Congreso de la Naci\u00f3n como la Plaza de Mayo, por ejemplo, fueron algunas de las locaciones de relevancia hist\u00f3rica en las que pudieron llevarse a cabo los rodajes.<\/p>\n<p><strong>El elenco<\/strong> es encabezado por Jean Pierre Noher como un sobrepasado De la R\u00faa, e integrado por figuras como C\u00e9sar Troncoso en el rol del exgobernador de la provincia de Buenos Aires Eduardo Duhalde, representado como un maquiav\u00e9lico l\u00edder de la oposici\u00f3n a la espera de los tropiezos del rival; Luis Mach\u00edn como el insensible ministro de econom\u00eda Domingo Cavallo y Manuel Callau como el expresidente Ra\u00fal Alfons\u00edn.<\/p>\n<figure class=\"mb-3\"><img loading=\"lazy\" data-src=\"http:\/\/cordobadirecto.com\/wp-content\/uploads\/2023\/06\/avila-la-mayor-virtud-de-diciembre-2001-es-que-esta-generando-debate-1.jpg\" src=\"https:\/\/www.telam.com.ar\/assets\/img\/not_image.png\" class=\" lazy \" width=\"100%\" height=\"100%\" alt=\"El actor Luis Machn encarna al ministro de economa Domingo Cavallo en la serie Foto Prensa\"><figcaption> El actor Luis Mach\u00edn encarna al ministro de econom\u00eda Domingo Cavallo en la serie \/ Foto: Prensa. <\/figcaption><\/figure>\n<p>Diego Cremenosi como Javier Cach, un ficticio militante radical asesor del Poder Ejecutivo, presenta la perspectiva intermedia de la serie: el joven ambicioso que conoce el \u201cbackstage\u201d del poder pero que todav\u00eda tiene un pie en la realidad, y ve de primera mano el descontento creciente en la calle.<\/p>\n<p>Entre muchos otros personajes, destacan Nicol\u00e1s Furtado como un joven miembro del equipo de Duhalde, tambi\u00e9n ficticio; Alejandra Flechner como \u201cChiche\u201d Duhalde, Fern\u00e1n Mir\u00e1s como \u201cChacho\u201d \u00c1lvarez, Luis Luque como Chrystian Colombo, Ludovico Di Santo como Antonio de la R\u00faa, Vando Villamil como Carlos Ruckauf y Jorge Su\u00e1rez como Adolfo Rodr\u00edguez Sa\u00e1.<\/p>\n<p><strong>&#8211; \u00bfCu\u00e1l fue el enfoque que tuvieron para el proceso de casting? \u00bfCu\u00e1n importante era que se parecieran f\u00edsicamente a las personas reales?<\/strong><br \/>&#8211; El criterio de casting fue encontrar a los actores que pudieran construir desde una fisionom\u00eda similar o parecida al personaje, no que fueran id\u00e9nticos para nada. No buscamos el parecido f\u00edsico sino que buscamos la posibilidad potencial de que ese cuerpo pudiera estar cercano con algunos cambios como pelo, posturales, etc\u00e9tera, no desde la pr\u00f3tesis; mi idea fue no generar imitaci\u00f3n sino construir los personajes propios de la serie.&nbsp;Un poco tomando referencia de algunas visiones que tienen las pel\u00edculas o las series de Estados Unidos, que cuando hacen un Nixon hacen el Nixon de esa serie, de esa pel\u00edcula, y despu\u00e9s hay otros que hacen otros Nixon o JFK o quien sea. Los personajes hist\u00f3ricos son revisitados desde una postura que tiene ese proyecto y no se busca el parecido f\u00edsico total.<\/p>\n<p><strong>&#8211; Los protagonistas principales de esta historia en su mayor\u00eda han fallecido o se han retirado de la pol\u00edtica activa. \u00bfCu\u00e1l fue el criterio del recorte de qu\u00e9 personajes hist\u00f3ricos estar\u00edan y cu\u00e1les no?<\/strong><br \/>&#8211; En realidad todas las historias tienen muchas subtramas que pod\u00edamos empezar a hablar. En la serie se trata de generar una l\u00ednea dram\u00e1tica principal que justamente es la del palacio, lo que sucede adentro del poder, y hay varias subtramas que se podr\u00edan haber abierto que no se abrieron; se decidieron adrede no abrir porque no da una serie de seis cap\u00edtulos de 40 minutos para poder desarrollarlas.&nbsp;Entonces, se desarrollaron dos subtramas principales: una de lo que pasa dentro del gobierno de la Alianza y la otra lo que va sucediendo en la oposici\u00f3n, en el peronismo. Despu\u00e9s est\u00e1n las otras subtramas posibles, que son varias y que se descartaron justamente para priorizar la trama principal. Es inevitable en cualquier recorte hist\u00f3rico; la decisi\u00f3n no tuvo que ver con que estuvieran retirados o no de la pol\u00edtica, sino que fueran los actores principales de aquel momento, los presidentes y los dirigentes principales de aquel momento.<\/p>\n<div class=\"video_repositive\"> <a class=\"video_sticky\" href=\"javascript:void();\" onclick=\"removeStuckVideo(true);\"><i class=\"far fa-window-close\"><\/i><\/a> <\/p>\n<div id=\"GqXV5etdsPM\" class=\"video_telam\" readability=\"6\">\n<div class=\"feature_article_inner\" readability=\"32\">\n<p><h2 class=\"text-center\">Serie de thriller pol\u00edtico que propone un repaso de los \u00faltimos d\u00edas del Gobierno de la Alianza.<\/h2>\n<\/p><\/div>\n<p>VER VIDEO <i class=\"fas fa-play\"><\/i><\/p>\n<\/p><\/div><\/div>\n<p><strong>&#8211; El pa\u00eds vive una crisis de escasez de d\u00f3lares muy fuerte, el FMI volvi\u00f3 a formar parte de nuestra vida cotidiana. \u00bfEl momento en que llega la serie le da m\u00e1s relevancia a esta historia?<\/strong><br \/>&#8211; La serie est\u00e1 generando mucho debate; mucha gente que o nos acusan de gorilas o nos acusan de kirchneristas. Y otra gente que est\u00e1 como fascinada y dolida por volver a revivir aquella \u00e9poca. Otros agradecidos, porque las nuevas generaciones de sus hijos y nietos o nietos la est\u00e1n viendo y tambi\u00e9n le pueden contar esa parte de su historia.&nbsp;Y creo que ah\u00ed radica lo mejor de la serie. La mayor virtud es que est\u00e1 generando debate. Creo profundamente que las obras de arte que traen respuestas no son \u00fatiles y las que traen preguntas son las m\u00e1s \u00fatiles, y justamente esta serie creo que est\u00e1 generando preguntas y posiciones muy fuertes como para revisarnos. Cuando algo te interpela, te obliga a ponerle palabra a lo que sent\u00eds, por la contradicci\u00f3n o por el dolor o lo que sea que te provoca eso que est\u00e1s mirando. Eso para m\u00ed es el mejor ejercicio que el arte puede ofrecer.<\/p>\n<figure class=\"mb-3\"><img loading=\"lazy\" data-src=\"http:\/\/cordobadirecto.com\/wp-content\/uploads\/2023\/06\/avila-la-mayor-virtud-de-diciembre-2001-es-que-esta-generando-debate-2.jpg\" src=\"https:\/\/www.telam.com.ar\/assets\/img\/not_image.png\" class=\" lazy \" width=\"100%\" height=\"100%\" alt=\"Csar Troncoso en el rol del exgobernador de la provincia de Buenos Aires Eduardo Duhalde Foto Prensa\"><figcaption> C\u00e9sar Troncoso en el rol del exgobernador de la provincia de Buenos Aires Eduardo Duhalde \/ Foto: Prensa. <\/figcaption><\/figure>\n<p><strong>&#8211; A diferencia de tradiciones audiovisuales como la estadounidense, no hay una gran historia del g\u00e9nero thriller pol\u00edtico en la Argentina. \u00bfQu\u00e9 puertas puede abrir \u201cDiciembre 2001\u201d en ese sentido?<\/strong><br \/>&#8211; Es cierto que los thrillers pol\u00edticos no abundan. A m\u00ed me fascina el thriller pol\u00edtico, creo que a todos nos gusta, y creo tambi\u00e9n que quiz\u00e1s esta serie habilita la posibilidad de mirar sucesos y hechos hist\u00f3ricos de nuestra vida pr\u00f3ximos, m\u00e1s cercanos. Si esto funciona bien, si \u201cDiciembre 2001\u201d demuestra que hay una manera y una posibilidad real de revisitarnos desde la coyuntura cercana, de pocos a\u00f1os atr\u00e1s, creo que es un un gran paso para poder empezar a debatir desde otro lugar tambi\u00e9n. Desde visitar los hechos que se pueden mostrar a trav\u00e9s de una pel\u00edcula o una serie, y no simplemente del recuerdo y del archivo hist\u00f3rico que se muestra en alg\u00fan recorte de un noticiero o de un programa de televisi\u00f3n.&nbsp;Argentina tiene gran capacidad art\u00edstica, t\u00e9cnica y narrativa como para poder encarar sus propias historias o historias de Latinoam\u00e9rica en un gran nivel, y creo que esa es una gran apuesta que quiz\u00e1s desde \u201cDiciembre 2001\u201d nos ayude a entender que es posible y que puede ser de inter\u00e9s para la gente. <\/p>\n","protected":false},"excerpt":{"rendered":"<p>El elenco es encabezado por Jean Pierre Noher como De la R\u00faa y Manuel Callau como el expresidente Ra\u00fal Alfons\u00edn \/ Foto: Prensa. \u201cDiciembre 2001\u201d, la serie de thriller pol\u00edtico que propone desde la ficci\u00f3n un repaso de los \u00faltimos d\u00edas del Gobierno de la Alianza de Fernando de la R\u00faa, la grave crisis social, [&hellip;]<\/p>\n","protected":false},"author":1,"featured_media":120397,"comment_status":"closed","ping_status":"closed","sticky":false,"template":"","format":"standard","meta":[],"categories":[20],"tags":[],"_links":{"self":[{"href":"http:\/\/cordobadirecto.com\/index.php\/wp-json\/wp\/v2\/posts\/120396"}],"collection":[{"href":"http:\/\/cordobadirecto.com\/index.php\/wp-json\/wp\/v2\/posts"}],"about":[{"href":"http:\/\/cordobadirecto.com\/index.php\/wp-json\/wp\/v2\/types\/post"}],"author":[{"embeddable":true,"href":"http:\/\/cordobadirecto.com\/index.php\/wp-json\/wp\/v2\/users\/1"}],"replies":[{"embeddable":true,"href":"http:\/\/cordobadirecto.com\/index.php\/wp-json\/wp\/v2\/comments?post=120396"}],"version-history":[{"count":0,"href":"http:\/\/cordobadirecto.com\/index.php\/wp-json\/wp\/v2\/posts\/120396\/revisions"}],"wp:featuredmedia":[{"embeddable":true,"href":"http:\/\/cordobadirecto.com\/index.php\/wp-json\/wp\/v2\/media\/120397"}],"wp:attachment":[{"href":"http:\/\/cordobadirecto.com\/index.php\/wp-json\/wp\/v2\/media?parent=120396"}],"wp:term":[{"taxonomy":"category","embeddable":true,"href":"http:\/\/cordobadirecto.com\/index.php\/wp-json\/wp\/v2\/categories?post=120396"},{"taxonomy":"post_tag","embeddable":true,"href":"http:\/\/cordobadirecto.com\/index.php\/wp-json\/wp\/v2\/tags?post=120396"}],"curies":[{"name":"wp","href":"https:\/\/api.w.org\/{rel}","templated":true}]}}