{"id":120398,"date":"2023-06-18T14:16:04","date_gmt":"2023-06-18T14:16:04","guid":{"rendered":"http:\/\/cordobadirecto.com\/index.php\/2023\/06\/18\/fernando-ruiz-diaz-me-pasan-todo-el-tiempo-cosas-inesperadas\/"},"modified":"2023-06-18T14:16:04","modified_gmt":"2023-06-18T14:16:04","slug":"fernando-ruiz-diaz-me-pasan-todo-el-tiempo-cosas-inesperadas","status":"publish","type":"post","link":"http:\/\/cordobadirecto.com\/index.php\/2023\/06\/18\/fernando-ruiz-diaz-me-pasan-todo-el-tiempo-cosas-inesperadas\/","title":{"rendered":"Fernando Ruiz D\u00edaz: &#8220;Me pasan todo el tiempo cosas inesperadas&#8221;"},"content":{"rendered":"<figure class=\"mb-3\"><img loading=\"lazy\" data-src=\"http:\/\/cordobadirecto.com\/wp-content\/uploads\/2023\/06\/fernando-ruiz-diaz-me-pasan-todo-el-tiempo-cosas-inesperadas.jpg\" src=\"https:\/\/www.telam.com.ar\/assets\/img\/not_image.png\" class=\" lazy \" width=\"100%\" height=\"100%\" alt=\"Lo peor que me pas fue el accidente de Gabi tenamos una relacin muy fuerte con l constru mi vida Foto Cris Sille\"><figcaption> &#8220;Lo peor que me pas\u00f3 fue el accidente de Gabi; ten\u00edamos una relaci\u00f3n muy fuerte, con \u00e9l constru\u00ed mi vida&#8221; \/ Foto: Cris Sille. <\/figcaption><\/figure>\n<p>El cantante y compositor Fernando Ruiz D\u00edaz, quien se presentar\u00e1 el pr\u00f3ximo 24 de junio en el porte\u00f1o Movistar Arena al frente de un renovado Catupecu Machu, asegur\u00f3 que para \u00e9l &#8220;la m\u00fasica es un poco el devenir&#8221; m\u00e1s que un ejercicio planificado y que en sus composiciones &#8220;influye&#8221; toda su historia y todo lo que le pasa.<\/p>\n<p>&#8220;Yo nunca hice m\u00fasica en forma profesionalizada, hay cosas que bajan, inspiraciones que vienen y ah\u00ed se mete todo de lo que yo puedo hablar, no hago relatos humanos, no son una historia concreta de algo&#8221;, indic\u00f3 Ruiz D\u00edaz en una entrevista con T\u00e9lam realizada en su casa, ubicada en el barrio porte\u00f1o de La Paternal, donde tambi\u00e9n mont\u00f3 su estudio.<\/p>\n<p>Antes del show que dar\u00e1 junto a Catupecu, el cantante y guitarrista de 54 a\u00f1os habl\u00f3 de su presente, de c\u00f3mo cambi\u00f3 su vida la llegada de su hija Lila, que tiene 10 a\u00f1os, y del impacto que tuvo en su vida la muerte de <strong>su hermano Gabriel<\/strong>, bajista y cofundador de la banda, quien<strong> <\/strong><a href=\"https:\/\/www.telam.com.ar\/notas\/202101\/542423-murio-gabriel-ruiz-diaz-cofundador-de-catupecu-machu-y-grave-desde-2006.html\" target=\"_blank\" rel=\"noopener\">falleci\u00f3 el 23 de enero de 2021, 15 a\u00f1os despu\u00e9s de sufrir un accidente automovil\u00edstico que lo dej\u00f3 en estado vegetativo<\/a>.<\/p>\n<p>&#8220;Lo peor que me pas\u00f3 fue el accidente de Gabi; ten\u00edamos una relaci\u00f3n muy fuerte, con \u00e9l constru\u00ed mi vida, no s\u00e9 c\u00f3mo sobreviv\u00ed a su muerte. Gabi era la luz de mi vida, mi &#8216;coequiper&#8217;, mi mano derecha, mi mano izquierda&#8221;, dijo Fernando en tono reflexivo, para luego balancear: &#8220;Y lo m\u00e1s grandioso que me pas\u00f3 fue Lila y Catupecu; en alg\u00fan sentido los pongo en un nivel parecido porque fui a tocar a un lugar y ah\u00ed conoc\u00ed a su mam\u00e1, mi hija fue como un renacer m\u00edo&#8221;.<\/p>\n<figure class=\"mb-3\"><img loading=\"lazy\" data-src=\"http:\/\/cordobadirecto.com\/wp-content\/uploads\/2023\/06\/fernando-ruiz-diaz-me-pasan-todo-el-tiempo-cosas-inesperadas-1.jpg\" src=\"https:\/\/www.telam.com.ar\/assets\/img\/not_image.png\" class=\" lazy \" width=\"100%\" height=\"100%\" alt=\"Catupecu Machu se presentar el prximo 24 de junio en el porteo Movistar Arena Foto Cris Sille\"><figcaption> Catupecu Machu se presentar\u00e1 el pr\u00f3ximo 24 de junio en el porte\u00f1o Movistar Arena \/ Foto: Cris Sille. <\/figcaption><\/figure>\n<p>A cuatro a\u00f1os de la separaci\u00f3n de Catupecu y tras una reuni\u00f3n homenaje a Gabriel Ruiz D\u00edaz en la edici\u00f3n 2022 del Festival Quilmes Rock, la banda anunci\u00f3 la &#8220;reencarnaci\u00f3n&#8221; del grupo.<\/p>\n<p>Conforman la actual formaci\u00f3n el hist\u00f3rico integrante y baterista <strong>Abril Sosa<\/strong>, el bajista <strong>Charlie Noguera <\/strong>y el baterista <strong>Juli\u00e1n Gondell<\/strong>, ambos compa\u00f1eros del l\u00edder en Vanthra, su proyecto paralelo.<\/p>\n<p>Acerca de esta resurrecci\u00f3n de Catupecu, banda clave de la escena del rock argentino nacida en los 90, el cantante plante\u00f3 que fue algo que se dio naturalmente:<strong> &#8220;Digo &#8216;reencarnaci\u00f3n&#8217; en lugar de reencuentro porque para m\u00ed la vuelta es con los miembros originales, como lo hicieron Los Fabulosos Cadillacs, Soda Stereo o Los Ratones Paranoicos&#8221;<\/strong>.<\/p>\n<p>En menos de un a\u00f1o y desde su presentaci\u00f3n en el Quilmes Rock en mayo del a\u00f1o pasado, ya vieron a la banda m\u00e1s de 400.000 personas, teniendo en cuenta los shows en Argentina -estadio Obras, Cosqu\u00edn Rock, Mar del Plata y Lollapalooza- y su gira latinoamericana visitando Uruguay, Chile, Colombia y Paraguay, a las que se sumaron m\u00faltiples transmisiones en plataformas de streaming.<\/p>\n<p>La banda sigue cautivando con inmortales hits como <em>Dale<\/em>, <em>Y lo que quiero es que pises sin el suelo<\/em>, <em>Magia veneno<\/em>, <em>Entero o a pedazos<\/em>&nbsp;y <em>A veces vuelvo<\/em>, inmersos en el exitoso presente de Catupecu Machu.<\/p>\n<figure class=\"mb-3\"><img loading=\"lazy\" data-src=\"http:\/\/cordobadirecto.com\/wp-content\/uploads\/2023\/06\/fernando-ruiz-diaz-me-pasan-todo-el-tiempo-cosas-inesperadas-2.jpg\" src=\"https:\/\/www.telam.com.ar\/assets\/img\/not_image.png\" class=\" lazy \" width=\"100%\" height=\"100%\" alt=\"Cuando vas creciendo es difcil sorprenderse es una cosa que me est costando cada vez ms Foto Cris Sille\"><figcaption> &#8220;Cuando vas creciendo es dif\u00edcil sorprenderse, es una cosa que me est\u00e1 costando cada vez m\u00e1s&#8221; \/ Foto: Cris Sille. <\/figcaption><\/figure>\n<p>Actualmente la banda est\u00e1 trabajando en su nuevo \u00e1lbum:<strong> &#8220;Estamos atravesando momentos alucinantes, trabajamos con mucha pasi\u00f3n como siempre o m\u00e1s que nunca, no sabemos cu\u00e1ndo va a salir, ser\u00e1 un disco fresco y potente&#8221;<\/strong>, adelant\u00f3 Ruiz D\u00edaz.<\/p>\n<p>Y en relaci\u00f3n a su actuaci\u00f3n en el estadio que est\u00e1 ubicado en Humboldt 450, del barrio porte\u00f1o de Villa Crespo, el m\u00fasico dijo: &#8220;El Movistar Arena fue un poco consecuencia de esta explosi\u00f3n, decidimos hacer este show antes de una gira que vamos a hacer por Europa; el camino nos va llevando, se va construyendo todos los d\u00edas&#8221;.<\/p>\n<blockquote class=\"instagram-media\" data-instgrm-captioned data-instgrm-permalink=\"https:\/\/www.instagram.com\/reel\/Cte_Hx-g_Cp\/?utm_source=ig_embed&amp;utm_campaign=loading\" data-instgrm-version=\"14\" readability=\"-0.2\"><\/blockquote>\n<p>La serie de presentaciones por &#8220;el viejo continente&#8221; -previo paso por C\u00f3rdoba el 30 de junio y 1 de julio y por Rosario el 7 de julio- comenzar\u00e1 el 23 de octubre en Berl\u00edn (Alemania), y seguir\u00e1 el 25, el 26 y el 29 del mismo mes en las ciudades espa\u00f1olas de Barcelona, Valencia y Madrid, respectivamente.<\/p>\n<p>Apasionado y due\u00f1o de una energ\u00eda contagiosa que traslada a sus canciones, el cantante confes\u00f3 que valora el hecho de tener una &#8220;vida alucinante, extraordinaria&#8221;: <strong>&#8220;Yo vivo como soy. Mis primas me dicen que desde que nac\u00ed ya estaba arriba del escenario; amo la m\u00fasica y toco desde muy chico, todos los d\u00edas son una aventura con todas las cosas que una aventura implica&#8221;<\/strong>, apunt\u00f3.<\/p>\n<p>&#8220;Cuando vas creciendo es dif\u00edcil sorprenderse, es una cosa que me est\u00e1 costando cada vez m\u00e1s; y entonces <strong>cuando lleg\u00f3 Lila fue como todas las sorpresas juntas, sin ella hay muchas cosas que nunca iba a entender <\/strong>\u2013a\u00f1adi\u00f3-. Yo antes dec\u00eda que no quer\u00eda ser padre, pero que si iba a serlo quer\u00eda ser padre de una mujer. Tienen otra visi\u00f3n del mundo, para m\u00ed superior, que el hombre, de la cual hay que aprender. Tienen una conciencia que un poco salva al mundo todos los d\u00edas&#8221;.<\/p>\n<p>&#8220;A m\u00ed me pasan todo el tiempo cosas inesperadas. Yo creo m\u00fasica, hago canciones, siempre me gust\u00f3 el futuro y ahora me gusta m\u00e1s que nunca, por eso quiero vivir 100 a\u00f1os&#8221;, redonde\u00f3.<\/p>\n<figure class=\"mb-3\"><img loading=\"lazy\" data-src=\"http:\/\/cordobadirecto.com\/wp-content\/uploads\/2023\/06\/fernando-ruiz-diaz-me-pasan-todo-el-tiempo-cosas-inesperadas-3.jpg\" src=\"https:\/\/www.telam.com.ar\/assets\/img\/not_image.png\" class=\" lazy \" width=\"100%\" height=\"100%\" alt=\"Foto Cris Sille\"><figcaption> Foto: Cris Sille. <\/figcaption><\/figure>\n<p><\/p>\n<div class=\"card col-md-10 offset-md-1 mb-4\">\n<h3 class=\"pt-2\">Relacionadas<\/h3>\n<\/p><\/div>\n","protected":false},"excerpt":{"rendered":"<p>&#8220;Lo peor que me pas\u00f3 fue el accidente de Gabi; ten\u00edamos una relaci\u00f3n muy fuerte, con \u00e9l constru\u00ed mi vida&#8221; \/ Foto: Cris Sille. El cantante y compositor Fernando Ruiz D\u00edaz, quien se presentar\u00e1 el pr\u00f3ximo 24 de junio en el porte\u00f1o Movistar Arena al frente de un renovado Catupecu Machu, asegur\u00f3 que para \u00e9l [&hellip;]<\/p>\n","protected":false},"author":1,"featured_media":120399,"comment_status":"closed","ping_status":"closed","sticky":false,"template":"","format":"standard","meta":[],"categories":[20],"tags":[],"_links":{"self":[{"href":"http:\/\/cordobadirecto.com\/index.php\/wp-json\/wp\/v2\/posts\/120398"}],"collection":[{"href":"http:\/\/cordobadirecto.com\/index.php\/wp-json\/wp\/v2\/posts"}],"about":[{"href":"http:\/\/cordobadirecto.com\/index.php\/wp-json\/wp\/v2\/types\/post"}],"author":[{"embeddable":true,"href":"http:\/\/cordobadirecto.com\/index.php\/wp-json\/wp\/v2\/users\/1"}],"replies":[{"embeddable":true,"href":"http:\/\/cordobadirecto.com\/index.php\/wp-json\/wp\/v2\/comments?post=120398"}],"version-history":[{"count":0,"href":"http:\/\/cordobadirecto.com\/index.php\/wp-json\/wp\/v2\/posts\/120398\/revisions"}],"wp:featuredmedia":[{"embeddable":true,"href":"http:\/\/cordobadirecto.com\/index.php\/wp-json\/wp\/v2\/media\/120399"}],"wp:attachment":[{"href":"http:\/\/cordobadirecto.com\/index.php\/wp-json\/wp\/v2\/media?parent=120398"}],"wp:term":[{"taxonomy":"category","embeddable":true,"href":"http:\/\/cordobadirecto.com\/index.php\/wp-json\/wp\/v2\/categories?post=120398"},{"taxonomy":"post_tag","embeddable":true,"href":"http:\/\/cordobadirecto.com\/index.php\/wp-json\/wp\/v2\/tags?post=120398"}],"curies":[{"name":"wp","href":"https:\/\/api.w.org\/{rel}","templated":true}]}}