{"id":120406,"date":"2023-06-17T21:39:46","date_gmt":"2023-06-17T21:39:46","guid":{"rendered":"https:\/\/www.ole.com.ar\/autos\/top-race_0_wRofmG6G45.html"},"modified":"2023-06-17T21:39:46","modified_gmt":"2023-06-17T21:39:46","slug":"triunfo-de-diego-azar-en-el-sprint-del-trv6-en-rosario","status":"publish","type":"post","link":"http:\/\/cordobadirecto.com\/index.php\/2023\/06\/17\/triunfo-de-diego-azar-en-el-sprint-del-trv6-en-rosario\/","title":{"rendered":"Triunfo de Diego Azar en el Sprint del TRV6 en Rosario"},"content":{"rendered":"<div><img src=\"http:\/\/cordobadirecto.com\/wp-content\/uploads\/2023\/06\/triunfo-de-diego-azar-en-el-sprint-del-trv6-en-rosario.jpg\" class=\"ff-og-image-inserted\"><\/div>\n<div readability=\"36\">\n<p>El Top Race est\u00e1 llevando a cabo su 5ta fecha del campeonato 2023 en el aut\u00f3dromo de la ciudad de Rosario en la provincia de Santa Fe. Luego de que se disputar\u00e1 la clasificaci\u00f3n del TRV6 en el trazado rosarino, se disput\u00f3 una &#8216;Carrera Sprint&#8217; con grilla invertida en la cual el protagonista fue nada m\u00e1s ni nada menos que Diego Azar.<\/p>\n<\/div>\n<div readability=\"40\">\n<p>El bicampe\u00f3n de la categor\u00eda, con el Lexus #1 del Toyota Gazoo Racing, tom\u00f3 la punta de la competencia luego de que su compa\u00f1ero de equipo, Jos\u00e9 Manuel Sapag, le cediera la posici\u00f3n. Gracias a esto, Azar cruz\u00f3 la bandera a cuadros en la primera colocaci\u00f3n y el podio lo completaron Sapag y Josito Di Palma.<\/p>\n<\/div>\n<div readability=\"36\">\n<p>La actividad del Top Race V6 en Rosario continuar\u00e1 ma\u00f1ana domingo con la realizaci\u00f3n de la carrera final (11.30hs) en la que el poleman, Facundo Aldrighetti, largar\u00e1 desde la primera ubicaci\u00f3n de la grilla.<\/p>\n<\/div>\n","protected":false},"excerpt":{"rendered":"<p>El Top Race est\u00e1 llevando a cabo su 5ta fecha del campeonato 2023 en el aut\u00f3dromo de la ciudad de Rosario en la provincia de Santa Fe. Luego de que se disputar\u00e1 la clasificaci\u00f3n del TRV6 en el trazado rosarino, se disput\u00f3 una &#8216;Carrera Sprint&#8217; con grilla invertida en la cual el protagonista fue nada [&hellip;]<\/p>\n","protected":false},"author":1,"featured_media":120407,"comment_status":"closed","ping_status":"closed","sticky":false,"template":"","format":"standard","meta":[],"categories":[21],"tags":[],"_links":{"self":[{"href":"http:\/\/cordobadirecto.com\/index.php\/wp-json\/wp\/v2\/posts\/120406"}],"collection":[{"href":"http:\/\/cordobadirecto.com\/index.php\/wp-json\/wp\/v2\/posts"}],"about":[{"href":"http:\/\/cordobadirecto.com\/index.php\/wp-json\/wp\/v2\/types\/post"}],"author":[{"embeddable":true,"href":"http:\/\/cordobadirecto.com\/index.php\/wp-json\/wp\/v2\/users\/1"}],"replies":[{"embeddable":true,"href":"http:\/\/cordobadirecto.com\/index.php\/wp-json\/wp\/v2\/comments?post=120406"}],"version-history":[{"count":0,"href":"http:\/\/cordobadirecto.com\/index.php\/wp-json\/wp\/v2\/posts\/120406\/revisions"}],"wp:featuredmedia":[{"embeddable":true,"href":"http:\/\/cordobadirecto.com\/index.php\/wp-json\/wp\/v2\/media\/120407"}],"wp:attachment":[{"href":"http:\/\/cordobadirecto.com\/index.php\/wp-json\/wp\/v2\/media?parent=120406"}],"wp:term":[{"taxonomy":"category","embeddable":true,"href":"http:\/\/cordobadirecto.com\/index.php\/wp-json\/wp\/v2\/categories?post=120406"},{"taxonomy":"post_tag","embeddable":true,"href":"http:\/\/cordobadirecto.com\/index.php\/wp-json\/wp\/v2\/tags?post=120406"}],"curies":[{"name":"wp","href":"https:\/\/api.w.org\/{rel}","templated":true}]}}