{"id":120414,"date":"2023-06-18T16:03:52","date_gmt":"2023-06-18T16:03:52","guid":{"rendered":"http:\/\/cordobadirecto.com\/index.php\/2023\/06\/18\/dia-del-padre-las-ventas-cayeron-casi-un-11-en-cordoba-cba24n\/"},"modified":"2023-06-18T16:03:52","modified_gmt":"2023-06-18T16:03:52","slug":"dia-del-padre-las-ventas-cayeron-casi-un-11-en-cordoba-cba24n","status":"publish","type":"post","link":"http:\/\/cordobadirecto.com\/index.php\/2023\/06\/18\/dia-del-padre-las-ventas-cayeron-casi-un-11-en-cordoba-cba24n\/","title":{"rendered":"D\u00eda del Padre: las ventas cayeron casi un 11% en <b>C\u00f3rdoba<\/b> &#8211; Cba24n"},"content":{"rendered":"<p>La gran mayor\u00eda de los comercios vendieron por debajo de sus expectativas, informaron desde la C\u00e1mara de Comercio de <b>C\u00f3rdoba<\/b> (CCC) <\/p>\n","protected":false},"excerpt":{"rendered":"<p>La gran mayor\u00eda de los comercios vendieron por debajo de sus expectativas, informaron desde la C\u00e1mara de Comercio de C\u00f3rdoba (CCC)<\/p>\n","protected":false},"author":1,"featured_media":0,"comment_status":"closed","ping_status":"closed","sticky":false,"template":"","format":"standard","meta":[],"categories":[40],"tags":[],"_links":{"self":[{"href":"http:\/\/cordobadirecto.com\/index.php\/wp-json\/wp\/v2\/posts\/120414"}],"collection":[{"href":"http:\/\/cordobadirecto.com\/index.php\/wp-json\/wp\/v2\/posts"}],"about":[{"href":"http:\/\/cordobadirecto.com\/index.php\/wp-json\/wp\/v2\/types\/post"}],"author":[{"embeddable":true,"href":"http:\/\/cordobadirecto.com\/index.php\/wp-json\/wp\/v2\/users\/1"}],"replies":[{"embeddable":true,"href":"http:\/\/cordobadirecto.com\/index.php\/wp-json\/wp\/v2\/comments?post=120414"}],"version-history":[{"count":0,"href":"http:\/\/cordobadirecto.com\/index.php\/wp-json\/wp\/v2\/posts\/120414\/revisions"}],"wp:attachment":[{"href":"http:\/\/cordobadirecto.com\/index.php\/wp-json\/wp\/v2\/media?parent=120414"}],"wp:term":[{"taxonomy":"category","embeddable":true,"href":"http:\/\/cordobadirecto.com\/index.php\/wp-json\/wp\/v2\/categories?post=120414"},{"taxonomy":"post_tag","embeddable":true,"href":"http:\/\/cordobadirecto.com\/index.php\/wp-json\/wp\/v2\/tags?post=120414"}],"curies":[{"name":"wp","href":"https:\/\/api.w.org\/{rel}","templated":true}]}}