{"id":120419,"date":"2023-06-18T19:42:00","date_gmt":"2023-06-18T19:42:00","guid":{"rendered":"http:\/\/cordobadirecto.com\/index.php\/2023\/06\/18\/continuar-sin-culpa-el-desafio-de-los-refugiados-que-viven-en-la-argentina\/"},"modified":"2023-06-18T19:42:00","modified_gmt":"2023-06-18T19:42:00","slug":"continuar-sin-culpa-el-desafio-de-los-refugiados-que-viven-en-la-argentina","status":"publish","type":"post","link":"http:\/\/cordobadirecto.com\/index.php\/2023\/06\/18\/continuar-sin-culpa-el-desafio-de-los-refugiados-que-viven-en-la-argentina\/","title":{"rendered":"Continuar sin culpa, el desaf\u00edo de los refugiados que viven en la Argentina"},"content":{"rendered":"<figure class=\"mb-3\"><img loading=\"lazy\" data-src=\"http:\/\/cordobadirecto.com\/wp-content\/uploads\/2023\/06\/continuar-sin-culpa-el-desafio-de-los-refugiados-que-viven-en-la-argentina.jpg\" src=\"https:\/\/www.telam.com.ar\/assets\/img\/not_image.png\" class=\" lazy \" width=\"100%\" height=\"100%\" alt=\"La cifra de refugiados en el mundo est aumentando y no hay seales que permitan vislumbrar un cambio en la tendencia\"><figcaption> La cifra de refugiados en el mundo est\u00e1 aumentando y no hay se\u00f1ales que permitan vislumbrar un cambio en la tendencia. <\/figcaption><\/figure>\n<p>&#8220;Volver a empezar sin elegirlo&#8221;, la &#8220;culpa por poder comer&#8221; y la tristeza por estar alejados de su familia son algunos de los puntos que conectan las historias de refugiados que viven en la Argentina y que forman parte de los m\u00e1s de 110 millones de personas que est\u00e1n en situaci\u00f3n de desplazamiento o de exilio forzado como resultado de conflictos armados, persecuciones o violaciones de los derechos humanos alrededor del mundo.<\/p>\n<p><strong>&#8220;Me cuesta decir que sal\u00ed por razones pol\u00edticas&#8221;<\/strong>, cont\u00f3 a T\u00e9lam <strong>L\u00eda Valeri<\/strong>, una<strong> dise\u00f1adora industrial venezolana<\/strong> de 53 a\u00f1os, sentada en uno de los pocos bancos con sol dentro del predio de la exESMA, donde particip\u00f3 en un programa de radio patrocinado por la <a href=\"https:\/\/www.youtube.com\/@ACNUR-UNHCR\" target=\"_blank\" rel=\"noopener\">agencia de la ONU para refugiados (Acnur) <\/a>que se estrenar\u00e1 el martes por YouTube, en el marco del D\u00eda Mundial del Refugiado.<\/p>\n<p><strong>L\u00eda tiene el coraz\u00f3n partido entre Venezuela y Argentina, a donde lleg\u00f3 en avi\u00f3n junto a sus dos hijos en 2006<\/strong>, cuando el registro de venezolanos en el pa\u00eds no superaba los 600. Ahora estima que son m\u00e1s de 220.000.<\/p>\n<p>&#8220;El padre de mis hijos trabajaba para la industria petrolera, hasta que en 2002 hubo un paro nacional. Los que se sumaron y los que hab\u00edan votado contra (Hugo) Ch\u00e1vez entraron a una lista. <strong>Fuimos tildados de golpistas. No pod\u00edamos salir de casa despu\u00e9s de las 18, no ten\u00edamos acceso a nada. Tuvimos que irnos con todo el dolor de nuestra alma<\/strong>&#8220;, continu\u00f3, con visible emoci\u00f3n.<\/p>\n<p>El paro por tiempo indeterminado de 2002, decretado por la patronal Fedec\u00e1maras y por la Confederaci\u00f3n de Trabajadores de Venezuela (CTV), ambas opositoras al chavismo, interrumpi\u00f3 la actividad hidrocarbur\u00edfera (principal ingreso del pa\u00eds) y el funcionamiento de la petrolera estatal Pdvsa, y se extendi\u00f3 desde el 2 de diciembre de 2002 hasta febrero de 2003.<\/p>\n<p>El paro se produjo meses despu\u00e9s del golpe de Estado de abril de 2002 que derroc\u00f3 por dos d\u00edas al entonces presidente, Hugo Ch\u00e1vez, hasta que retom\u00f3 el Ejecutivo el 14 de abril, tras una previa reasunci\u00f3n de quien era su vicepresidente, Diosdado Cabello.<\/p>\n<p>Actualmente, <strong>Venezuela atraviesa la segunda crisis de desplazamiento externo de mayor magnitud a nivel mundial<\/strong>. M\u00e1s de 7 millones de personas abandonaron el pa\u00eds y 6 millones de ellos fueron acogidos en naciones latinoamericanas.<\/p>\n<p>&#8220;<strong>Una cosa es planificar irse a otro pa\u00eds, pero yo tuve que salir con un ni\u00f1o en cada mano y despedirme de mi familia, de la tierra que amaba<\/strong>. Mi mam\u00e1 no iba a ver crecer a sus nietos. Ten\u00eda que empezar de nuevo mi carrera. Se vive m\u00e1s tranquilo, pero siempre queda esa tristeza y la angustia de la incertidumbre&#8221;, resumi\u00f3 la impulsora de la Fundaci\u00f3n para la Integraci\u00f3n Cultural de Migrantes y Refugiados (FICU).<\/p>\n<figure class=\"mb-3\"><img loading=\"lazy\" data-src=\"http:\/\/cordobadirecto.com\/wp-content\/uploads\/2023\/06\/continuar-sin-culpa-el-desafio-de-los-refugiados-que-viven-en-la-argentina-1.jpg\" src=\"https:\/\/www.telam.com.ar\/assets\/img\/not_image.png\" class=\" lazy \" width=\"100%\" height=\"100%\" alt=\"La lleg en avin junto a sus dos hijos en 2006 cuando el registro de venezolanos en el pas no superaba los 600 Foto Vctor Carreira\"><figcaption> L\u00eda lleg\u00f3 en avi\u00f3n junto a sus dos hijos en 2006, cuando el registro de venezolanos en el pa\u00eds no superaba los 600. \/ Foto: V\u00edctor Carreira. <\/figcaption><\/figure>\n<p>Sus m\u00e1s de 15 a\u00f1os de trabajos en organizaciones que prestan asistencia a refugiados la llevaron a notar que un sentimiento que acompa\u00f1a a la mayor\u00eda es el cargo de conciencia.<\/p>\n<p>&#8220;No sientan culpa porque est\u00e1n tranquilos, porque pueden ir al supermercado, tener leche y comer; no sientan culpa, que ya es suficiente dolor estar lejos&#8221;, asegur\u00f3.<\/p>\n<blockquote class><p>&#8220;No sientan culpa porque est\u00e1n tranquilos, porque pueden ir al supermercado, tener leche y comer; no sientan culpa, que ya es suficiente dolor estar lejos&#8221;<cite class=\"author\">L\u00eda Valeri<\/cite><\/p><\/blockquote>\n<p>Como ella, <strong>m\u00e1s de 1 de cada 74 personas a nivel mundial permanecen desplazadas por la fuerza y casi el 90% se encuentra en pa\u00edses de renta baja y media<\/strong>. De finales de 2021 a finales de 2022 la cifra creci\u00f3 en 19 millones, lo que equivale a poblaciones de Ecuador, Pa\u00edses Bajos o Somal\u00eda, llegando a 108 millones.<\/p>\n<p>Adem\u00e1s de la guerra en Ucrania y la estampida de refugiados de Afganist\u00e1n, este a\u00f1o con el estallido de la guerra en Sud\u00e1n<strong> el n\u00famero de refugiados super\u00f3 la barrera de los 110 millones y las proyecciones no muestran retrocesos en las tendencias<\/strong>, seg\u00fan el \u00faltimo informe del Acnur.<\/p>\n<p><strong>Muchos venezolanos, a diferencia de L\u00eda, huyen hacia la fronteriza Colombia<\/strong>, uno de los pa\u00edses que m\u00e1s refugiados acoge en Am\u00e9rica Latina, con 2,5 millones, pero<strong> Mauricio Viloria <\/strong>debi\u00f3 hacer el camino inverso.<\/p>\n<p>Es licenciado en Ciencias Sociales, tiene 48 a\u00f1os y, tras una larga traves\u00eda, <strong>lleg\u00f3 desde Colombia a Argentina en 2008<\/strong>. Previo a su exilio, se desempe\u00f1aba como investigador y profesor universitario en c\u00e1tedras vinculadas al desplazamiento forzado interno y protecci\u00f3n internacional.<\/p>\n<p><strong>&#8220;Mi compa\u00f1era y yo sufrimos persecuci\u00f3n pol\u00edtica en la \u00e9poca del uribismo. Pasamos de ver el fen\u00f3meno como objeto de estudio a ser protagonistas de la distancia entre la teor\u00eda y la pr\u00e1ctica&#8221;<\/strong>, se present\u00f3.<\/p>\n<p>Entre 2000 y 2012, unas 400.000 personas fueron obligadas a desplazarse fuera del pa\u00eds por los conflictos internos entre el Gobierno y la guerrilla de las FARC. Actualmente, la cifra asciende a 31.281.<\/p>\n<p>A diferencia de L\u00eda, Mauricio y su pareja debieron cruzar por tierra y sortear varios controles policiales. Primero fueron a Venezuela pensando que podr\u00edan volver a Colombia en el corto plazo, pero la conflictividad ya hab\u00eda atravesado las fronteras.<\/p>\n<p>&#8220;Las respuestas de protecci\u00f3n no eran de protecci\u00f3n. Cuando vimos que la situaci\u00f3n se iba a prolongar, familiares que tenemos en Argentina empezaron a indagar con Madres de Plaza de Mayo qu\u00e9 opciones hab\u00eda. No hab\u00edamos planeado el viaje, no ten\u00edamos pasaportes y si no pod\u00edamos cruzar con nuestros documentos, no hab\u00eda manera de llegar. Ah\u00ed es donde quedan esas categor\u00edas difusas&#8221;, reflexion\u00f3.<\/p>\n<p>&#8220;En Venezuela hab\u00eda un control riguroso migratorio, pero tambi\u00e9n hab\u00eda mucha corrupci\u00f3n y, si te identificaban, la gente daba lo que ten\u00eda para poder continuar. As\u00ed cruzamos a Brasil y una semana y media despu\u00e9s llegamos a Argentina&#8221;, record\u00f3 Mauricio, que a\u00fan mantiene el estatus de refugiado pol\u00edtico a modo testimonial.<\/p>\n<figure class=\"mb-3\"><img loading=\"lazy\" data-src=\"http:\/\/cordobadirecto.com\/wp-content\/uploads\/2023\/06\/continuar-sin-culpa-el-desafio-de-los-refugiados-que-viven-en-la-argentina-2.jpg\" src=\"https:\/\/www.telam.com.ar\/assets\/img\/not_image.png\" class=\" lazy \" width=\"100%\" height=\"100%\" alt=\"Mauricio Viloria ss licenciado en Ciencias Sociales tiene 48 aos y tras una larga travesa lleg desde Colombia a Argentina en 2008 Foto Vctor Carreira\"><figcaption> Mauricio Viloria ss licenciado en Ciencias Sociales, tiene 48 a\u00f1os y, tras una larga traves\u00eda, lleg\u00f3 desde Colombia a Argentina en 2008. \/ Foto: V\u00edctor Carreira <\/figcaption><\/figure>\n<p>Una vez en Argentina, continuaron trabajando sobre casos de desapariciones en Colombia desde la Comisi\u00f3n de Esclarecimiento de la Verdad con la Unidad de B\u00fasqueda de Personas dadas por desaparecidas.<\/p>\n<p>&#8220;De alguna manera el exilio es eso, busca justamente alejarte de las cosas que hac\u00e9s, de las cosas que cre\u00e9s, de las cosas que quer\u00e9s. Esta fue una forma de resistir al exilio. Encontrar la inclusi\u00f3n tambi\u00e9n por la v\u00eda de la solidaridad e intereses comunes frente a la historia de la regi\u00f3n&#8221;, expres\u00f3.<\/p>\n<p><strong>Coincidi\u00f3 con L\u00eda en que &#8220;es como volver a empezar sin elegirlo&#8221;<\/strong>.<\/p>\n<p>&#8220;Cuando la gente migra, tiene una expectativa a futuro. A nosotros nos mantuvo la adrenalina hasta llegar ac\u00e1. Despu\u00e9s nos cay\u00f3 la ficha de la distancia, de que tu historia se borra. Lo que no pod\u00e9s probar con papeles, no existe. Curiosamente, el retorno es un poco volver a eso, aunque volv\u00e9s al lugar del que partiste, ha pasado mucho tiempo&#8221;, precis\u00f3.<\/p>\n<blockquote class><p>Cuando la gente migra, tiene una expectativa a futuro. A nosotros nos mantuvo la adrenalina hasta llegar ac\u00e1. Despu\u00e9s nos cay\u00f3 la ficha de la distancia, de que tu historia se borra<cite class=\"author\">Mauricio Viloria<\/cite><\/p><\/blockquote>\n<p><strong>Del total de refugiados, 6,5 millones proceden de Siria, que encabeza la lista<\/strong>, y aunque a primera vista las culturas argentina y siria parecen muy distintas, para <strong>Okba Aziza<\/strong>, &#8220;comparten muchas cosas a nivel humano&#8221;.<\/p>\n<p>\u00c9l <strong>tiene 36 a\u00f1os, es licenciado en lengua y literatura inglesa y lleg\u00f3 a Argentina en 2017 en el marco de un programa de visa humanitaria<\/strong>, cinco a\u00f1os despu\u00e9s de realizar una maestr\u00eda en la ense\u00f1anza del ingl\u00e9s en Inglaterra.<\/p>\n<figure class=\"mb-3\"><img loading=\"lazy\" data-src=\"http:\/\/cordobadirecto.com\/wp-content\/uploads\/2023\/06\/continuar-sin-culpa-el-desafio-de-los-refugiados-que-viven-en-la-argentina-3.jpg\" src=\"https:\/\/www.telam.com.ar\/assets\/img\/not_image.png\" class=\" lazy \" width=\"100%\" height=\"100%\" alt=\" Mis primeros meses en Argentina no fueron muy sencillos Ahora estoy muy integrado profesionalmente y tengo amigos y familia dijo Okba Aziza Foto Vctor Carreira\"><figcaption> &#8220;Mis primeros meses en Argentina no fueron muy sencillos. Ahora estoy muy integrado profesionalmente, y tengo amigos y familia&#8221;, dijo Okba Aziza. \/ Foto: V\u00edctor Carreira <\/figcaption><\/figure>\n<p>Su infancia transcurri\u00f3 en Latakia, la principal ciudad portuaria siria, que indirectamente padece las consecuencias de la guerra y la violencia interna.<\/p>\n<p>&#8220;De un d\u00eda a otro -profundiz\u00f3- la poblaci\u00f3n se duplic\u00f3 y encontr\u00e9 cada d\u00eda menos posibilidades de seguir con mi plan de vida. Fue como una migraci\u00f3n elegida y forzada al mismo tiempo, porque desde mi infancia tuve presente a Argentina en la literatura del atlas&#8221;, apunt\u00f3.<\/p>\n<blockquote class><p> Fue como una migraci\u00f3n elegida y forzada al mismo tiempo, porque desde mi infancia tuve presente a Argentina en la literatura del atlas<cite class=\"author\">Okba Aziza<\/cite><\/p><\/blockquote>\n<p>No obstante, destac\u00f3: &#8220;<strong>Mis primeros meses en Argentina no fueron muy sencillos. Ahora estoy muy integrado profesionalmente, y tengo amigos y familia<\/strong>. Tuve que aprender a mantener el v\u00ednculo familiar con calidad, pero de manera distinta, aunque siempre un poco la nostalgia sale&#8221;. <\/p>\n","protected":false},"excerpt":{"rendered":"<p>La cifra de refugiados en el mundo est\u00e1 aumentando y no hay se\u00f1ales que permitan vislumbrar un cambio en la tendencia. &#8220;Volver a empezar sin elegirlo&#8221;, la &#8220;culpa por poder comer&#8221; y la tristeza por estar alejados de su familia son algunos de los puntos que conectan las historias de refugiados que viven en la [&hellip;]<\/p>\n","protected":false},"author":1,"featured_media":120420,"comment_status":"closed","ping_status":"closed","sticky":false,"template":"","format":"standard","meta":[],"categories":[24],"tags":[],"_links":{"self":[{"href":"http:\/\/cordobadirecto.com\/index.php\/wp-json\/wp\/v2\/posts\/120419"}],"collection":[{"href":"http:\/\/cordobadirecto.com\/index.php\/wp-json\/wp\/v2\/posts"}],"about":[{"href":"http:\/\/cordobadirecto.com\/index.php\/wp-json\/wp\/v2\/types\/post"}],"author":[{"embeddable":true,"href":"http:\/\/cordobadirecto.com\/index.php\/wp-json\/wp\/v2\/users\/1"}],"replies":[{"embeddable":true,"href":"http:\/\/cordobadirecto.com\/index.php\/wp-json\/wp\/v2\/comments?post=120419"}],"version-history":[{"count":0,"href":"http:\/\/cordobadirecto.com\/index.php\/wp-json\/wp\/v2\/posts\/120419\/revisions"}],"wp:featuredmedia":[{"embeddable":true,"href":"http:\/\/cordobadirecto.com\/index.php\/wp-json\/wp\/v2\/media\/120420"}],"wp:attachment":[{"href":"http:\/\/cordobadirecto.com\/index.php\/wp-json\/wp\/v2\/media?parent=120419"}],"wp:term":[{"taxonomy":"category","embeddable":true,"href":"http:\/\/cordobadirecto.com\/index.php\/wp-json\/wp\/v2\/categories?post=120419"},{"taxonomy":"post_tag","embeddable":true,"href":"http:\/\/cordobadirecto.com\/index.php\/wp-json\/wp\/v2\/tags?post=120419"}],"curies":[{"name":"wp","href":"https:\/\/api.w.org\/{rel}","templated":true}]}}