{"id":120549,"date":"2023-06-19T14:24:46","date_gmt":"2023-06-19T14:24:46","guid":{"rendered":"http:\/\/cordobadirecto.com\/index.php\/2023\/06\/19\/cuarto-de-luna-menguante-reconocida-en-la-legislatura-portena\/"},"modified":"2023-06-19T14:24:46","modified_gmt":"2023-06-19T14:24:46","slug":"cuarto-de-luna-menguante-reconocida-en-la-legislatura-portena","status":"publish","type":"post","link":"http:\/\/cordobadirecto.com\/index.php\/2023\/06\/19\/cuarto-de-luna-menguante-reconocida-en-la-legislatura-portena\/","title":{"rendered":"&#8220;Cuarto de luna menguante&#8221;, reconocida en la Legislatura Porte\u00f1a"},"content":{"rendered":"<figure class=\"mb-3\"><img loading=\"lazy\" data-src=\"http:\/\/cordobadirecto.com\/wp-content\/uploads\/2023\/06\/cuarto-de-luna-menguante-reconocida-en-la-legislatura-portena.jpg\" src=\"https:\/\/www.telam.com.ar\/assets\/img\/not_image.png\" class=\" lazy \" width=\"100%\" height=\"100%\" alt=\"Cuarto de luna menguante\"><figcaption> &#8220;Cuarto de luna menguante&#8221;. <\/figcaption><\/figure>\n<p>La obra <strong>\u201cCuarto de luna menguante\u201d<\/strong>, que en su propuesta aborda la tem\u00e1tica del autismo en el marco de una historia familiar, fue reconocida por la Legislatura porte\u00f1a y el s\u00e1bado pr\u00f3ximo cerrar\u00e1 su segunda temporada en la sala Beckett Teatro.<\/p>\n<p>La pieza dirigida por <strong>N\u00e9stor Caniglia<\/strong> y escrita y protagonizada por <strong>Mat\u00edas Villanueva <\/strong>y<strong> B\u00e1rbara Abuaf<\/strong>, fue declarada el viernes \u00faltimo \u201cde Inter\u00e9s Cultural\u201d por la Legislatura Porte\u00f1a.<\/p>\n<p>La propuesta se completa con <strong>Alejandro Mateo<\/strong> en el vestuario y la escenograf\u00eda, <strong>Pablo Alfieri<\/strong> en el dise\u00f1o de iluminaci\u00f3n y <strong>Gonzalo Balbiani<\/strong> en la asistencia.<\/p>\n<p>La pieza que narra po\u00e9ticamente el encuentro entre Rufino y Celeste, concluir\u00e1 el s\u00e1bado 24, a las 21, en la sala sita en Guardia Vieja 3556 su segunda temporada de funciones. <\/p>\n","protected":false},"excerpt":{"rendered":"<p>&#8220;Cuarto de luna menguante&#8221;. La obra \u201cCuarto de luna menguante\u201d, que en su propuesta aborda la tem\u00e1tica del autismo en el marco de una historia familiar, fue reconocida por la Legislatura porte\u00f1a y el s\u00e1bado pr\u00f3ximo cerrar\u00e1 su segunda temporada en la sala Beckett Teatro. La pieza dirigida por N\u00e9stor Caniglia y escrita y protagonizada [&hellip;]<\/p>\n","protected":false},"author":1,"featured_media":120550,"comment_status":"closed","ping_status":"closed","sticky":false,"template":"","format":"standard","meta":[],"categories":[20],"tags":[],"_links":{"self":[{"href":"http:\/\/cordobadirecto.com\/index.php\/wp-json\/wp\/v2\/posts\/120549"}],"collection":[{"href":"http:\/\/cordobadirecto.com\/index.php\/wp-json\/wp\/v2\/posts"}],"about":[{"href":"http:\/\/cordobadirecto.com\/index.php\/wp-json\/wp\/v2\/types\/post"}],"author":[{"embeddable":true,"href":"http:\/\/cordobadirecto.com\/index.php\/wp-json\/wp\/v2\/users\/1"}],"replies":[{"embeddable":true,"href":"http:\/\/cordobadirecto.com\/index.php\/wp-json\/wp\/v2\/comments?post=120549"}],"version-history":[{"count":0,"href":"http:\/\/cordobadirecto.com\/index.php\/wp-json\/wp\/v2\/posts\/120549\/revisions"}],"wp:featuredmedia":[{"embeddable":true,"href":"http:\/\/cordobadirecto.com\/index.php\/wp-json\/wp\/v2\/media\/120550"}],"wp:attachment":[{"href":"http:\/\/cordobadirecto.com\/index.php\/wp-json\/wp\/v2\/media?parent=120549"}],"wp:term":[{"taxonomy":"category","embeddable":true,"href":"http:\/\/cordobadirecto.com\/index.php\/wp-json\/wp\/v2\/categories?post=120549"},{"taxonomy":"post_tag","embeddable":true,"href":"http:\/\/cordobadirecto.com\/index.php\/wp-json\/wp\/v2\/tags?post=120549"}],"curies":[{"name":"wp","href":"https:\/\/api.w.org\/{rel}","templated":true}]}}