{"id":120553,"date":"2023-06-18T20:34:10","date_gmt":"2023-06-18T20:34:10","guid":{"rendered":"https:\/\/www.ole.com.ar\/autos\/agustin-canapino-indycar-road-america_0_M2PyXRzmQP.html"},"modified":"2023-06-18T20:34:10","modified_gmt":"2023-06-18T20:34:10","slug":"canapino-fue-el-mejor-rookie-en-road-america","status":"publish","type":"post","link":"http:\/\/cordobadirecto.com\/index.php\/2023\/06\/18\/canapino-fue-el-mejor-rookie-en-road-america\/","title":{"rendered":"Canapino fue el mejor rookie en Road America"},"content":{"rendered":"<p><time class=\"createDate\" datetime=\"2023-06-18T17:34:10-03:00\">18\/06\/2023 17:34hs.<\/time><time class=\"modificatedDate\" datetime=\"2023\/06\/18T20:31:14-03:00\"> Actualizado al 18\/06\/2023 20:31hs.<\/time><\/p>\n<div id=\"storyBody\">\n<div class=\"custom-text \" readability=\"43\">\n<p>Otro paso positivo para <strong>Agust\u00edn Canapino<\/strong> en la <strong>IndyCar<\/strong>: finaliz\u00f3 en la 19\u00aa ubicaci\u00f3n en la competencia denominada Road Am\u00e9rica, que se disput\u00f3 en el circuito de Elkhart Lake, en Wisconsin, por la octava fecha del torneo. A pesar de haber tenido algunas complicaciones en la pista y en la zona de boxes, logr\u00f3 cumplir nuevamente su objetivo, finalizar la carrera, y, adem\u00e1s, lo hizo como <strong>el mejor rookie<\/strong>.<\/p>\n<\/div>\n<div class=\"custom-text \" readability=\"40\">\n<p>El arrecife\u00f1o, de 33 a\u00f1os, hab\u00eda largado en la 21\u00aa posici\u00f3n y pudo dise\u00f1ar un consistente plan de carrera que le permiti\u00f3 concluir la exigencia de 55 vueltas, al trazado de 6.515 metros de extensi\u00f3n. Asimismo, meti\u00f3 una impresionante largada en la que <strong>super\u00f3 a seis contrincantes<\/strong>. Sin embargo, un par de errores y muchos relanzamientos por bandera amarilla lo retrasaron nuevamente.<\/p>\n<\/div>\n<div class=\"sc-7ce6049-0 dwIKul\">\n<div class=\"sc-7ce6049-1 bdcBBS videoText\" id=\"contentTitleundefined7dYNTW2Z\" readability=\"56\"><svg fill=\"#ffffff\"><symbol id=\"play\" viewBox=\"0 0 512 512\"><path d=\"M512 256C512 397.4 397.4 512 256 512C114.6 512 0 397.4 0 256C0 114.6 114.6 0 256 0C397.4 0 512 114.6 512 256zM176 168V344C176 352.7 180.7 360.7 188.3 364.9C195.8 369.2 205.1 369 212.5 364.5L356.5 276.5C363.6 272.1 368 264.4 368 256C368 247.6 363.6 239.9 356.5 235.5L212.5 147.5C205.1 142.1 195.8 142.8 188.3 147.1C180.7 151.3 176 159.3 176 168V168z\" \/><\/symbol><use xlink:href=\"#play\" \/><\/svg><\/p>\n<div class=\"right\" readability=\"7\">\n<p>Agust\u00edn Canapino<!-- --> &#8211;<!-- --> <span>18-6-2023<\/span><\/p>\n<h2 class=\"title-vid\">La impresionante largada de Canapino<\/h2>\n<\/div>\n<\/div>\n<p><span class=\"back\" id=\"spanBackundefined7dYNTW2Z\"><\/span><\/div>\n<div class=\"custom-text \" readability=\"38\">\n<p>A bordo del Dallara-Chevrolet del Juncos Hollinger Racing, el Tit\u00e1n termin\u00f3 con un tiempo acumulado de 1h50m49s, situ\u00e1ndose a 44s800 del ganador, el espa\u00f1ol Alex Palou, quien se afianz\u00f3 en la punta del campeonato.<\/p>\n<\/div>\n<div class=\"sc-7ce6049-0 dwIKul\">\n<div class=\"sc-7ce6049-1 bdcBBS videoText\" id=\"contentTitleundefined7MId83Lt\" readability=\"56\"><svg fill=\"#ffffff\"><symbol id=\"play\" viewBox=\"0 0 512 512\"><path d=\"M512 256C512 397.4 397.4 512 256 512C114.6 512 0 397.4 0 256C0 114.6 114.6 0 256 0C397.4 0 512 114.6 512 256zM176 168V344C176 352.7 180.7 360.7 188.3 364.9C195.8 369.2 205.1 369 212.5 364.5L356.5 276.5C363.6 272.1 368 264.4 368 256C368 247.6 363.6 239.9 356.5 235.5L212.5 147.5C205.1 142.1 195.8 142.8 188.3 147.1C180.7 151.3 176 159.3 176 168V168z\" \/><\/symbol><use xlink:href=\"#play\" \/><\/svg><\/p>\n<div class=\"right\" readability=\"7\">\n<p>Agust\u00edn Canapino<!-- --> &#8211;<!-- --> <span>18-6-2023<\/span><\/p>\n<h2 class=\"title-vid\">Canapino se fue de la pista pero pudo continuar<\/h2>\n<\/div>\n<\/div>\n<p><span class=\"back\" id=\"spanBackundefined7MId83Lt\"><\/span><\/div>\n<div class=\"custom-text \" readability=\"39\">\n<p>Luego de una salida de pista en el tramo inicial de la carrera, el argentino se mantuvo en el fondo del pelot\u00f3n y fue avanzando, de a poco, hasta quedarse con el 19\u00ba lugar, situ\u00e1ndose por delante de otros pilotos m\u00e1s experimentados como el sueco Felix Rosenqvist (20\u00ba) o el franc\u00e9s Romain Grosjean (25\u00ba).<\/p>\n<\/div>\n<div class=\"sc-e7b891c4-0 jPbnQF\"><img alt=\"Canapino complet\u00f3 la carrera en Road America\" src=\"http:\/\/cordobadirecto.com\/wp-content\/uploads\/2023\/06\/canapino-fue-el-mejor-rookie-en-road-america.jpg\" width=\"72\" height=\"10\" decoding=\"async\" data-nimg=\"future\" loading=\"lazy\"><span class=\"epigraphe\">Canapino complet\u00f3 la carrera en Road America<\/span><\/div>\n<div class=\"custom-text \" readability=\"34\">\n<p>Palou gan\u00f3 la carrera sobre el final y aventaj\u00f3 por 4s561 al estadounidense Josef Newgarden. La tercera posici\u00f3n qued\u00f3 en poder del mexicano Pato O&#8217;Ward, a 6s754.<\/p>\n<\/div>\n<p><h2><strong>Qu\u00e9 dijo Canapino despu\u00e9s de la carrera<\/strong><\/h2>\n<\/p>\n<div class=\"custom-text \" readability=\"43\">\n<p>&#8220;Una carrera complicada al comienzo, sufr\u00ed mucho con las gomas rojas. De hecho, hice una peque\u00f1a salida afuera y no pude seguir en el pelot\u00f3n. Despu\u00e9s con las gomas negras me recuper\u00e9 y pude competir, termin\u00e9 avanzando puestos, en un gran ritmo, llegu\u00e9 a la cola de mi compa\u00f1ero de equipo, en el puesto 19 sumando una buena cantidad de puntos y <strong>me baj\u00e9 del auto mejor que nunca f\u00edsicamente<\/strong>. Es IndyCar, la categor\u00eda m\u00e1s competitiva del mundo y eso me deja muy contento&#8221;, afirm\u00f3 el Tit\u00e1n.<\/p>\n<\/div>\n<div class=\"sc-7ce6049-0 dwIKul\">\n<div class=\"sc-7ce6049-1 bdcBBS videoText\" id=\"contentTitleundefinedFbiRY81H\" readability=\"56\"><svg fill=\"#ffffff\"><symbol id=\"play\" viewBox=\"0 0 512 512\"><path d=\"M512 256C512 397.4 397.4 512 256 512C114.6 512 0 397.4 0 256C0 114.6 114.6 0 256 0C397.4 0 512 114.6 512 256zM176 168V344C176 352.7 180.7 360.7 188.3 364.9C195.8 369.2 205.1 369 212.5 364.5L356.5 276.5C363.6 272.1 368 264.4 368 256C368 247.6 363.6 239.9 356.5 235.5L212.5 147.5C205.1 142.1 195.8 142.8 188.3 147.1C180.7 151.3 176 159.3 176 168V168z\" \/><\/symbol><use xlink:href=\"#play\" \/><\/svg><\/p>\n<div class=\"right\" readability=\"7\">\n<p>Agust\u00edn Canapino<!-- --> &#8211;<!-- --> <span>18-6-2023<\/span><\/p>\n<h2 class=\"title-vid\">La palabra de Canapino despu\u00e9s de Road America<\/h2>\n<\/div>\n<\/div>\n<p><span class=\"back\" id=\"spanBackundefinedFbiRY81H\"><\/span><\/div>\n<p><h2><strong>\u00bfC\u00f3mo sigue el calendario de la IndyCar?<\/strong><\/h2>\n<\/p>\n<p>La pr\u00f3xima carrera ser\u00e1 el domingo 2 de julio en el aut\u00f3dromo de Mid-Ohio, a 80 vueltas. <\/p>\n<div class=\"sc-a7166897-0 exHLBh\" readability=\"6\">\n<section readability=\"2\"><picture><img alt=\"F1: Verstappen gan\u00f3 su sexta carrera en el a\u00f1o y sac\u00f3 69 puntos en la cima\" src=\"http:\/\/cordobadirecto.com\/wp-content\/uploads\/2023\/06\/canapino-fue-el-mejor-rookie-en-road-america-1.jpg\" width=\"29\" height=\"29\" decoding=\"async\" data-nimg=\"future\" loading=\"lazy\"><\/picture>\n<p><span>Mir\u00e1 tambi\u00e9n<\/span><\/p>\n<hr>\n<h3>F1: Verstappen gan\u00f3 su sexta carrera en el a\u00f1o y sac\u00f3 69 puntos en la cima<\/h3>\n<\/p>\n<\/section>\n<\/div>\n<div class=\"sc-a7166897-0 exHLBh\" readability=\"6\">\n<section readability=\"2\"><picture><img alt=\"TN: Urcera y una victoria incontestable en Posadas \" src=\"http:\/\/cordobadirecto.com\/wp-content\/uploads\/2023\/06\/canapino-fue-el-mejor-rookie-en-road-america-2.jpg\" width=\"29\" height=\"29\" decoding=\"async\" data-nimg=\"future\" loading=\"lazy\"><\/picture>\n<p><span>Mir\u00e1 tambi\u00e9n<\/span><\/p>\n<hr>\n<h3>TN: Urcera y una victoria incontestable en Posadas<br \/>\n<\/h3>\n<\/p>\n<\/section>\n<\/div>\n<\/div>\n","protected":false},"excerpt":{"rendered":"<p>18\/06\/2023 17:34hs. Actualizado al 18\/06\/2023 20:31hs. Otro paso positivo para Agust\u00edn Canapino en la IndyCar: finaliz\u00f3 en la 19\u00aa ubicaci\u00f3n en la competencia denominada Road Am\u00e9rica, que se disput\u00f3 en el circuito de Elkhart Lake, en Wisconsin, por la octava fecha del torneo. A pesar de haber tenido algunas complicaciones en la pista y en [&hellip;]<\/p>\n","protected":false},"author":1,"featured_media":120554,"comment_status":"closed","ping_status":"closed","sticky":false,"template":"","format":"standard","meta":[],"categories":[21],"tags":[],"_links":{"self":[{"href":"http:\/\/cordobadirecto.com\/index.php\/wp-json\/wp\/v2\/posts\/120553"}],"collection":[{"href":"http:\/\/cordobadirecto.com\/index.php\/wp-json\/wp\/v2\/posts"}],"about":[{"href":"http:\/\/cordobadirecto.com\/index.php\/wp-json\/wp\/v2\/types\/post"}],"author":[{"embeddable":true,"href":"http:\/\/cordobadirecto.com\/index.php\/wp-json\/wp\/v2\/users\/1"}],"replies":[{"embeddable":true,"href":"http:\/\/cordobadirecto.com\/index.php\/wp-json\/wp\/v2\/comments?post=120553"}],"version-history":[{"count":0,"href":"http:\/\/cordobadirecto.com\/index.php\/wp-json\/wp\/v2\/posts\/120553\/revisions"}],"wp:featuredmedia":[{"embeddable":true,"href":"http:\/\/cordobadirecto.com\/index.php\/wp-json\/wp\/v2\/media\/120554"}],"wp:attachment":[{"href":"http:\/\/cordobadirecto.com\/index.php\/wp-json\/wp\/v2\/media?parent=120553"}],"wp:term":[{"taxonomy":"category","embeddable":true,"href":"http:\/\/cordobadirecto.com\/index.php\/wp-json\/wp\/v2\/categories?post=120553"},{"taxonomy":"post_tag","embeddable":true,"href":"http:\/\/cordobadirecto.com\/index.php\/wp-json\/wp\/v2\/tags?post=120553"}],"curies":[{"name":"wp","href":"https:\/\/api.w.org\/{rel}","templated":true}]}}