{"id":120555,"date":"2023-06-18T19:40:44","date_gmt":"2023-06-18T19:40:44","guid":{"rendered":"https:\/\/www.ole.com.ar\/autos\/max-verstappen-formula-1-gp-canada-ganador_0_xp4zQbdSHh.html"},"modified":"2023-06-18T19:40:44","modified_gmt":"2023-06-18T19:40:44","slug":"f1-verstappen-gano-su-sexta-carrera-en-el-ano-y-saco-69-puntos-en-la-cima","status":"publish","type":"post","link":"http:\/\/cordobadirecto.com\/index.php\/2023\/06\/18\/f1-verstappen-gano-su-sexta-carrera-en-el-ano-y-saco-69-puntos-en-la-cima\/","title":{"rendered":"F1: Verstappen gan\u00f3 su sexta carrera en el a\u00f1o y sac\u00f3 69 puntos en la cima"},"content":{"rendered":"<p><time class=\"createDate\" datetime=\"2023-06-18T16:40:44-03:00\">18\/06\/2023 16:40hs.<\/time><time class=\"modificatedDate\" datetime=\"2023\/06\/18T17:07:20-03:00\"> Actualizado al 18\/06\/2023 17:07hs.<\/time><\/p>\n<div id=\"storyBody\">\n<div class=\"custom-text \" readability=\"38.814814814815\">\n<p>La <strong><a href=\"https:\/\/www.ole.com.ar\/tema\/formula-1.html\" title=\"F\u00f3rmula 1\" alt=\"F\u00f3rmula 1\" class=\"slug\">F\u00f3rmula 1<\/a><\/strong> fue ganando fan\u00e1ticos en los \u00faltimos a\u00f1os. La aparici\u00f3n de nuevos pilotos, la viralizaci\u00f3n de contenido en redes sociales y, principalmente, la creaci\u00f3n de una serie emitida por Netflix que termin\u00f3 causando furor en los m\u00e1s j\u00f3venes atrajo mucho p\u00fablico a la categor\u00eda reina del automovilismo internacional. Sin embargo, este \u00faltimo a\u00f1o ya se est\u00e1 comentando (en tono jocoso) en muchos foros de fan\u00e1ticos que implementen un cambio: <strong>un segundo t\u00edtulo para que gran parte de la parrilla pudiera so\u00f1ar con el t\u00edtulo<\/strong>. Es que despu\u00e9s de ocho carreras disputadas en 2023 ya se empieza a vislumbrar el campe\u00f3n:<strong><a href=\"https:\/\/www.ole.com.ar\/tema\/max-verstappen.html\" title=\"Max Verstappen\" alt=\"Max Verstappen\" class=\"slug\"> Max Verstappen<\/a><\/strong> volvi\u00f3 a imponerse en la temporada y se subi\u00f3 a lo m\u00e1s alto del podio en el <strong>Gran Premio de Canad\u00e1<\/strong>, el que comparti\u00f3 con <strong>Fernando Alonso<\/strong> y <strong>Lewis Hamilton<\/strong>.<\/p>\n<\/div>\n<div class=\"custom-text \" readability=\"38\">\n<p>En Montreal, un circuito complejo con curvas muy cerradas en el que varios pilotos sufrieron a lo largo del fin de semana, el neerland\u00e9s logr\u00f3 sortear todo tipo de obst\u00e1culos y<strong> se luci\u00f3 con una victoria de punta a punta<\/strong>. De hecho, en ning\u00fan momento lleg\u00f3 a estar en discusi\u00f3n porque movi\u00f3 r\u00e1pido en la largada y aprovech\u00f3 la pasividad de Alonso que perdi\u00f3 terreno en el comienzo de la final.<\/p>\n<\/div>\n<div class=\"custom-text \" readability=\"37\">\n<p>&#8220;Estoy muy feliz. No fue una carrera tan f\u00e1cil, porque la pista era muy fr\u00eda pero pude hacer funcionar el auto bien y es fant\u00e1stico haber conseguido el triunfo 100 en la historia del equipo. D\u00eda so\u00f1ado&#8221;, afirm\u00f3 Verstappen, quien adem\u00e1s <strong>alcanz\u00f3 los 41 \u00e9xitos de Ayrton Senna en la M\u00e1xima<\/strong>.<\/p>\n<\/div>\n<div class=\"sc-e7b891c4-0 jPbnQF\"><img alt=\"Max la rompi\u00f3 en Canad\u00e1. (AFP)\" src=\"http:\/\/cordobadirecto.com\/wp-content\/uploads\/2023\/06\/f1-verstappen-gano-su-sexta-carrera-en-el-ano-y-saco-69-puntos-en-la-cima.jpg\" width=\"72\" height=\"10\" decoding=\"async\" data-nimg=\"future\" loading=\"lazy\"><span class=\"epigraphe\">Max la rompi\u00f3 en Canad\u00e1. (AFP)<\/span><\/div>\n<div class=\"custom-text \" readability=\"39\">\n<p>Por otro lado, Alonso, a pesar del error inicial, demostr\u00f3 que est\u00e1 listo para poder llegar a la tan ansiada victoria 33. Otra vez finaliz\u00f3 en un podio y se mantuvo competitivo en todo momento. En tanto, Hamilton cerr\u00f3 el tridente de los campeones del mundo y confirm\u00f3 que los cambios realizados en mejoraron considerablemente el rendimiento de su auto.<\/p>\n<\/div>\n<div class=\"custom-text \" readability=\"41\">\n<p>Una noticia positiva para lo que viene en el campeonato<strong> es el progreso de Ferrari<\/strong>, que no solo no cometi\u00f3 fallos en el plano estrat\u00e9gico, sino que tambi\u00e9n supo ajustar ciertas tuercas para poder cuidar m\u00e1s la degradaci\u00f3n de los neum\u00e1ticos. En ese sentido, Leclerc y Sainz, que hab\u00edan partido fuera del top10, culminaron 4\u00ba y 5\u00ba, respectivamente.<\/p>\n<\/div>\n<div class=\"sc-e7b891c4-0 jPbnQF\"><img alt=\"El podio de Canad\u00e1. (Reuters)\" src=\"http:\/\/cordobadirecto.com\/wp-content\/uploads\/2023\/06\/f1-verstappen-gano-su-sexta-carrera-en-el-ano-y-saco-69-puntos-en-la-cima-1.jpg\" width=\"72\" height=\"10\" decoding=\"async\" data-nimg=\"future\" loading=\"lazy\"><span class=\"epigraphe\">El podio de Canad\u00e1. (Reuters)<\/span><\/div>\n<div class=\"custom-text \" readability=\"38\">\n<p>El que no responde es <strong>Checo P\u00e9rez<\/strong>. Despu\u00e9s de haber dicho que se sent\u00eda confiado y preparado para poder pelear de igual a igual con Verstappen el t\u00edtulo, empez\u00f3 a hacer agua y dej\u00f3 de exhibir su versi\u00f3n m\u00e1s competitiva. De todos modos, para su consuelo, finaliz\u00f3 sexto (hab\u00eda partido 12\u00ba) y se llev\u00f3 el punto extra por el r\u00e9cord de vuelta.<\/p>\n<\/div>\n<p><h2><strong>As\u00ed est\u00e1 el campeonato de la F\u00f3rmula 1<\/strong><\/h2>\n<\/p>\n<div class=\"custom-text \" readability=\"37\">\n<p>Con 14 carreras a\u00fan por disputarse (domingo 2 de julio en Austria), <strong>Verstappen ya le sac\u00f3 una diferencia de 69 puntos a P\u00e9rez, su compa\u00f1ero de equipo<\/strong>. El vigente bicampe\u00f3n suma 195 contra los 126 del mexicano. Alonso marcha tercero con 117 y Hamilton super\u00f3 las 100 unidades en la temporada (102) y se ubica 4\u00ba.<\/p>\n<\/div>\n<div class=\"sc-e7b891c4-0 jPbnQF\"><img alt=\"Festejo para Verstappen. (AFP)\" src=\"http:\/\/cordobadirecto.com\/wp-content\/uploads\/2023\/06\/f1-verstappen-gano-su-sexta-carrera-en-el-ano-y-saco-69-puntos-en-la-cima-2.jpg\" width=\"72\" height=\"10\" decoding=\"async\" data-nimg=\"future\" loading=\"lazy\"><span class=\"epigraphe\">Festejo para Verstappen. (AFP)<\/span><\/div>\n<div class=\"custom-text \" readability=\"38\">\n<p>Por otra parte, Red Bull lidera el campeonato de constructores con 321 puntos contra los 167 de Mercedes, los 154 de Aston Martin y los 122 de Ferrari. Williams, con los seis puntos conseguidos por Alex Albon en Montreal, abandon\u00f3 la \u00faltima plaza a la que desplaz\u00f3 a Alpha Tauri.<\/p>\n<\/div>\n<div class=\"sc-a7166897-0 exHLBh\" readability=\"6\">\n<section readability=\"2\"><picture><img alt=\"TN: Urcera y una victoria incontestable en Posadas \" src=\"http:\/\/cordobadirecto.com\/wp-content\/uploads\/2023\/06\/f1-verstappen-gano-su-sexta-carrera-en-el-ano-y-saco-69-puntos-en-la-cima-3.jpg\" width=\"29\" height=\"29\" decoding=\"async\" data-nimg=\"future\" loading=\"lazy\"><\/picture>\n<p><span>Mir\u00e1 tambi\u00e9n<\/span><\/p>\n<hr>\n<h3>TN: Urcera y una victoria incontestable en Posadas<br \/>\n<\/h3>\n<\/p>\n<\/section>\n<\/div>\n<div class=\"sc-a7166897-0 exHLBh\" readability=\"6\">\n<section readability=\"2\"><picture><img alt=\"Victoria contundente de Lucas Guerra en la Final del TRV6 en Rosario \" src=\"http:\/\/cordobadirecto.com\/wp-content\/uploads\/2023\/06\/f1-verstappen-gano-su-sexta-carrera-en-el-ano-y-saco-69-puntos-en-la-cima-4.jpg\" width=\"29\" height=\"29\" decoding=\"async\" data-nimg=\"future\" loading=\"lazy\"><\/picture>\n<p><span>Mir\u00e1 tambi\u00e9n<\/span><\/p>\n<hr>\n<h3>Victoria contundente de Lucas Guerra en la Final del TRV6 en Rosario<br \/>\n<\/h3>\n<\/p>\n<\/section>\n<\/div>\n<\/div>\n","protected":false},"excerpt":{"rendered":"<p>18\/06\/2023 16:40hs. Actualizado al 18\/06\/2023 17:07hs. La F\u00f3rmula 1 fue ganando fan\u00e1ticos en los \u00faltimos a\u00f1os. La aparici\u00f3n de nuevos pilotos, la viralizaci\u00f3n de contenido en redes sociales y, principalmente, la creaci\u00f3n de una serie emitida por Netflix que termin\u00f3 causando furor en los m\u00e1s j\u00f3venes atrajo mucho p\u00fablico a la categor\u00eda reina del automovilismo [&hellip;]<\/p>\n","protected":false},"author":1,"featured_media":120556,"comment_status":"closed","ping_status":"closed","sticky":false,"template":"","format":"standard","meta":[],"categories":[21],"tags":[],"_links":{"self":[{"href":"http:\/\/cordobadirecto.com\/index.php\/wp-json\/wp\/v2\/posts\/120555"}],"collection":[{"href":"http:\/\/cordobadirecto.com\/index.php\/wp-json\/wp\/v2\/posts"}],"about":[{"href":"http:\/\/cordobadirecto.com\/index.php\/wp-json\/wp\/v2\/types\/post"}],"author":[{"embeddable":true,"href":"http:\/\/cordobadirecto.com\/index.php\/wp-json\/wp\/v2\/users\/1"}],"replies":[{"embeddable":true,"href":"http:\/\/cordobadirecto.com\/index.php\/wp-json\/wp\/v2\/comments?post=120555"}],"version-history":[{"count":0,"href":"http:\/\/cordobadirecto.com\/index.php\/wp-json\/wp\/v2\/posts\/120555\/revisions"}],"wp:featuredmedia":[{"embeddable":true,"href":"http:\/\/cordobadirecto.com\/index.php\/wp-json\/wp\/v2\/media\/120556"}],"wp:attachment":[{"href":"http:\/\/cordobadirecto.com\/index.php\/wp-json\/wp\/v2\/media?parent=120555"}],"wp:term":[{"taxonomy":"category","embeddable":true,"href":"http:\/\/cordobadirecto.com\/index.php\/wp-json\/wp\/v2\/categories?post=120555"},{"taxonomy":"post_tag","embeddable":true,"href":"http:\/\/cordobadirecto.com\/index.php\/wp-json\/wp\/v2\/tags?post=120555"}],"curies":[{"name":"wp","href":"https:\/\/api.w.org\/{rel}","templated":true}]}}