{"id":120561,"date":"2023-06-19T17:51:00","date_gmt":"2023-06-19T17:51:00","guid":{"rendered":"http:\/\/cordobadirecto.com\/index.php\/2023\/06\/19\/desde-ucrania-afirman-que-reconquistaron-otra-ciudad-que-estaba-en-manos-de-rusia\/"},"modified":"2023-06-19T17:51:00","modified_gmt":"2023-06-19T17:51:00","slug":"desde-ucrania-afirman-que-reconquistaron-otra-ciudad-que-estaba-en-manos-de-rusia","status":"publish","type":"post","link":"http:\/\/cordobadirecto.com\/index.php\/2023\/06\/19\/desde-ucrania-afirman-que-reconquistaron-otra-ciudad-que-estaba-en-manos-de-rusia\/","title":{"rendered":"Desde Ucrania afirman que reconquistaron otra ciudad que estaba en manos de Rusia"},"content":{"rendered":"<div><img src=\"http:\/\/cordobadirecto.com\/wp-content\/uploads\/2023\/06\/desde-ucrania-afirman-que-reconquistaron-otra-ciudad-que-estaba-en-manos-de-rusia.jpg\" class=\"ff-og-image-inserted\"><\/div>\n<h3>Ucrania denunci\u00f3 que Hungr\u00eda le sigue impidiendo acceder a 11 de sus ciudadanos entregados por Rusia<\/h3>\n<p>Ucrania denunci\u00f3 que Hungr\u00eda sigue sin permitirle entrar en contacto con los 11 prisioneros de guerra ucranianos de origen h\u00fangaro que Rusia entreg\u00f3 a Budapest hace algo m\u00e1s de una semana.<\/p>\n<p>El Ministerio de Exteriores ucraniano volvi\u00f3 a exigir al Gobierno h\u00fangaro que le permita entrar en contacto con los 11 prisioneros transferidos recientemente por Rusia a territorio h\u00fangaro.<\/p>\n<p>&#8220;Todos los intentos de los diplom\u00e1ticos ucranianos en los \u00faltimos d\u00edas de establecer contacto directo con los ciudadanos ucranianos han sido infructuosos&#8221;, dijo el vocero de Exteriores, Oleg Nikolenko, quien advirti\u00f3 que aquella entrega se hizo a expensas de Kiev y la comunidad internacional.<\/p>\n<p>Niolenko alert\u00f3 adem\u00e1s de que seg\u00fan la informaci\u00f3n recibida por parte de los familiares de algunos de los presos, las garant\u00edas anunciadas por Hungr\u00eda sobre la supuesta libertad de estos ciudadanos &#8220;no son ciertas&#8221;, pues se les mantiene aislados y sin acceso a fuentes abiertas de informaci\u00f3n.<\/p>\n<p>&#8220;La comunicaci\u00f3n con sus familiares se realiza en presencia de terceros&#8221; y &#8220;se les niega establecer contacto con la Embajada de Ucrania&#8221;, indic\u00f3 el vocero de Exteriores, seg\u00fan consign\u00f3 la agencia de noticias Europa Press.<\/p>\n<p>Adem\u00e1s, Nikolenko denunci\u00f3 c\u00f3mo las autoridades h\u00fangaras contin\u00faan &#8220;ignorando&#8221; los intentos de Kiev por entablar un &#8220;di\u00e1logo constructivo&#8221;.<\/p>\n<p>&#8220;Estas acciones de Budapest cuestionan los motivos humanitarios declarados para la deportaci\u00f3n de ucranianos a Hungr\u00eda. Adem\u00e1s, pueden ser calificados como una violaci\u00f3n de las disposiciones del Convenio Europeo para la Protecci\u00f3n de los Derechos Humanos y las Libertades Fundamentales&#8221;, agreg\u00f3.<\/p>\n<p>&#8220;Ucrania apela una vez m\u00e1s a la parte h\u00fangara en la demanda de permitir inmediatamente que el c\u00f3nsul ucraniano visite a los prisioneros de guerra para que pueda evaluar su condici\u00f3n f\u00edsica y psicol\u00f3gica, informarles sobre sus derechos y tambi\u00e9n prestar asistencia consular urgente&#8221;, insisti\u00f3 Nikolenko.<\/p>\n<p>Seg\u00fan medios ucranianos, los 11 prisioneros forman parte de la minor\u00eda magiar de Ucrania y habr\u00edan sido llevados a Hungr\u00eda por iniciativa de un alto cargo del Gobierno h\u00fangaro y de la Iglesia Ortodoxa Rusa por motivos humanitarios.<\/p>\n<p>Ucrania dice no haber sido informada del traslado.<\/p>\n<p>Kiev y Budapest tienen desde hace a\u00f1os tensas relaciones debido a las protestas h\u00fangaras por el estatuto de la minor\u00eda magiar en Ucrania.<\/p>\n<p>Las relaciones se tensaron a\u00fan m\u00e1s desde el comienzo de la invasi\u00f3n rusa del 24 de febrero de 2022 que dio origen a la guerra, debido a la oposici\u00f3n h\u00fangara a sancionar y aislar a Rusia.<\/p>\n<p>El pasado viernes 9 de junio, el viceprimer ministro h\u00fangaro Zsolt Semien, confirm\u00f3 a trav\u00e9s de la televisi\u00f3n privada ATV que Rusia hab\u00eda entregado a Hungr\u00eda a 11 prisioneros de guerra ucranianos de la minor\u00eda magiar como &#8220;gesto&#8221; de la Iglesia Ortodoxa rusa.<\/p>\n<p>En tanto, un comunicado de la Iglesia Ortodoxa rusa indicaba que los prisioneros fueron entregados a la Soberana Orden de Malta, con el conocimiento y &#8220;bendici\u00f3n&#8221; del patriarca Kiril, a petici\u00f3n de Hungr\u00eda.<\/p>\n<p>Tras las declaraciones de Semien, el mismo 9 de junio, autoridades de la cartera de Exteriores de Ucrania se reunieron con el encargado de negocios de Hungr\u00eda en Kiev para pedirle informaci\u00f3n sobre la situaci\u00f3n de estas 11 personas.<\/p>\n","protected":false},"excerpt":{"rendered":"<p>Ucrania denunci\u00f3 que Hungr\u00eda le sigue impidiendo acceder a 11 de sus ciudadanos entregados por Rusia Ucrania denunci\u00f3 que Hungr\u00eda sigue sin permitirle entrar en contacto con los 11 prisioneros de guerra ucranianos de origen h\u00fangaro que Rusia entreg\u00f3 a Budapest hace algo m\u00e1s de una semana. El Ministerio de Exteriores ucraniano volvi\u00f3 a exigir [&hellip;]<\/p>\n","protected":false},"author":1,"featured_media":120562,"comment_status":"closed","ping_status":"closed","sticky":false,"template":"","format":"standard","meta":[],"categories":[24],"tags":[],"_links":{"self":[{"href":"http:\/\/cordobadirecto.com\/index.php\/wp-json\/wp\/v2\/posts\/120561"}],"collection":[{"href":"http:\/\/cordobadirecto.com\/index.php\/wp-json\/wp\/v2\/posts"}],"about":[{"href":"http:\/\/cordobadirecto.com\/index.php\/wp-json\/wp\/v2\/types\/post"}],"author":[{"embeddable":true,"href":"http:\/\/cordobadirecto.com\/index.php\/wp-json\/wp\/v2\/users\/1"}],"replies":[{"embeddable":true,"href":"http:\/\/cordobadirecto.com\/index.php\/wp-json\/wp\/v2\/comments?post=120561"}],"version-history":[{"count":0,"href":"http:\/\/cordobadirecto.com\/index.php\/wp-json\/wp\/v2\/posts\/120561\/revisions"}],"wp:featuredmedia":[{"embeddable":true,"href":"http:\/\/cordobadirecto.com\/index.php\/wp-json\/wp\/v2\/media\/120562"}],"wp:attachment":[{"href":"http:\/\/cordobadirecto.com\/index.php\/wp-json\/wp\/v2\/media?parent=120561"}],"wp:term":[{"taxonomy":"category","embeddable":true,"href":"http:\/\/cordobadirecto.com\/index.php\/wp-json\/wp\/v2\/categories?post=120561"},{"taxonomy":"post_tag","embeddable":true,"href":"http:\/\/cordobadirecto.com\/index.php\/wp-json\/wp\/v2\/tags?post=120561"}],"curies":[{"name":"wp","href":"https:\/\/api.w.org\/{rel}","templated":true}]}}