{"id":120713,"date":"2023-06-21T02:20:39","date_gmt":"2023-06-21T02:20:39","guid":{"rendered":"https:\/\/puntoapunto.com.ar\/?p=346956"},"modified":"2023-06-21T02:20:39","modified_gmt":"2023-06-21T02:20:39","slug":"en-la-gestion-schiaretti-la-recaudacion-crecio-por-debajo-de-la-inflacion","status":"publish","type":"post","link":"http:\/\/cordobadirecto.com\/index.php\/2023\/06\/21\/en-la-gestion-schiaretti-la-recaudacion-crecio-por-debajo-de-la-inflacion\/","title":{"rendered":"En la gesti\u00f3n Schiaretti la recaudaci\u00f3n creci\u00f3 por debajo de la inflaci\u00f3n"},"content":{"rendered":"<div class=\"g g-37\">\n<div class=\"g-single a-29\"><a class=\"gofollow\" data-track=\"MjksMzcsMSw2MA==\" href=\"https:\/\/www.harmoniechateau.com.ar\/\" target=\"_blank\" rel=\"noopener\"><img class=\"lazyload\" src=\"http:\/\/cordobadirecto.com\/wp-content\/uploads\/2023\/06\/en-la-gestion-schiaretti-la-recaudacion-crecio-por-debajo-de-la-inflacion.jpg\"><\/a><\/div>\n<\/div>\n<p>&nbsp;\n<\/p>\n<p><strong>(Jos\u00e9 Busaniche, especial para Perfil C\u00f3rdoba)<\/strong>. Entre abril de 2022 y abril de este a\u00f1o la recaudaci\u00f3n provincial creci\u00f3 por debajo de la inflaci\u00f3n. Esto se explica principalmente por los recursos de origen provincial que crecieron aproximadamente 20 puntos menos que el nivel general de precios en el mismo per\u00edodo. En tanto, los recursos que env\u00eda el gobierno nacional a C\u00f3rdoba crecieron a la par de la inflaci\u00f3n y ayudaron a morigerar la ca\u00edda del total de la recaudaci\u00f3n provincial.\n<\/p>\n<p>Po otro lado, considerando el per\u00edodo 2015-2022, es decir la segunda administraci\u00f3n de Schiaretti se observa que los recursos de origen provincial cayeron un 11% en t\u00e9rminos reales, mientras que los recursos de origen nacional crecieron 2%. As\u00ed, comparando el inicio de gesti\u00f3n de Schiaretti con los datos del a\u00f1o 2022 los recursos de origen provincial pasaron de representar el 41,9% de los ingresos al 38,8%. Aumentando la dependencia de los recursos de origen nacional.<\/p>\n<div class=\"g g-35\">\n<div class=\"g-dyn a-65 c-1\"><a class=\"gofollow\" data-track=\"NjUsMzUsMSw2MA==\" href=\"https:\/\/www.youtube.com\/@frentedeizquierdaunidadcor4764\" target=\"_blank\" rel=\"noopener\"><img class=\"lazyload\" src=\"http:\/\/cordobadirecto.com\/wp-content\/uploads\/2023\/06\/en-la-gestion-schiaretti-la-recaudacion-crecio-por-debajo-de-la-inflacion.gif\"><\/a><\/div>\n<div class=\"g-dyn a-67 c-2\"><a href=\"https:\/\/www.facebook.com\/frentevamoscbasoberanxs\/\" target=\"_blank\" rel=\"noopener\"><img class=\"lazyload\" src=\"http:\/\/cordobadirecto.com\/wp-content\/uploads\/2023\/06\/en-la-gestion-schiaretti-la-recaudacion-crecio-por-debajo-de-la-inflacion-1.gif\"><\/a><\/div>\n<\/div>\n<p>Esos n\u00fameros quedaron reflejados en un reciente informe del <a href=\"https:\/\/www.facebook.com\/OTEScba\/\">Observatorio de Trabajo, Econom\u00eda y Sociedad<\/a> Ottes, donde se analizan algunas variables clave para determinar la din\u00e1mica que mostraron los ingresos provinciales, al calor de una inflaci\u00f3n creciente.\n<\/p>\n<p><strong>As\u00ed viene el 2023<\/strong>. Seg\u00fan recab\u00f3 Ottes, <a href=\"https:\/\/puntoapunto.com.ar\/la-recaudacion-provincial-cayo-un-3-en-abril\/\">la provincia lleva recaudados<\/a> a Abril de 2023 $436.260 millones, lo que representa un aumento de 95% respecto a Abril 2022 ($223.352 millones). En el mismo per\u00edodo el aumento del nivel general de precios en C\u00f3rdoba, seg\u00fan la Direcci\u00f3n General de Estad\u00edsticas y Censos, fue del 101,68%.\n<\/p>\n<p>\u201cPor lo tanto la recaudaci\u00f3n provincial creci\u00f3 por debajo de la inflaci\u00f3n. Esto se explica debido a que los recursos de origen provincial (aquellos que recauda la provincia a partir de sus tributos propios y representan el 40% de los ingresos provinciales a Abril 2023) crecieron 86% en este per\u00edodo, mientras que los de origen nacional (aquellos que el gobierno nacional transfiere a las provincias y representan el 60% de los ingresos provinciales a Abril 2023) crecieron un 102%. Es decir que la baja en los ingresos de la provincia son explicados por una disminuci\u00f3n en la recaudaci\u00f3n de sus tributos propios\u201d, dicen desde el Ottes.<\/p>\n<p><strong>As\u00ed qued\u00f3 la foto 2015-2022<\/strong>. A la hora de analizar la evoluci\u00f3n de los ingresos provinciales en los \u00faltimos 7 a\u00f1os de gesti\u00f3n del gobernador Schiaretti se observa que entre diciembre de 2022 y diciembre de 2015 los recursos de origen provincial cayeron un 11% en t\u00e9rminos reales, mientras que los recursos de origen nacional crecieron 2%. Seg\u00fan el Ottes, para explicar estas variaciones es importante observar tanto c\u00f3mo los recursos de origen provincial, como los de origen nacional, llegan a su m\u00e1ximo en 2017, a\u00f1o a partir del cual comienzan a decrecer al calor de la crisis en la actividad econ\u00f3mica hasta el a\u00f1o 2019.\n<\/p>\n<p>Desde el Ottes recuerdan que en 2017 C\u00f3rdoba adhiri\u00f3 al Consenso Fiscal impulsado por el gobierno nacional de Mauricio Macri, lo que llev\u00f3 a una disminuci\u00f3n de distintas al\u00edcuotas de Ingresos Brutos. Eso incidi\u00f3 en la disminuci\u00f3n de los recursos de origen provincial. Al mismo tiempo, a pesar del alineamiento del gobierno provincial con su par nacional durante 2015 y 2019, los recursos de origen nacional que recib\u00eda la provincia eran en diciembre de 2019, 6% menores a los de diciembre 2015.\n<\/p>\n<p>Luego en 2020 y 2021, tanto los recursos de origen nacional como provincial se recuperan, aunque estos \u00faltimos en menor magnitud. As\u00ed, con la ca\u00edda en ambos tipos de recursos en 2022, los recursos de origen provincial son menores a los de 2015 (-11%) mientras que los de origen nacional est\u00e1n levemente por encima (2%).\n<\/p>\n<div class=\"g g-38\">\n<div class=\"g-dyn a-12 c-1\"><a class=\"gofollow\" data-track=\"MTIsMzgsMSw2MA==\" href=\"https:\/\/api.whatsapp.com\/send\/?phone=3518562462&amp;text&amp;type=phone_number&amp;app_absent=0\"><img class=\"lazyload\" src=\"http:\/\/cordobadirecto.com\/wp-content\/uploads\/2023\/06\/en-la-gestion-schiaretti-la-recaudacion-crecio-por-debajo-de-la-inflacion.png\"><\/a><\/div>\n<\/div>\n","protected":false},"excerpt":{"rendered":"<p>&nbsp; (Jos\u00e9 Busaniche, especial para Perfil C\u00f3rdoba). Entre abril de 2022 y abril de este a\u00f1o la recaudaci\u00f3n provincial creci\u00f3 por debajo de la inflaci\u00f3n. Esto se explica principalmente por los recursos de origen provincial que crecieron aproximadamente 20 puntos menos que el nivel general de precios en el mismo per\u00edodo. En tanto, los recursos [&hellip;]<\/p>\n","protected":false},"author":1,"featured_media":120714,"comment_status":"closed","ping_status":"closed","sticky":false,"template":"","format":"standard","meta":[],"categories":[25],"tags":[],"_links":{"self":[{"href":"http:\/\/cordobadirecto.com\/index.php\/wp-json\/wp\/v2\/posts\/120713"}],"collection":[{"href":"http:\/\/cordobadirecto.com\/index.php\/wp-json\/wp\/v2\/posts"}],"about":[{"href":"http:\/\/cordobadirecto.com\/index.php\/wp-json\/wp\/v2\/types\/post"}],"author":[{"embeddable":true,"href":"http:\/\/cordobadirecto.com\/index.php\/wp-json\/wp\/v2\/users\/1"}],"replies":[{"embeddable":true,"href":"http:\/\/cordobadirecto.com\/index.php\/wp-json\/wp\/v2\/comments?post=120713"}],"version-history":[{"count":0,"href":"http:\/\/cordobadirecto.com\/index.php\/wp-json\/wp\/v2\/posts\/120713\/revisions"}],"wp:featuredmedia":[{"embeddable":true,"href":"http:\/\/cordobadirecto.com\/index.php\/wp-json\/wp\/v2\/media\/120714"}],"wp:attachment":[{"href":"http:\/\/cordobadirecto.com\/index.php\/wp-json\/wp\/v2\/media?parent=120713"}],"wp:term":[{"taxonomy":"category","embeddable":true,"href":"http:\/\/cordobadirecto.com\/index.php\/wp-json\/wp\/v2\/categories?post=120713"},{"taxonomy":"post_tag","embeddable":true,"href":"http:\/\/cordobadirecto.com\/index.php\/wp-json\/wp\/v2\/tags?post=120713"}],"curies":[{"name":"wp","href":"https:\/\/api.w.org\/{rel}","templated":true}]}}