{"id":120827,"date":"2023-06-20T21:00:59","date_gmt":"2023-06-20T21:00:59","guid":{"rendered":"https:\/\/es.digitaltrends.com\/?p=992218"},"modified":"2023-06-20T21:00:59","modified_gmt":"2023-06-20T21:00:59","slug":"barrabrava-la-serie-que-va-del-campo-de-futbol-a-la-debilidad-humana","status":"publish","type":"post","link":"http:\/\/cordobadirecto.com\/index.php\/2023\/06\/20\/barrabrava-la-serie-que-va-del-campo-de-futbol-a-la-debilidad-humana\/","title":{"rendered":"Barrabrava: la serie que va del campo de futbol a la debilidad humana"},"content":{"rendered":"<p><em>Barrabrava<\/em> es una serie perteneciente a las producciones Amazon Original argentinas, la cual se estrena en el streaming Prime Video en m\u00e1s de 240 pa\u00edses y territorios alrededor del mundo este junio. <strong><em>Digital Trends en Espa\u00f1ol<\/em><\/strong> convers\u00f3 con Gast\u00f3n Pauls y Mat\u00edas Mayer, quienes son parte del elenco principal de la realizaci\u00f3n creada por Jes\u00fas Braceras.<\/p>\n<figure id=\"attachment_992221\" aria-describedby=\"caption-attachment-992221\" class=\"wp-caption alignnone is-caption-text\"><img src=\"http:\/\/cordobadirecto.com\/wp-content\/uploads\/2023\/06\/barrabrava-la-serie-que-va-del-campo-de-futbol-a-la-debilidad-humana.gif\" data-dt-lazy-src=\"https:\/\/es.digitaltrends.com\/wp-content\/uploads\/2023\/06\/Barrabrava-4.jpg?fit=720%2C480&amp;p=1\" onerror=\"dti_load_error(this)\" decoding=\"async\" class=\"size-large wp-image-992221 h-lightbox is-zoomable dt-lazy-load dt-lazy-pending\" alt><figcaption id=\"caption-attachment-992221\" class=\"wp-caption-text\"><span class=\"text\">Gast\u00f3n Pauls<\/span> <span class=\"credit\">Amazon Prime Video<\/span><\/figcaption><\/figure>\n<p>En la sinopsis de la producci\u00f3n se puede leer que es un drama que va m\u00e1s all\u00e1 del deporte: \u201c<em>Barrabrava<\/em> es una historia de poder, ambici\u00f3n, familia, amor y lujuria, que sigue la historia de C\u00e9sar (Pauls) y Polaco (Mayer), hermanos y figuras clave en el funcionamiento de la barra brava (el grupo de fan\u00e1ticos encargado de alentar a los jugadores en los partidos, en la buena acepci\u00f3n del t\u00e9rmino) del Club Atl\u00e9tico Libertad del Puerto\u201d.<\/p>\n<p>Las cosas para ambos personajes se transforman radicalmente cuando uno de los suyos es abatido en un enfrentamiento. Los dos hermanos son expulsados de la barra y comenzar\u00e1n una guerra que incluso pondr\u00e1 a prueba su v\u00ednculo familiar.<\/p>\n<div class=\"dtvideos-container\" data-provider=\"youtube\">\n<div class=\"dtvideos-details h-dtvideos-details-embed\">\n<div class=\"dtvideos-title\">Barrabrava &#8211; Tr\u00e1iler Oficial I Prime Video<\/div>\n<\/div>\n<\/div>\n<p>\u201c<em>Barrabrava<\/em> es puramente una ficci\u00f3n. M\u00e1s all\u00e1 de la idiosincrasia que hay en Argentina respecto al futbol y a las barras bravas, lo central es el relato de una familia, el relato de v\u00ednculos humanos, de relaciones humanas\u201d, adelanta Mat\u00edas Mayer (<em>Historia de un clan<\/em>).<\/p>\n<p>A\u00f1ade que la intenci\u00f3n con la serie no es tomar una postura o generar un juicio frente al tema de las barras bravas. Simplemente sirve como \u201ccontexto\u201d para contar el relato de una familia.<\/p>\n<p>\u201cExiste algo que s\u00ed retrata la serie: tiene que ver con la pasi\u00f3n; no exclusivamente sobre el tema del futbol o dentro de la cancha, sino la pasi\u00f3n bien entendida o mal entendida\u201d, complementa Gast\u00f3n Pauls (<em>Seres libres<\/em>).<\/p>\n<div class=\"m-carousel is-first h-carousel\" id=\"dt-carousel-64927968bbf17\" data-aspect=\"1.5\">\n<div class=\"m-carousel--wrap h-carousel-wrap\">\n<div class=\"m-carousel--controls h-controls\"> <button class=\"m-carousel--control prev h-prev\"> <span class=\"visually-hidden\"> Anterior <\/span> <\/button> <button class=\"m-carousel--control next h-next\"> <span class=\"visually-hidden\"> Siguiente <\/span> <\/button> <\/div>\n<div class=\"m-carousel--slides h-slides\">\n<div class=\"m-carousel--slide m-carousel--slide_image is-pending is-current h-slide\" data-options-key data-slug=\"1\" data-type=\"image\">\n<figure class=\"m-carousel--content\"> <img onerror=\"dti_load_error(this)\" alt=\"barrabrava serie entrevista gaston pauls 5\" class=\"m-carousel--image dt-lazy-no\" src=\"http:\/\/cordobadirecto.com\/wp-content\/uploads\/2023\/06\/barrabrava-la-serie-que-va-del-campo-de-futbol-a-la-debilidad-humana.jpg\" srcset=\"http:\/\/cordobadirecto.com\/wp-content\/uploads\/2023\/06\/barrabrava-la-serie-que-va-del-campo-de-futbol-a-la-debilidad-humana.gif\"><figcaption class=\"m-carousel--caption h-caption\"> <span class=\"credit\">Amazon Prime Video<\/span> <\/figcaption><\/figure>\n<\/p><\/div>\n<div class=\"m-carousel--slide m-carousel--slide_image is-pending h-slide\" data-options-key data-slug=\"2\" data-type=\"image\">\n<figure class=\"m-carousel--content\"> <img onerror=\"dti_load_error(this)\" alt=\"barrabrava serie entrevista gaston pauls 8\" class=\"m-carousel--image dt-lazy-no\" src=\"http:\/\/cordobadirecto.com\/wp-content\/uploads\/2023\/06\/barrabrava-la-serie-que-va-del-campo-de-futbol-a-la-debilidad-humana-1.jpg\" srcset=\"http:\/\/cordobadirecto.com\/wp-content\/uploads\/2023\/06\/barrabrava-la-serie-que-va-del-campo-de-futbol-a-la-debilidad-humana.gif\"><figcaption class=\"m-carousel--caption h-caption\"> <span class=\"credit\">Amazon Prime Video<\/span> <\/figcaption><\/figure>\n<\/p><\/div>\n<div class=\"m-carousel--slide m-carousel--slide_image is-pending h-slide\" data-options-key data-slug=\"3\" data-type=\"image\">\n<figure class=\"m-carousel--content\"> <img onerror=\"dti_load_error(this)\" alt=\"barrabrava serie entrevista gaston pauls 7\" class=\"m-carousel--image dt-lazy-no\" src=\"http:\/\/cordobadirecto.com\/wp-content\/uploads\/2023\/06\/barrabrava-la-serie-que-va-del-campo-de-futbol-a-la-debilidad-humana-2.jpg\" srcset=\"http:\/\/cordobadirecto.com\/wp-content\/uploads\/2023\/06\/barrabrava-la-serie-que-va-del-campo-de-futbol-a-la-debilidad-humana.gif\"><figcaption class=\"m-carousel--caption h-caption\"> <span class=\"credit\">Amazon Prime Video<\/span> <\/figcaption><\/figure>\n<\/p><\/div><\/div><\/div><\/div>\n<p>En su opini\u00f3n, otro de los logros de la realizaci\u00f3n es que s\u00ed muestra a ese hombre \u201cbravo\u201d de la barra brava, pero tambi\u00e9n su lado menos conocido.<\/p>\n<p>\u201c(Ese lado menos conocido) tiene que ver con la ternura, con los miedos, con las falencias, con las debilidades que estos hombres tambi\u00e9n tienen. Por eso creo que la serie alcanza a mostrar ese mundo de una manera honesta y singular\u201d, reflexiona Pauls.<\/p>\n<h3>Los personajes<\/h3>\n<p>Tanto Mayer como Pauls coinciden en que sus personajes requirieron un esfuerzo f\u00edsico especial y en que hubiera sido imposible interpretarlos sin meterse de lleno en los mismos.<\/p>\n<figure id=\"attachment_992225\" aria-describedby=\"caption-attachment-992225\" class=\"wp-caption alignnone\"><img src=\"http:\/\/cordobadirecto.com\/wp-content\/uploads\/2023\/06\/barrabrava-la-serie-que-va-del-campo-de-futbol-a-la-debilidad-humana.gif\" data-dt-lazy-src=\"https:\/\/es.digitaltrends.com\/wp-content\/uploads\/2023\/06\/Barrabrava-2.jpg?fit=720%2C404&amp;p=1\" onerror=\"dti_load_error(this)\" decoding=\"async\" class=\" size-large wp-image-992225 h-lightbox is-zoomable dt-lazy-load dt-lazy-pending\" alt><figcaption id=\"caption-attachment-992225\" class=\"wp-caption-text\"><span class=\"credit\">Amazon Prime Video<\/span><\/figcaption><\/figure>\n<p>\u201cEsto es lo interesante: se enfrentan f\u00edsicamente en la cancha, pero no se pueden enfrentar a otras cosas de sus vidas privadas, familiares.<\/p>\n<p>\u201cA la hora de interpretarlos, era imposible que no pusi\u00e9ramos el cuerpo, ya que la ficci\u00f3n misma nos ped\u00eda poner literalmente el cuerpo\u201d, apunta Pauls.<\/p>\n<h3>Sobre el creador de Barrabrava<\/h3>\n<p>Jes\u00fas Braceras aparece en los cr\u00e9ditos como showrunner y director de la producci\u00f3n. Como codirectores tambi\u00e9n figuran los nombres de Gabriel Nicoli (<em>Monz\u00f3n<\/em>), Luc\u00eda Garibaldi (<em>Porno y helado<\/em>) y Felipe G\u00f3mez Aparicio (<em>El amor despu\u00e9s del amor<\/em>).<\/p>\n<figure id=\"attachment_992226\" aria-describedby=\"caption-attachment-992226\" class=\"wp-caption alignnone\"><img src=\"http:\/\/cordobadirecto.com\/wp-content\/uploads\/2023\/06\/barrabrava-la-serie-que-va-del-campo-de-futbol-a-la-debilidad-humana.gif\" data-dt-lazy-src=\"https:\/\/es.digitaltrends.com\/wp-content\/uploads\/2023\/06\/Barrabrava-3.jpg?fit=720%2C404&amp;p=1\" onerror=\"dti_load_error(this)\" decoding=\"async\" class=\" size-large wp-image-992226 h-lightbox is-zoomable dt-lazy-load dt-lazy-pending\" alt><figcaption id=\"caption-attachment-992226\" class=\"wp-caption-text\"><span class=\"credit\">Amazon Prime Video<\/span><\/figcaption><\/figure>\n<p>Mayer indica que Braceras es la \u201ccabeza maestra\u201d de todo. \u201cEs el que unifica todas las piezas que somos nosotros en este engranaje para que se pueda ver lo que realmente se quiere contar\u201d.<\/p>\n<p>Para el joven actor, el mensaje central siempre ha sido mostrar a una familia con sus imperfecciones y con sus fragilidades, al igual que con sus virtudes.<\/p>\n<p>Pauls resume la labor del creativo en t\u00e9rminos futbol\u00edsticos: \u201cJes\u00fas Braceras es Lionel Scaloni (director t\u00e9cnico de la selecci\u00f3n de futbol de Argentina)\u201d.<\/p>\n<h3>Pasi\u00f3n por Boca<\/h3>\n<p>Mayer y Pauls se declaran fan\u00e1ticos del futbol e hinchas del Boca Juniors. En este sentido, han coincidido en el estadio para disfrutar de los partidos.<\/p>\n<p>Reiteran que el hecho de que <em>Barrabrava<\/em> sea una producci\u00f3n argentina y que tome este deporte como pretexto no tiene nada que ver o no es consecuencia del resultado de Qatar 2022.<\/p>\n<p>Sobre la final del campeonato mundial, en la que Argentina dobleg\u00f3 a Francia en penales, Pauls todav\u00eda lo recuerda con emoci\u00f3n: \u201cYo y el 99.99 por ciento de los argentinos y argentinas que vimos el partido lo vivimos como una monta\u00f1a rusa, que nos llevaba de la alegr\u00eda m\u00e1xima a la taquicardia\u201d.<\/p>\n<h3>\u00bfCu\u00e1ndo se estrena Barrabrava?<\/h3>\n<p>La fecha elegida para el estreno de <em>Barrabrava<\/em> es el viernes 23 de junio. Se trata de una producci\u00f3n de Cimarron Cine y Ariel Tobi.<\/p>\n<h3>\u00bfC\u00f3mo se puede ver?<\/h3>\n<p>Es posible reproducir<em> Barrabrava<\/em> en <a href=\"https:\/\/es.digitaltrends.com\/entretenimiento\/mejores-series-amazon\/\">Prime Video<\/a>, el servicio de streaming que es uno de los beneficios de la membres\u00eda Amazon Prime, la cual se puede contratar en la modalidad anual o mensual.<\/p>\n<p>Otros de los atractivos del esquema es el acceso a m\u00e1s de 2 millones de canciones sin anuncios con Prime Music y env\u00edos gratis sin m\u00ednimo de compra en millones de productos.<\/p>\n<p>Prime Video est\u00e1 habilitado en cientos de dispositivos, lo que incluye pantallas inteligentes, m\u00f3viles, reproductores Fire TV, tabletas y Apple TV.<\/p>\n<h3>\u00bfQui\u00e9nes conforman el elenco?<\/h3>\n<p>Adem\u00e1s de Gast\u00f3n y Mayer, el elenco principal de <em>Barrabrava<\/em> est\u00e1 conformado por Gustavo Garz\u00f3n (<em>El marginal<\/em>), Liz Solari (<em>El \u00faltimo hombre<\/em>), Pablo Alarc\u00f3n (<em>Justo en lo mejor de mi vida<\/em>), M\u00f3nica Gonzaga (<em>Amor bandido<\/em>), Cande Molfese (<em>Violetta<\/em>), Miguel \u00c1ngel Rodr\u00edguez (<em>Golpe al coraz\u00f3n<\/em>), Neo Pistea, \u00c1ngelo Mutti Spinetta (<em>Mi mejor amigo<\/em>) y Violeta Narvay (<em>El futuro que viene<\/em>).<\/p>\n<figure id=\"attachment_992227\" aria-describedby=\"caption-attachment-992227\" class=\"wp-caption alignnone\"><img src=\"http:\/\/cordobadirecto.com\/wp-content\/uploads\/2023\/06\/barrabrava-la-serie-que-va-del-campo-de-futbol-a-la-debilidad-humana.gif\" data-dt-lazy-src=\"https:\/\/es.digitaltrends.com\/wp-content\/uploads\/2023\/06\/Barrabrava-6.jpg?fit=720%2C404&amp;p=1\" onerror=\"dti_load_error(this)\" decoding=\"async\" class=\" size-large wp-image-992227 h-lightbox is-zoomable dt-lazy-load dt-lazy-pending\" alt><figcaption id=\"caption-attachment-992227\" class=\"wp-caption-text\"><span class=\"credit\">Amazon Prime Video<\/span><\/figcaption><\/figure>\n<p>Tambi\u00e9n se puede resaltar la aparici\u00f3n especial de Eva De Dominici, quien en 2021 cobr\u00f3 notoriedad por actuar en la serie biogr\u00e1fica <em>Maradona: sue\u00f1o bendito<\/em>.<\/p>\n<h3>\u00bfQu\u00e9 otras series argentinas son parte de Amazon Original?<\/h3>\n<p><em>Barrabrava<\/em> se unir\u00e1 a realizaciones argentinas tan interesantes como <em>Argentina, 1985<\/em>; <em>LOL: Argentina<\/em>; <em>Iosi, el esp\u00eda arrepentido<\/em>; <em>Maradona: sue\u00f1o bendito<\/em>; <em>Porno y helado<\/em>, y <em>El fin del amor<\/em>.<\/p>\n<h4 class=\"b-editors-recs-title h-editors-recs-title\"> Recomendaciones del editor<\/h4>\n<p> <span id=\"publisher-md\" itemprop=\"publisher\" itemscope itemtype=\"https:\/\/schema.org\/Organization\"> <span itemprop=\"url\" itemtype=\"https:\/\/schema.org\/Url\" content=\"https:\/\/es.digitaltrends.com\"> <span itemprop=\"logo\" itemscope itemtype=\"https:\/\/schema.org\/ImageObject\"> <meta itemprop=\"url\" content=\"https:\/\/cdn.dtcn.com\/dt\/dt-logo-small.png\"> <meta itemprop=\"width\" content=\"0\"> <meta itemprop=\"height\" content=\"0\"> <\/span> <meta itemprop=\"name\" content=\"Digital Trends Espa\u00f1ol\"> <\/span> <span itemprop=\"image\" itemscope itemtype=\"https:\/\/schema.org\/ImageObject\"> <meta itemprop=\"url\" content=\"https:\/\/es.digitaltrends.com\/wp-content\/uploads\/2023\/06\/Barrabrava-1.jpg?p=1\"> <\/span> <\/span> <\/p>\n","protected":false},"excerpt":{"rendered":"<p>Barrabrava es una serie perteneciente a las producciones Amazon Original argentinas, la cual se estrena en el streaming Prime Video en m\u00e1s de 240 pa\u00edses y territorios alrededor del mundo este junio. Digital Trends en Espa\u00f1ol convers\u00f3 con Gast\u00f3n Pauls y Mat\u00edas Mayer, quienes son parte del elenco principal de la realizaci\u00f3n creada por Jes\u00fas [&hellip;]<\/p>\n","protected":false},"author":1,"featured_media":120828,"comment_status":"closed","ping_status":"closed","sticky":false,"template":"","format":"standard","meta":[],"categories":[18],"tags":[],"_links":{"self":[{"href":"http:\/\/cordobadirecto.com\/index.php\/wp-json\/wp\/v2\/posts\/120827"}],"collection":[{"href":"http:\/\/cordobadirecto.com\/index.php\/wp-json\/wp\/v2\/posts"}],"about":[{"href":"http:\/\/cordobadirecto.com\/index.php\/wp-json\/wp\/v2\/types\/post"}],"author":[{"embeddable":true,"href":"http:\/\/cordobadirecto.com\/index.php\/wp-json\/wp\/v2\/users\/1"}],"replies":[{"embeddable":true,"href":"http:\/\/cordobadirecto.com\/index.php\/wp-json\/wp\/v2\/comments?post=120827"}],"version-history":[{"count":0,"href":"http:\/\/cordobadirecto.com\/index.php\/wp-json\/wp\/v2\/posts\/120827\/revisions"}],"wp:featuredmedia":[{"embeddable":true,"href":"http:\/\/cordobadirecto.com\/index.php\/wp-json\/wp\/v2\/media\/120828"}],"wp:attachment":[{"href":"http:\/\/cordobadirecto.com\/index.php\/wp-json\/wp\/v2\/media?parent=120827"}],"wp:term":[{"taxonomy":"category","embeddable":true,"href":"http:\/\/cordobadirecto.com\/index.php\/wp-json\/wp\/v2\/categories?post=120827"},{"taxonomy":"post_tag","embeddable":true,"href":"http:\/\/cordobadirecto.com\/index.php\/wp-json\/wp\/v2\/tags?post=120827"}],"curies":[{"name":"wp","href":"https:\/\/api.w.org\/{rel}","templated":true}]}}