{"id":12120,"date":"2021-07-29T20:02:15","date_gmt":"2021-07-29T20:02:15","guid":{"rendered":"http:\/\/cordobadirecto.com\/index.php\/2021\/07\/29\/llega-a-la-pantalla-de-filmarts-la-exitosa-serie-policial-sueca-wallander\/"},"modified":"2021-07-29T20:02:15","modified_gmt":"2021-07-29T20:02:15","slug":"llega-a-la-pantalla-de-filmarts-la-exitosa-serie-policial-sueca-wallander","status":"publish","type":"post","link":"http:\/\/cordobadirecto.com\/index.php\/2021\/07\/29\/llega-a-la-pantalla-de-filmarts-la-exitosa-serie-policial-sueca-wallander\/","title":{"rendered":"Llega a la pantalla de Film&amp;Arts la exitosa serie policial sueca &#8220;Wallander&#8221;"},"content":{"rendered":"<div class=\"image\" id=\"image\" readability=\"7\"> <img src=\"http:\/\/cordobadirecto.com\/wp-content\/uploads\/2021\/07\/llega-a-la-pantalla-de-filmarts-la-exitosa-serie-policial-sueca-wallander.jpg\" alt=\"Johanna S\u00e4llstr\u00f6m y Krister Henriksson en la serie que se ver\u00e1 por Film &amp; Arts\" title=\"Johanna S\u00e4llstr\u00f6m y Krister Henriksson en la serie que se ver\u00e1 por Film &amp; Arts\"><\/p>\n<p>Johanna S\u00e4llstr\u00f6m y Krister Henriksson en la serie que se ver\u00e1 por Film &amp; Arts<\/p>\n<\/div>\n<p>La primera temporada de la exitosa serie policial <strong>&#8220;Wallander&#8221;<\/strong>, centrada en un simp\u00e1tico y melanc\u00f3lico detective de un pueblito del sur de Suecia que debe resolver complejos casos de homicidios en la zona, <strong>podr\u00e1 verse a partir del pr\u00f3ximo martes 10 de agosto de manera semanal y con repeticiones todos los s\u00e1bados a las 22 por la se\u00f1al de cable Film&amp;Arts<\/strong>.<\/p>\n<p>La tira, que finaliz\u00f3 en 2013 tras su tercera entrega, sigue a Kurt Wallander, el personaje creado por el escritor sueco Hening Mankel, mientras intenta abrirse paso en un escenario globalizado y contradictorio mientras se recupera de un ataque al coraz\u00f3n.<\/p>\n<p>El actor <strong>Krister Henriksson<\/strong> da vida al protagonista, quien en este inicio de la narrativa se encuentra trabajando junto a su hija Linda (<strong>Johanna S\u00e4llstr\u00f6m<\/strong>), una joven reci\u00e9n graduada de la academia de polic\u00eda, y su colega Stefan Lindman (<strong>Ola Rapace<\/strong>), otro detective ansioso por demostrar sus capacidades.<\/p>\n<div class=\"image\" id=\"image\" readability=\"8\"> <img src=\"http:\/\/cordobadirecto.com\/wp-content\/uploads\/2021\/07\/llega-a-la-pantalla-de-filmarts-la-exitosa-serie-policial-sueca-wallander-1.jpg\" alt=\"Ola Rapace y Johanna S\u00e4llstr\u00f6m, polic\u00edas suecos en acci\u00f3n\" title=\"Ola Rapace y Johanna S\u00e4llstr\u00f6m, polic\u00edas suecos en acci\u00f3n\"><\/p>\n<p>Ola Rapace y Johanna S\u00e4llstr\u00f6m, polic\u00edas suecos en acci\u00f3n<\/p>\n<\/div>\n<p><br open><br \/>\nTodo comienza cuando una anciana residente del pueblo costero de Ystad desaparece, dando paso a una pesquisa que llevar\u00e1 a los investigadores a seguir el rastro de un culto religioso vinculado al presunto asesino, un s\u00e1dico promotor de rituales homicidas y ataques a animales dom\u00e9sticos.<\/p>\n<p>La trama se complejiza cuando padre e hija, que viven una turbulenta relaci\u00f3n a ra\u00edz del pasado de adicci\u00f3n al alcohol de Wallander, tambi\u00e9n se encargar\u00e1n de hallar a una amiga de Linda cuyo paradero se desconoce.<\/p>\n<p>&#8220;Wallander&#8221;, que f<strong>ue nominada y premiada en cert\u00e1menes como los Crime Thriller Awards y por la Asociaci\u00f3n de Escritores de Crimen, ambos del Reino Unido<\/strong>, cuenta con la producci\u00f3n de Malte Forsell, Ole Sondberg, Lars Bj\u00f6rkman y Lasse Bjorkmann. <\/p>\n","protected":false},"excerpt":{"rendered":"<p>Johanna S\u00e4llstr\u00f6m y Krister Henriksson en la serie que se ver\u00e1 por Film &amp; Arts La primera temporada de la exitosa serie policial &#8220;Wallander&#8221;, centrada en un simp\u00e1tico y melanc\u00f3lico detective de un pueblito del sur de Suecia que debe resolver complejos casos de homicidios en la zona, podr\u00e1 verse a partir del pr\u00f3ximo martes [&hellip;]<\/p>\n","protected":false},"author":1,"featured_media":12121,"comment_status":"closed","ping_status":"closed","sticky":false,"template":"","format":"standard","meta":[],"categories":[20],"tags":[],"_links":{"self":[{"href":"http:\/\/cordobadirecto.com\/index.php\/wp-json\/wp\/v2\/posts\/12120"}],"collection":[{"href":"http:\/\/cordobadirecto.com\/index.php\/wp-json\/wp\/v2\/posts"}],"about":[{"href":"http:\/\/cordobadirecto.com\/index.php\/wp-json\/wp\/v2\/types\/post"}],"author":[{"embeddable":true,"href":"http:\/\/cordobadirecto.com\/index.php\/wp-json\/wp\/v2\/users\/1"}],"replies":[{"embeddable":true,"href":"http:\/\/cordobadirecto.com\/index.php\/wp-json\/wp\/v2\/comments?post=12120"}],"version-history":[{"count":0,"href":"http:\/\/cordobadirecto.com\/index.php\/wp-json\/wp\/v2\/posts\/12120\/revisions"}],"wp:featuredmedia":[{"embeddable":true,"href":"http:\/\/cordobadirecto.com\/index.php\/wp-json\/wp\/v2\/media\/12121"}],"wp:attachment":[{"href":"http:\/\/cordobadirecto.com\/index.php\/wp-json\/wp\/v2\/media?parent=12120"}],"wp:term":[{"taxonomy":"category","embeddable":true,"href":"http:\/\/cordobadirecto.com\/index.php\/wp-json\/wp\/v2\/categories?post=12120"},{"taxonomy":"post_tag","embeddable":true,"href":"http:\/\/cordobadirecto.com\/index.php\/wp-json\/wp\/v2\/tags?post=12120"}],"curies":[{"name":"wp","href":"https:\/\/api.w.org\/{rel}","templated":true}]}}