{"id":12167,"date":"2021-07-29T23:48:45","date_gmt":"2021-07-29T23:48:45","guid":{"rendered":"http:\/\/cordobadirecto.com\/index.php\/2021\/07\/29\/celebran-un-nuevo-aniversario-del-cooperativismo\/"},"modified":"2021-07-29T23:48:45","modified_gmt":"2021-07-29T23:48:45","slug":"celebran-un-nuevo-aniversario-del-cooperativismo","status":"publish","type":"post","link":"http:\/\/cordobadirecto.com\/index.php\/2021\/07\/29\/celebran-un-nuevo-aniversario-del-cooperativismo\/","title":{"rendered":"Celebran un <b>nuevo<\/b> aniversario del cooperativismo"},"content":{"rendered":"<p>La federaci\u00f3n que nuclea a las cooperativas el\u00e9ctricas y de servicios p\u00fablicos de <b>C\u00f3rdoba<\/b> felicita a todos los que, con compromiso y participaci\u00f3n,&nbsp;&#8230; <\/p>\n","protected":false},"excerpt":{"rendered":"<p>La federaci\u00f3n que nuclea a las cooperativas el\u00e9ctricas y de servicios p\u00fablicos de C\u00f3rdoba felicita a todos los que, con compromiso y participaci\u00f3n,&nbsp;&#8230;<\/p>\n","protected":false},"author":1,"featured_media":0,"comment_status":"closed","ping_status":"closed","sticky":false,"template":"","format":"standard","meta":[],"categories":[40],"tags":[],"_links":{"self":[{"href":"http:\/\/cordobadirecto.com\/index.php\/wp-json\/wp\/v2\/posts\/12167"}],"collection":[{"href":"http:\/\/cordobadirecto.com\/index.php\/wp-json\/wp\/v2\/posts"}],"about":[{"href":"http:\/\/cordobadirecto.com\/index.php\/wp-json\/wp\/v2\/types\/post"}],"author":[{"embeddable":true,"href":"http:\/\/cordobadirecto.com\/index.php\/wp-json\/wp\/v2\/users\/1"}],"replies":[{"embeddable":true,"href":"http:\/\/cordobadirecto.com\/index.php\/wp-json\/wp\/v2\/comments?post=12167"}],"version-history":[{"count":0,"href":"http:\/\/cordobadirecto.com\/index.php\/wp-json\/wp\/v2\/posts\/12167\/revisions"}],"wp:attachment":[{"href":"http:\/\/cordobadirecto.com\/index.php\/wp-json\/wp\/v2\/media?parent=12167"}],"wp:term":[{"taxonomy":"category","embeddable":true,"href":"http:\/\/cordobadirecto.com\/index.php\/wp-json\/wp\/v2\/categories?post=12167"},{"taxonomy":"post_tag","embeddable":true,"href":"http:\/\/cordobadirecto.com\/index.php\/wp-json\/wp\/v2\/tags?post=12167"}],"curies":[{"name":"wp","href":"https:\/\/api.w.org\/{rel}","templated":true}]}}