{"id":12186,"date":"2021-07-30T16:21:09","date_gmt":"2021-07-30T16:21:09","guid":{"rendered":"https:\/\/www.bbc.com\/mundo\/noticias-america-latina-58026252"},"modified":"2021-07-30T16:21:09","modified_gmt":"2021-07-30T16:21:09","slug":"quien-es-guido-bellido-el-controvertido-nuevo-primer-ministro-de-peru-investigado-por-apologia-del-terrorismo","status":"publish","type":"post","link":"http:\/\/cordobadirecto.com\/index.php\/2021\/07\/30\/quien-es-guido-bellido-el-controvertido-nuevo-primer-ministro-de-peru-investigado-por-apologia-del-terrorismo\/","title":{"rendered":"Qui\u00e9n es Guido Bellido, el controvertido nuevo primer ministro de Per\u00fa investigado por &#8220;apolog\u00eda del terrorismo&#8221;"},"content":{"rendered":"<div dir=\"ltr\" class=\"e1j2237y5 bbc-q4ibpr e57qer20\">\n<div class=\"bbc-1atl7vu e1c9i7u14\">\n<ul role=\"list\" class=\"bbc-cdrraw e1c9i7u12\">\n<li role=\"listitem\" class=\"bbc-1a3w4ok e1c9i7u11\">Fernanda Pa\u00fal<\/li>\n<li role=\"listitem\" class=\"bbc-1p92jtu e1c9i7u10\">BBC News Mundo<\/li>\n<\/ul>\n<\/div>\n<\/div>\n<p><time datetime=\"2021-07-30\" class=\"bbc-14xtggo e4zesg50\">2 horas<\/time><\/p>\n<div dir=\"ltr\" class=\"bbc-1ka88fa e57qer20\">\n<figure class=\"bbc-1qdcvv9 e6bmn90\">\n<div dir=\"ltr\" class=\"bbc-172p16q e57qer20\">\n<div dir=\"ltr\" class=\"bbc-189y18v e57qer20\" readability=\"6.5\">\n<div data-e2e=\"image-placeholder\" class=\"bbc-1k5hvrj e1whu0\" readability=\"8\"><img srcset=\"http:\/\/cordobadirecto.com\/wp-content\/uploads\/2021\/07\/quien-es-guido-bellido-el-controvertido-nuevo-primer-ministro-de-peru-investigado-por-apologia-del-terrorismo-5.jpg 240w, http:\/\/cordobadirecto.com\/wp-content\/uploads\/2021\/07\/quien-es-guido-bellido-el-controvertido-nuevo-primer-ministro-de-peru-investigado-por-apologia-del-terrorismo-6.jpg 320w, http:\/\/cordobadirecto.com\/wp-content\/uploads\/2021\/07\/quien-es-guido-bellido-el-controvertido-nuevo-primer-ministro-de-peru-investigado-por-apologia-del-terrorismo-7.jpg 480w, http:\/\/cordobadirecto.com\/wp-content\/uploads\/2021\/07\/quien-es-guido-bellido-el-controvertido-nuevo-primer-ministro-de-peru-investigado-por-apologia-del-terrorismo-8.jpg 624w, http:\/\/cordobadirecto.com\/wp-content\/uploads\/2021\/07\/quien-es-guido-bellido-el-controvertido-nuevo-primer-ministro-de-peru-investigado-por-apologia-del-terrorismo.jpg 640w\" alt=\"Guido Bellido\" src=\"http:\/\/cordobadirecto.com\/wp-content\/uploads\/2021\/07\/quien-es-guido-bellido-el-controvertido-nuevo-primer-ministro-de-peru-investigado-por-apologia-del-terrorismo.jpg\" width=\"640\" class=\"bbc-fat2bc e1enwo3v0\"><\/p>\n<p role=\"text\" class=\"bbc-1s1cxbv etq3yw90\"><span class=\"bbc-1gnhmg2 e1yt7oin0\">Fuente de la imagen, <\/span><span lang=\"en-GB\">Getty Images<\/span><\/p>\n<\/div>\n<\/div>\n<\/div>\n<\/figure>\n<\/div>\n<div dir=\"ltr\" class=\"bbc-19j92fr e57qer20\" readability=\"10\">\n<p dir=\"ltr\" class=\"bbc-bm53ic e1cc2ql70\"><b>Sorprendente, inesperada y, sin duda, pol\u00e9mica.<\/b><\/p>\n<\/div>\n<div dir=\"ltr\" class=\"bbc-19j92fr e57qer20\" readability=\"10\">\n<p dir=\"ltr\" class=\"bbc-bm53ic e1cc2ql70\">As\u00ed fue la designaci\u00f3n del nuevo primer ministro de Per\u00fa, <b>Guido Bellido, <\/b>quien pertenece al ala m\u00e1s radical del partido Per\u00fa Libre. <\/p>\n<\/div>\n<div dir=\"ltr\" class=\"bbc-19j92fr e57qer20\" readability=\"11\">\n<p dir=\"ltr\" class=\"bbc-bm53ic e1cc2ql70\">El ingeniero electr\u00f3nico de 41 a\u00f1os fue presentado este jueves por el presidente <b>Pedro Castillo<\/b>, provocando reacciones encontradas y un amplio rechazo de gran parte de las bancadas parlamentarias, incluidas agrupaciones izquierdistas y liberales.<\/p>\n<\/div>\n<div dir=\"ltr\" class=\"bbc-19j92fr e57qer20\" readability=\"11\">\n<p dir=\"ltr\" class=\"bbc-bm53ic e1cc2ql70\">Exponentes del bloque <b>Acci\u00f3n Popular<\/b> han dicho que su nominaci\u00f3n es una &#8220;provocaci\u00f3n al Congreso&#8221;, mientras que desde el Partido Morado \u2014del que forma parte el expresidente <b>Francisco Sagasti<\/b>\u2014, indicaron que Bellido generar\u00e1 <b>&#8220;inestabilidad y desgobierno&#8221;. <\/b><\/p>\n<\/div>\n<div dir=\"ltr\" class=\"bbc-19j92fr e57qer20\" readability=\"10\">\n<p dir=\"ltr\" class=\"bbc-bm53ic e1cc2ql70\">Incluso, desde esta coalici\u00f3n se exigi\u00f3 que el Congreso de Per\u00fa <b>&#8220;no d\u00e9 la confianza al gabinete&#8221;,<\/b> un respaldo clave para que el presidente del Consejo de Ministros pueda ejercer sus funciones. <\/p>\n<\/div>\n<div dir=\"ltr\" class=\"bbc-19j92fr e57qer20\" readability=\"11\">\n<p dir=\"ltr\" class=\"bbc-bm53ic e1cc2ql70\">&#8220;Como congresistas rechazamos firmemente su postura sobre Sendero Luminoso, defensa de la dictadura cubana, su homofobia y misoginia&#8221;, se\u00f1alaron. <\/p>\n<\/div>\n<div dir=\"ltr\" class=\"bbc-19j92fr e57qer20\" readability=\"7\">\n<p dir=\"ltr\" class=\"bbc-bm53ic e1cc2ql70\">Pero \u00bfqui\u00e9n es realmente esta controvertida figura pol\u00edtica peruana? <\/p>\n<\/div>\n<p><h2 id=\"Qui\u00e9n-es\" tabindex=\"-1\" class=\"bbc-l3e97o e14hemmw0\">\u00bfQui\u00e9n es?<\/h2>\n<\/p>\n<div dir=\"ltr\" class=\"bbc-19j92fr e57qer20\" readability=\"11\">\n<p dir=\"ltr\" class=\"bbc-bm53ic e1cc2ql70\">Nacido en la localidad de <b>Livitaca<\/b>, en el departamento de Cusco, Bellido posee un bachiller en Ingenier\u00eda Electr\u00f3nica y una maestr\u00eda en Econom\u00eda con menci\u00f3n en Gesti\u00f3n P\u00fablica y Desarrollo Regional.<\/p>\n<\/div>\n<div dir=\"ltr\" class=\"bbc-1ka88fa e57qer20\">\n<figure class=\"bbc-1qdcvv9 e6bmn90\">\n<div dir=\"ltr\" class=\"bbc-172p16q e57qer20\">\n<div dir=\"ltr\" class=\"bbc-189y18v e57qer20\" readability=\"6.5\">\n<div data-e2e=\"image-placeholder\" class=\"bbc-1k5hvrj e1whu0\" readability=\"8\"><noscript><img srcset=\"http:\/\/cordobadirecto.com\/wp-content\/uploads\/2021\/07\/quien-es-guido-bellido-el-controvertido-nuevo-primer-ministro-de-peru-investigado-por-apologia-del-terrorismo-9.jpg 240w, http:\/\/cordobadirecto.com\/wp-content\/uploads\/2021\/07\/quien-es-guido-bellido-el-controvertido-nuevo-primer-ministro-de-peru-investigado-por-apologia-del-terrorismo-10.jpg 320w, http:\/\/cordobadirecto.com\/wp-content\/uploads\/2021\/07\/quien-es-guido-bellido-el-controvertido-nuevo-primer-ministro-de-peru-investigado-por-apologia-del-terrorismo-11.jpg 480w, http:\/\/cordobadirecto.com\/wp-content\/uploads\/2021\/07\/quien-es-guido-bellido-el-controvertido-nuevo-primer-ministro-de-peru-investigado-por-apologia-del-terrorismo-12.jpg 624w, http:\/\/cordobadirecto.com\/wp-content\/uploads\/2021\/07\/quien-es-guido-bellido-el-controvertido-nuevo-primer-ministro-de-peru-investigado-por-apologia-del-terrorismo-13.jpg 800w\" alt=\"Bellido junto al presidente de Per\u00fa, Pedro Castillo.\" src=\"http:\/\/cordobadirecto.com\/wp-content\/uploads\/2021\/07\/quien-es-guido-bellido-el-controvertido-nuevo-primer-ministro-de-peru-investigado-por-apologia-del-terrorismo-1.jpg\" width=\"976\" class=\"bbc-fat2bc e1enwo3v0\"><\/noscript><\/p>\n<p role=\"text\" class=\"bbc-1s1cxbv etq3yw90\"><span class=\"bbc-1gnhmg2 e1yt7oin0\">Fuente de la imagen, <\/span><span lang=\"en-GB\">Getty Images<\/span><\/p>\n<\/div>\n<\/div>\n<div dir=\"ltr\" class=\"bbc-3edg7g e57qer20\" readability=\"7\"><figcaption dir=\"ltr\" class=\"bbc-1t9zlwf eede9f50\" readability=\"4\"><span class=\"bbc-1gnhmg2 e1yt7oin0\">Pie de foto, <\/span><\/p>\n<p>El presidente de Per\u00fa, Pedro Castillo, junto a Bellido en la ceremonia de juramento simb\u00f3lica.<\/p>\n<\/figcaption><\/div>\n<\/div>\n<\/figure>\n<\/div>\n<div dir=\"ltr\" class=\"bbc-19j92fr e57qer20\" readability=\"8\">\n<p dir=\"ltr\" class=\"bbc-bm53ic e1cc2ql70\">El nuevo primer ministro peruano ha trabajado tanto en el sector privado como en el Instituto Nacional de Estad\u00edstica e Inform\u00e1tica (INEI). <\/p>\n<\/div>\n<div dir=\"ltr\" class=\"bbc-19j92fr e57qer20\" readability=\"8\">\n<p dir=\"ltr\" class=\"bbc-bm53ic e1cc2ql70\">Se afili\u00f3 a <b>Per\u00fa Libre en 2017<\/b> y actualmente ejerce como secretario regional de esta coalici\u00f3n en su natal <b>Cusco<\/b>.<\/p>\n<\/div>\n<div dir=\"ltr\" class=\"bbc-19j92fr e57qer20\" readability=\"11\">\n<p dir=\"ltr\" class=\"bbc-bm53ic e1cc2ql70\">Tras haber perdido en las elecciones complementarias para el Congreso en 2020, volvi\u00f3 a postularse en los comicios generales del pasado 11 de abril, donde result\u00f3 elegido con 20.164 votos como congresista por el departamento de Cusco. <\/p>\n<\/div>\n<div dir=\"ltr\" class=\"bbc-19j92fr e57qer20\" readability=\"9\">\n<p dir=\"ltr\" class=\"bbc-bm53ic e1cc2ql70\">Pero hasta el momento, el primer ministro no contaba con experiencia previa en un cargo de representaci\u00f3n popular.<\/p>\n<\/div>\n<div dir=\"ltr\" class=\"bbc-19j92fr e57qer20\" readability=\"9\">\n<p dir=\"ltr\" class=\"bbc-bm53ic e1cc2ql70\">Entre sus consignas recurrentes, est\u00e1n la <b>lucha contra la corrupci\u00f3n y el devolverle el poder al pueblo.<\/b><\/p>\n<\/div>\n<div dir=\"ltr\" class=\"bbc-19j92fr e57qer20\" readability=\"14\">\n<p dir=\"ltr\" class=\"bbc-bm53ic e1cc2ql70\">Al jurar como presidente del Consejo de Ministros, de hecho, Bellido dijo: &#8220;Por los m\u00e1s de 30 millones de hermanos, por la lucha contra la corrupci\u00f3n, por el trabajo para nuestro pueblo peruano (&#8230;) s\u00ed, juro&#8221;. <\/p>\n<\/div>\n<div dir=\"ltr\" class=\"bbc-19j92fr e57qer20\" readability=\"10\">\n<p dir=\"ltr\" class=\"bbc-bm53ic e1cc2ql70\">Luego, a trav\u00e9s de su cuenta de Facebook, indic\u00f3: &#8220;Pueblo peruano tengan la seguridad que los cambios que esperan de este gobierno <b>ser\u00e1<\/b><b>n<\/b><b> una realidad&#8221;.<\/b><\/p>\n<\/div>\n<div dir=\"ltr\" class=\"bbc-19j92fr e57qer20\" readability=\"11\">\n<p dir=\"ltr\" class=\"bbc-bm53ic e1cc2ql70\">Bellido, adem\u00e1s, ha sido uno de los principales impulsores de un cambio a la <b>Constituci\u00f3n <\/b>actual peruana, que fue creada en 1993 bajo el gobierno de<b> Alberto Fujimori. <\/b><\/p>\n<\/div>\n<div dir=\"ltr\" class=\"bbc-1ka88fa e57qer20\">\n<figure class=\"bbc-1qdcvv9 e6bmn90\">\n<div dir=\"ltr\" class=\"bbc-172p16q e57qer20\">\n<div dir=\"ltr\" class=\"bbc-189y18v e57qer20\" readability=\"6.5\">\n<div data-e2e=\"image-placeholder\" class=\"bbc-1k5hvrj e1whu0\" readability=\"8\"><noscript><img srcset=\"http:\/\/cordobadirecto.com\/wp-content\/uploads\/2021\/07\/quien-es-guido-bellido-el-controvertido-nuevo-primer-ministro-de-peru-investigado-por-apologia-del-terrorismo-14.jpg 240w, http:\/\/cordobadirecto.com\/wp-content\/uploads\/2021\/07\/quien-es-guido-bellido-el-controvertido-nuevo-primer-ministro-de-peru-investigado-por-apologia-del-terrorismo-15.jpg 320w, http:\/\/cordobadirecto.com\/wp-content\/uploads\/2021\/07\/quien-es-guido-bellido-el-controvertido-nuevo-primer-ministro-de-peru-investigado-por-apologia-del-terrorismo-16.jpg 480w, http:\/\/cordobadirecto.com\/wp-content\/uploads\/2021\/07\/quien-es-guido-bellido-el-controvertido-nuevo-primer-ministro-de-peru-investigado-por-apologia-del-terrorismo-17.jpg 624w, http:\/\/cordobadirecto.com\/wp-content\/uploads\/2021\/07\/quien-es-guido-bellido-el-controvertido-nuevo-primer-ministro-de-peru-investigado-por-apologia-del-terrorismo-18.jpg 800w\" alt=\"Manifestantes piden cambio de Constituci\u00f3n.\" src=\"http:\/\/cordobadirecto.com\/wp-content\/uploads\/2021\/07\/quien-es-guido-bellido-el-controvertido-nuevo-primer-ministro-de-peru-investigado-por-apologia-del-terrorismo-2.jpg\" width=\"976\" class=\"bbc-fat2bc e1enwo3v0\"><\/noscript><\/p>\n<p role=\"text\" class=\"bbc-1s1cxbv etq3yw90\"><span class=\"bbc-1gnhmg2 e1yt7oin0\">Fuente de la imagen, <\/span><span lang=\"en-GB\">Getty Images<\/span><\/p>\n<\/div>\n<\/div>\n<div dir=\"ltr\" class=\"bbc-3edg7g e57qer20\" readability=\"6\"><figcaption dir=\"ltr\" class=\"bbc-1t9zlwf eede9f50\" readability=\"2\"><span class=\"bbc-1gnhmg2 e1yt7oin0\">Pie de foto, <\/span><\/p>\n<p>El cambio de Constituci\u00f3n ha sido impulsado por grupos de izquierda.<\/p>\n<\/figcaption><\/div>\n<\/div>\n<\/figure>\n<\/div>\n<div dir=\"ltr\" class=\"bbc-19j92fr e57qer20\" readability=\"8\">\n<p dir=\"ltr\" class=\"bbc-bm53ic e1cc2ql70\">&#8220;A nadie debe ponerle nervioso una nueva Constituci\u00f3n&#8221;, dijo en una entrevista con Canal N. <\/p>\n<\/div>\n<div dir=\"ltr\" class=\"bbc-19j92fr e57qer20\" readability=\"14\">\n<p dir=\"ltr\" class=\"bbc-bm53ic e1cc2ql70\">&#8220;Porque una nueva Constituci\u00f3n, acorde a estos tiempos, acorde a nuestras necesidades y que pueda mejorar la econom\u00eda nacional, mejorar la participaci\u00f3n de la misma poblaci\u00f3n (&#8230;), eso beneficia a todos&#8221;, agreg\u00f3. <\/p>\n<\/div>\n<div dir=\"ltr\" class=\"bbc-19j92fr e57qer20\" readability=\"10\">\n<p dir=\"ltr\" class=\"bbc-bm53ic e1cc2ql70\">De acuerdo con el polit\u00f3logo e investigador peruano, <b>Carlos Mel\u00e9ndez,<\/b> para entender qui\u00e9n es Bellido hay que remontarse a su formaci\u00f3n y a sus or\u00edgenes provinciales.<\/p>\n<\/div>\n<div dir=\"ltr\" class=\"bbc-19j92fr e57qer20\" readability=\"10\">\n<p dir=\"ltr\" class=\"bbc-bm53ic e1cc2ql70\">&#8220;\u00c9l se form\u00f3 en la Universidad Nacional San Antonio Abad del Cusco, donde hay una matriz ideol\u00f3gica de izquierda que es muy fuerte&#8221;, dice.<\/p>\n<\/div>\n<div dir=\"ltr\" class=\"bbc-19j92fr e57qer20\" readability=\"13\">\n<p dir=\"ltr\" class=\"bbc-bm53ic e1cc2ql70\">&#8220;Son <b>antilime\u00f1os, anticentralistas, anti legado hisp\u00e1nico<\/b>, est\u00e1n articulados bajo el marxismo y el leninismo (&#8230;). Bellido es un exponente m\u00e1s del radicalismo conservador de las regiones andinas del Per\u00fa&#8221;, agrega. <\/p>\n<\/div>\n<p><h2 id=\"Cercano-a-Cerr\u00f3n\" tabindex=\"-1\" class=\"bbc-l3e97o e14hemmw0\">Cercano a Cerr\u00f3n<\/h2>\n<\/p>\n<div dir=\"ltr\" class=\"bbc-19j92fr e57qer20\" readability=\"9\">\n<p dir=\"ltr\" class=\"bbc-bm53ic e1cc2ql70\">Bellido forma parte del c\u00edrculo m\u00e1s cercano a <b>Vladimir Cerr\u00f3n<\/b>, fundador del partido Per\u00fa Libre y a quien se atribuyen visiones radicales de izquierda.<\/p>\n<\/div>\n<div dir=\"ltr\" class=\"bbc-19j92fr e57qer20\" readability=\"9\">\n<p dir=\"ltr\" class=\"bbc-bm53ic e1cc2ql70\">Por lo mismo, su nominaci\u00f3n ha sido interpretada como un &#8220;triunfo&#8221; del sector m\u00e1s ortodoxo del bloque de izquierda. <\/p>\n<\/div>\n<div dir=\"ltr\" class=\"bbc-19j92fr e57qer20\" readability=\"10\">\n<p dir=\"ltr\" class=\"bbc-bm53ic e1cc2ql70\">Bellido ha defendido a Cerr\u00f3n en innumerables ocasiones, luego de que este fuera inhabilitado y condenado a tres a\u00f1os y nueve meses de prisi\u00f3n suspendida por negociaci\u00f3n incompatible y aprovechamiento del cargo cuando era gobernador de Jun\u00edn.<\/p>\n<\/div>\n<div dir=\"ltr\" class=\"bbc-19j92fr e57qer20\" readability=\"13\">\n<p dir=\"ltr\" class=\"bbc-bm53ic e1cc2ql70\">Durante la campa\u00f1a electoral, de hecho, no ocult\u00f3 su respaldo al l\u00edder de Per\u00fa Libre. &#8220;Se ha sentenciado a Cerr\u00f3n sin tener una prueba alguna&#8221;, dijo al medio peruano La Rep\u00fablica. &#8220;(La sentencia) tiene mucho contenido de car\u00e1cter pol\u00edtico&#8221;, agreg\u00f3. <\/p>\n<\/div>\n<div dir=\"ltr\" class=\"bbc-19j92fr e57qer20\" readability=\"8\">\n<p dir=\"ltr\" class=\"bbc-bm53ic e1cc2ql70\">Mel\u00e9ndez asegura que con la nominaci\u00f3n de Bellido como primer ministro &#8220;se est\u00e1n desvaneciendo las dudas de cu\u00e1n aut\u00f3nomo es Castillo de Cerr\u00f3n&#8221;. <\/p>\n<\/div>\n<div dir=\"ltr\" class=\"bbc-19j92fr e57qer20\" readability=\"11\">\n<p dir=\"ltr\" class=\"bbc-bm53ic e1cc2ql70\"><b>&#8220;La sociedad Castillo-Cerr\u00f3n es la que sale fortalecida del nombramiento de este gabinete.<\/b> Vendieron la imagen de una posible moderaci\u00f3n pero ahora no quedan dudas de que estamos ante una agenda maximalista, que busca refundar el pa\u00eds con una nueva constituci\u00f3n&#8221;, agrega.<\/p>\n<\/div>\n<p><h2 id=\"Investigaci\u00f3n-y-pol\u00e9micas\" tabindex=\"-1\" class=\"bbc-l3e97o e14hemmw0\">Investigaci\u00f3n y pol\u00e9micas<\/h2>\n<\/p>\n<div dir=\"ltr\" class=\"bbc-19j92fr e57qer20\" readability=\"9\">\n<p dir=\"ltr\" class=\"bbc-bm53ic e1cc2ql70\">El nombre de Guido Bellido no figuraba entre las apuestas para ser primer ministro y su nombramiento result\u00f3 tan controvertido no solo por su perfil pol\u00edtico sino porque afronta una investigaci\u00f3n por el presunto delito de <b>apolog\u00eda del terrorismo.<\/b><\/p>\n<\/div>\n<div dir=\"ltr\" class=\"bbc-1ka88fa e57qer20\">\n<figure class=\"bbc-1qdcvv9 e6bmn90\">\n<div dir=\"ltr\" class=\"bbc-172p16q e57qer20\">\n<div dir=\"ltr\" class=\"bbc-189y18v e57qer20\" readability=\"6.5\">\n<div data-e2e=\"image-placeholder\" class=\"bbc-1k5hvrj e1whu0\" readability=\"8\"><noscript><img srcset=\"http:\/\/cordobadirecto.com\/wp-content\/uploads\/2021\/07\/quien-es-guido-bellido-el-controvertido-nuevo-primer-ministro-de-peru-investigado-por-apologia-del-terrorismo-19.jpg 240w, http:\/\/cordobadirecto.com\/wp-content\/uploads\/2021\/07\/quien-es-guido-bellido-el-controvertido-nuevo-primer-ministro-de-peru-investigado-por-apologia-del-terrorismo-20.jpg 320w, http:\/\/cordobadirecto.com\/wp-content\/uploads\/2021\/07\/quien-es-guido-bellido-el-controvertido-nuevo-primer-ministro-de-peru-investigado-por-apologia-del-terrorismo-21.jpg 480w, http:\/\/cordobadirecto.com\/wp-content\/uploads\/2021\/07\/quien-es-guido-bellido-el-controvertido-nuevo-primer-ministro-de-peru-investigado-por-apologia-del-terrorismo-22.jpg 624w, http:\/\/cordobadirecto.com\/wp-content\/uploads\/2021\/07\/quien-es-guido-bellido-el-controvertido-nuevo-primer-ministro-de-peru-investigado-por-apologia-del-terrorismo-23.jpg 800w\" alt=\"Pedro Castillo\" src=\"http:\/\/cordobadirecto.com\/wp-content\/uploads\/2021\/07\/quien-es-guido-bellido-el-controvertido-nuevo-primer-ministro-de-peru-investigado-por-apologia-del-terrorismo-3.jpg\" width=\"976\" class=\"bbc-fat2bc e1enwo3v0\"><\/noscript><\/p>\n<p role=\"text\" class=\"bbc-1s1cxbv etq3yw90\"><span class=\"bbc-1gnhmg2 e1yt7oin0\">Fuente de la imagen, <\/span><span lang=\"en-GB\">Getty Images<\/span><\/p>\n<\/div>\n<\/div>\n<div dir=\"ltr\" class=\"bbc-3edg7g e57qer20\" readability=\"6\"><figcaption dir=\"ltr\" class=\"bbc-1t9zlwf eede9f50\" readability=\"2\"><span class=\"bbc-1gnhmg2 e1yt7oin0\">Pie de foto, <\/span><\/p>\n<p>Pedro Castillo asumi\u00f3 como presidente de la Rep\u00fablica de Per\u00fa este mi\u00e9rcoles 28 de julio.<\/p>\n<\/figcaption><\/div>\n<\/div>\n<\/figure>\n<\/div>\n<div dir=\"ltr\" class=\"bbc-19j92fr e57qer20\" readability=\"11\">\n<p dir=\"ltr\" class=\"bbc-bm53ic e1cc2ql70\">El nuevo presidente del Consejo de Ministros est\u00e1 siendo indagado por la fiscal\u00eda peruana debido a una publicaci\u00f3n que hizo en Facebook en 2017, en la que conmemor\u00f3 la muerte de <b>Edith Lagos, <\/b>quien fue una de las cabecillas de Sendero Luminoso.<\/p>\n<\/div>\n<div dir=\"ltr\" class=\"bbc-19j92fr e57qer20\" readability=\"10\">\n<p dir=\"ltr\" class=\"bbc-bm53ic e1cc2ql70\">Luego, en una entrevista con Inkavisi\u00f3n, volvi\u00f3 a ratificar sus palabras se\u00f1alando que todo peruano tiene derecho a expresarse. <\/p>\n<\/div>\n<div dir=\"ltr\" class=\"bbc-19j92fr e57qer20\" readability=\"7\">\n<p dir=\"ltr\" class=\"bbc-bm53ic e1cc2ql70\">Pero esta no ha sido la \u00fanica declaraci\u00f3n pol\u00e9mica de Bellido. <\/p>\n<\/div>\n<div dir=\"ltr\" class=\"bbc-19j92fr e57qer20\" readability=\"8\">\n<p dir=\"ltr\" class=\"bbc-bm53ic e1cc2ql70\">Sus adversarios tambi\u00e9n lo cuestionan por defender al gobierno cubano y se\u00f1alar que en la isla s\u00ed existe <b>democracia<\/b>. <\/p>\n<\/div>\n<div dir=\"ltr\" class=\"bbc-19j92fr e57qer20\" readability=\"10\">\n<p dir=\"ltr\" class=\"bbc-bm53ic e1cc2ql70\">&#8220;Si la mayor\u00eda de la poblaci\u00f3n aprueba y participa, es una democracia&#8221;, dijo en declaraciones al Canal N. <\/p>\n<\/div>\n<div dir=\"ltr\" class=\"bbc-19j92fr e57qer20\" readability=\"9\">\n<p dir=\"ltr\" class=\"bbc-bm53ic e1cc2ql70\">Adem\u00e1s, miembros de las <b>comunidades LGTBI <\/b>han calificado al primer ministro de homof\u00f3bico luego de que realizara pol\u00e9micos comentarios a trav\u00e9s de sus redes sociales. <\/p>\n<\/div>\n<div dir=\"ltr\" class=\"bbc-19j92fr e57qer20\" readability=\"10\">\n<p dir=\"ltr\" class=\"bbc-bm53ic e1cc2ql70\">El Movimiento Homosexual de Lima (MHOL) indic\u00f3 este jueves que Pedro Castillo no solo &#8220;ignor\u00f3&#8221; a las personas LGBT en su mensaje inaugural, sino que tambi\u00e9n eligi\u00f3 a un &#8220;homof\u00f3bico fan\u00e1tico&#8221; como primer ministro. <\/p>\n<\/div>\n<div dir=\"ltr\" class=\"bbc-19j92fr e57qer20\" readability=\"9\">\n<p dir=\"ltr\" class=\"bbc-bm53ic e1cc2ql70\">Con todo, el nuevo primer ministro tiene un mes para conquistar el <b>voto de confianza<\/b> del Congreso peruano. <\/p>\n<\/div>\n<div dir=\"ltr\" class=\"bbc-19j92fr e57qer20\" readability=\"9\">\n<p dir=\"ltr\" class=\"bbc-bm53ic e1cc2ql70\">Para su aprobaci\u00f3n se requiere de una mayor\u00eda simple. Sin embargo, hay que considerar que Per\u00fa Libre tiene solo <b>37 esca\u00f1os de los 130<\/b> del Congreso unicameral. <\/p>\n<\/div>\n<div dir=\"ltr\" class=\"bbc-19j92fr e57qer20\" readability=\"8\">\n<p dir=\"ltr\" class=\"bbc-bm53ic e1cc2ql70\">As\u00ed, algunos analistas prev\u00e9n que la tarea de Bellido no ser\u00e1 f\u00e1cil. <\/p>\n<\/div>\n<div dir=\"ltr\" class=\"bbc-1ka88fa e57qer20\">\n<figure class=\"bbc-1qdcvv9 e6bmn90\">\n<div dir=\"ltr\" class=\"bbc-172p16q e57qer20\">\n<div dir=\"ltr\" class=\"bbc-189y18v e57qer20\">\n<div data-e2e=\"image-placeholder\" class=\"bbc-367mqz e1whu0\"><noscript><img srcset=\"http:\/\/cordobadirecto.com\/wp-content\/uploads\/2021\/07\/quien-es-guido-bellido-el-controvertido-nuevo-primer-ministro-de-peru-investigado-por-apologia-del-terrorismo-24.jpg 240w, http:\/\/cordobadirecto.com\/wp-content\/uploads\/2021\/07\/quien-es-guido-bellido-el-controvertido-nuevo-primer-ministro-de-peru-investigado-por-apologia-del-terrorismo-25.jpg 320w, http:\/\/cordobadirecto.com\/wp-content\/uploads\/2021\/07\/quien-es-guido-bellido-el-controvertido-nuevo-primer-ministro-de-peru-investigado-por-apologia-del-terrorismo-26.jpg 464w\" alt=\"l\u00ednea\" src=\"http:\/\/cordobadirecto.com\/wp-content\/uploads\/2021\/07\/quien-es-guido-bellido-el-controvertido-nuevo-primer-ministro-de-peru-investigado-por-apologia-del-terrorismo-4.jpg\" width=\"464\" class=\"bbc-fat2bc e1enwo3v0\"><\/noscript><\/div>\n<\/div>\n<\/div>\n<\/figure>\n<\/div>\n<div dir=\"ltr\" class=\"bbc-19j92fr e57qer20\" readability=\"8\">\n<p dir=\"ltr\" class=\"bbc-bm53ic e1cc2ql70\"><i class=\"bbc-h1y5j7 ewc4zcb0\">Ahora puedes recibir notificaciones de BBC News Mundo. Descarga nuestra app y act\u00edvalas para no perderte nuestro mejor contenido.<\/i><\/p>\n<\/div>\n","protected":false},"excerpt":{"rendered":"<p>Fernanda Pa\u00fal BBC News Mundo 2 horas Fuente de la imagen, Getty Images Sorprendente, inesperada y, sin duda, pol\u00e9mica. As\u00ed fue la designaci\u00f3n del nuevo primer ministro de Per\u00fa, Guido Bellido, quien pertenece al ala m\u00e1s radical del partido Per\u00fa Libre. El ingeniero electr\u00f3nico de 41 a\u00f1os fue presentado este jueves por el presidente Pedro [&hellip;]<\/p>\n","protected":false},"author":1,"featured_media":12187,"comment_status":"closed","ping_status":"closed","sticky":false,"template":"","format":"standard","meta":[],"categories":[24],"tags":[],"_links":{"self":[{"href":"http:\/\/cordobadirecto.com\/index.php\/wp-json\/wp\/v2\/posts\/12186"}],"collection":[{"href":"http:\/\/cordobadirecto.com\/index.php\/wp-json\/wp\/v2\/posts"}],"about":[{"href":"http:\/\/cordobadirecto.com\/index.php\/wp-json\/wp\/v2\/types\/post"}],"author":[{"embeddable":true,"href":"http:\/\/cordobadirecto.com\/index.php\/wp-json\/wp\/v2\/users\/1"}],"replies":[{"embeddable":true,"href":"http:\/\/cordobadirecto.com\/index.php\/wp-json\/wp\/v2\/comments?post=12186"}],"version-history":[{"count":0,"href":"http:\/\/cordobadirecto.com\/index.php\/wp-json\/wp\/v2\/posts\/12186\/revisions"}],"wp:featuredmedia":[{"embeddable":true,"href":"http:\/\/cordobadirecto.com\/index.php\/wp-json\/wp\/v2\/media\/12187"}],"wp:attachment":[{"href":"http:\/\/cordobadirecto.com\/index.php\/wp-json\/wp\/v2\/media?parent=12186"}],"wp:term":[{"taxonomy":"category","embeddable":true,"href":"http:\/\/cordobadirecto.com\/index.php\/wp-json\/wp\/v2\/categories?post=12186"},{"taxonomy":"post_tag","embeddable":true,"href":"http:\/\/cordobadirecto.com\/index.php\/wp-json\/wp\/v2\/tags?post=12186"}],"curies":[{"name":"wp","href":"https:\/\/api.w.org\/{rel}","templated":true}]}}