{"id":12263,"date":"2021-07-30T20:02:40","date_gmt":"2021-07-30T20:02:40","guid":{"rendered":"http:\/\/cordobadirecto.com\/index.php\/2021\/07\/30\/competencia-oficial-dirigida-por-los-argentinos-cohn-y-duprat-inaugurara-seccion-en-san-sebastian\/"},"modified":"2021-07-30T20:02:40","modified_gmt":"2021-07-30T20:02:40","slug":"competencia-oficial-dirigida-por-los-argentinos-cohn-y-duprat-inaugurara-seccion-en-san-sebastian","status":"publish","type":"post","link":"http:\/\/cordobadirecto.com\/index.php\/2021\/07\/30\/competencia-oficial-dirigida-por-los-argentinos-cohn-y-duprat-inaugurara-seccion-en-san-sebastian\/","title":{"rendered":"&#8220;Competencia Oficial&#8221;, dirigida por los argentinos Cohn y Duprat, inaugurar\u00e1 secci\u00f3n en San Sebasti\u00e1n"},"content":{"rendered":"<div class=\"image\" id=\"image\" readability=\"8\"> <img src=\"http:\/\/cordobadirecto.com\/wp-content\/uploads\/2021\/07\/competencia-oficial-dirigida-por-los-argentinos-cohn-y-duprat-inaugurara-seccion-en-san-sebastian.jpg\" alt=\"Pen\u00e9lope Cruz y Antonio Banderas, parte del elenco de &quot;Competencia Oficial&quot; Foto: TW\" title=\"Pen\u00e9lope Cruz y Antonio Banderas, parte del elenco de &quot;Competencia Oficial&quot; Foto: TW\"><\/p>\n<p>Pen\u00e9lope Cruz y Antonio Banderas, parte del elenco de &#8220;Competencia Oficial&#8221; Foto: TW<\/p>\n<\/div>\n<p>&#8220;Competencia oficial&#8221;, filme protagonizado por Pen\u00e9lope Cruz, Antonio Banderas y Oscar Mart\u00ednez, y dirigido por los argentinos Mariano Cohn y Gast\u00f3n Duprat, inaugurar\u00e1 la secci\u00f3n Perlak de la 69 edici\u00f3n del Festival Internacional de Cine de San Sebasti\u00e1n que transcurrir\u00e1 entre el 17 y el 25 de septiembre pr\u00f3ximo.<\/p>\n<p>El anuncio se produce pocos d\u00edas despu\u00e9s de que El Festival Internacional de Cine de Venecia hiciera oficial la participaci\u00f3n del filme en su Secci\u00f3n Oficial.<\/p>\n<p><strong>El Festival de San Sebasti\u00e1n,<\/strong> donde Duprat y Cohn presentaron la comedia &#8220;Todo por el asado&#8221; (2016) en la secci\u00f3n Culinary Zinema, reconoci\u00f3 tambi\u00e9n las trayectorias de Pen\u00e9lope Cruz y Antonio Banderas otorg\u00e1ndoles, en 2019 y 2017 respectivamente, el Premio Donostia del certamen, que galardon\u00f3 tambi\u00e9n a Oscar Mart\u00ednez en 2008 con la Concha de Plata al Mejor Actor por &#8220;El nido vac\u00edo&#8221;.<\/p>\n<p> <iframe width=\"560\" height=\"315\" src=\"https:\/\/www.youtube.com\/embed\/B15dDTwGsfU?wmode=transparent&amp;showinfo=0&amp;autohide=1&amp;rel=0\" frameborder=\"0\" allowfullscreen>[embedded content]<\/iframe> <\/p>\n<p>Competencia oficial<\/p>\n<p>La pel\u00edcula, que cuenta con participaci\u00f3n de RTVE, TV3 y Orange Espa\u00f1a, <strong>cuenta la historia de un empresario multimillonario que, en busca de trascendencia y prestigio social, decide hacer una pel\u00edcula que deje huella.<\/strong> Y para eso contrata a un equipo estelar: la c\u00e9lebre cineasta Lola Cuevas (Cruz), el actor de Hollywood F\u00e9lix Rivero (Banderas) y el actor radical de teatro Iv\u00e1n Torres (Mart\u00ednez); estos \u00faltimos dos leyendas pero no exactamente mejores amigos.<\/p>\n<p>A trav\u00e9s de una serie de pruebas cada vez m\u00e1s exc\u00e9ntricas establecidas por Lola, ambos actores deben enfrentarse no s\u00f3lo entre s\u00ed, sino tambi\u00e9n con sus propios legados.<\/p>\n<p>En esta edici\u00f3n del festival la presencia argentina se suma con &#8220;Ese fin de semana&#8221;, \u00f3pera prima de Mara Pescio, y &#8220;Carajita&#8221;, de Silvina Schnicer en dupla con el catal\u00e1n afincado en Buenos Aires Ulises Porra, seleccionadas para la competencia de la secci\u00f3n New Directors, competencia internacional reservada exclusivamente para primeros o segundos filmes de sus cineastas, in\u00e9ditos y producidos en el \u00faltimo a\u00f1o.<\/p>\n<p>En los pr\u00f3ximos d\u00edas continuar\u00e1n los anuncios en el resto de los apartados del Festival, entre los que se esperan especialmente las pel\u00edculas que competir\u00e1n por la Concha de Oro de la Secci\u00f3n Oficial, de las que se fueron conociendo algunos t\u00edtulos.<\/p>\n<p>All\u00ed tambi\u00e9n habr\u00e1 representaci\u00f3n argentina con &#8220;Camila saldr\u00e1 de noche&#8221;, de In\u00e9s Barrionuevo, y con &#8220;Distancia de rescate&#8221; de la peruana Clauda Llosa, basada en la novela de Samanta Schweblin y con Dolores Fonzi y Guillermo Pfening entre sus protagonistas. <\/p>\n","protected":false},"excerpt":{"rendered":"<p>Pen\u00e9lope Cruz y Antonio Banderas, parte del elenco de &#8220;Competencia Oficial&#8221; Foto: TW &#8220;Competencia oficial&#8221;, filme protagonizado por Pen\u00e9lope Cruz, Antonio Banderas y Oscar Mart\u00ednez, y dirigido por los argentinos Mariano Cohn y Gast\u00f3n Duprat, inaugurar\u00e1 la secci\u00f3n Perlak de la 69 edici\u00f3n del Festival Internacional de Cine de San Sebasti\u00e1n que transcurrir\u00e1 entre el [&hellip;]<\/p>\n","protected":false},"author":1,"featured_media":12264,"comment_status":"closed","ping_status":"closed","sticky":false,"template":"","format":"standard","meta":[],"categories":[20],"tags":[],"_links":{"self":[{"href":"http:\/\/cordobadirecto.com\/index.php\/wp-json\/wp\/v2\/posts\/12263"}],"collection":[{"href":"http:\/\/cordobadirecto.com\/index.php\/wp-json\/wp\/v2\/posts"}],"about":[{"href":"http:\/\/cordobadirecto.com\/index.php\/wp-json\/wp\/v2\/types\/post"}],"author":[{"embeddable":true,"href":"http:\/\/cordobadirecto.com\/index.php\/wp-json\/wp\/v2\/users\/1"}],"replies":[{"embeddable":true,"href":"http:\/\/cordobadirecto.com\/index.php\/wp-json\/wp\/v2\/comments?post=12263"}],"version-history":[{"count":0,"href":"http:\/\/cordobadirecto.com\/index.php\/wp-json\/wp\/v2\/posts\/12263\/revisions"}],"wp:featuredmedia":[{"embeddable":true,"href":"http:\/\/cordobadirecto.com\/index.php\/wp-json\/wp\/v2\/media\/12264"}],"wp:attachment":[{"href":"http:\/\/cordobadirecto.com\/index.php\/wp-json\/wp\/v2\/media?parent=12263"}],"wp:term":[{"taxonomy":"category","embeddable":true,"href":"http:\/\/cordobadirecto.com\/index.php\/wp-json\/wp\/v2\/categories?post=12263"},{"taxonomy":"post_tag","embeddable":true,"href":"http:\/\/cordobadirecto.com\/index.php\/wp-json\/wp\/v2\/tags?post=12263"}],"curies":[{"name":"wp","href":"https:\/\/api.w.org\/{rel}","templated":true}]}}