{"id":12287,"date":"2021-07-31T10:49:58","date_gmt":"2021-07-31T10:49:58","guid":{"rendered":"https:\/\/puntoapunto.com.ar\/?p=281790"},"modified":"2021-07-31T10:49:58","modified_gmt":"2021-07-31T10:49:58","slug":"cual-es-el-nuevo-mercado-en-el-que-desembarca-hause-mobel","status":"publish","type":"post","link":"http:\/\/cordobadirecto.com\/index.php\/2021\/07\/31\/cual-es-el-nuevo-mercado-en-el-que-desembarca-hause-mobel\/","title":{"rendered":"Cu\u00e1l es el nuevo mercado en el que desembarca Hause M\u00f6bel"},"content":{"rendered":"<p><strong>Hause M\u00f6bel<\/strong>, la empresa especializada en el desarrollo y fabricaci\u00f3n equipamiento corporativo de C\u00f3rdoba, anunci\u00f3 su desembarco en la provincia de Buenos Aires a trav\u00e9s del trabajo conjunto con aliados estrat\u00e9gicos que garantizan una mayor proyecci\u00f3n y capilaridad comercial en el desarrollo del principal mercado del pa\u00eds. De esta manera, la empresa local concreta uno de los proyectos comerciales en los que se concentr\u00f3 en los \u00faltimos a\u00f1os para consolidarse en el mercado de equipamiento corporativo bonaerense.<\/p>\n<p>En el corto plazo, y en alianza con otras firmas de servicios complementarios, Hause M\u00f6bel planifica desarrollar un espacio de exposici\u00f3n 360\u00b0 en Ciudad Aut\u00f3noma de Buenos Aires, de manera de consolidar su propuesta de valor en funci\u00f3n a las exigencias de los clientes de dicho mercado.<\/p>\n<p><strong><em>\u201cDesde 2019, nos enfocamos en una meta espec\u00edfica como lo es ingresar al mercado del equipamiento corporativo de Buenos Aires, con el convencimiento de que los altos est\u00e1ndares de calidad y funcionalidad de nuestros dise\u00f1os se encuentran a la altura de las demandas actuales de espacios de trabajos cada vez m\u00e1s din\u00e1micos\u201d<\/em><\/strong>, se\u00f1al\u00f3 Soledad Milajer, presidenta de Hause M\u00f6bel.<\/p>\n<p>Para concretar la consolidaci\u00f3n en Buenos Aires, la empresa trabaj\u00f3 con firmas de mobiliarios y estudios de arquitectura corporativos especializados, implementando una estrategia de experiencia y sensibilizaci\u00f3n acerc\u00e1ndolos a la f\u00e1brica y showroom de Hause M\u00f6bel en C\u00f3rdoba. El objetivo de estas acciones&nbsp; fue transmitir el gen industrial de la empresa, recorrer el proceso productivo, intercambiar ideas con los equipos de dise\u00f1o y producci\u00f3n y comprometer a diferentes aliados estrat\u00e9gicos a participar de los proyectos y del desarrollo de nuevos productos.<\/p>\n<p>Por otra parte, la empresa tambi\u00e9n interactu\u00f3 de manera virtual con estudios de arquitectura y afines, como as\u00ed tambi\u00e9n en rondas de mockup f\u00edsicas. Los resultados de estas acciones se materializaron en una creciente participaci\u00f3n de la marca en importantes proyectos de equipamientos de oficinas, para la ciudad y provincia de Buenos Aires, quedando siempre seleccionados entre los primeros.<\/p>\n<p>Con 25 a\u00f1os de trayectoria en el mercado, <strong>Hause M\u00f6bel<\/strong> concentra gran parte del mercado de equipamiento de oficinas de C\u00f3rdoba; cuenta con 65 empleados entre administraci\u00f3n, ventas y producci\u00f3n y genera otro centenar de puestos de trabajo en mano de obra indirecta. Cuenta con 2 showrooms&nbsp; propios (1 en C\u00f3rdoba Capital y 1 en la ciudad de San Francisco) y una red de distribuidores en argentina: Villa Mar\u00eda, Neuqu\u00e9n, Tucum\u00e1n, Trelew, Puerto Madryn, San Juan, San Luis; como as\u00ed tambi\u00e9n en el mercado internacional con presencia hace m\u00e1s de seis a\u00f1os en Chile.<\/p>\n<div class=\"saboxplugin-wrap\" itemtype=\"http:\/\/schema.org\/Person\" itemscope itemprop=\"author\">\n<div class=\"saboxplugin-tab\">\n<div class=\"saboxplugin-gravatar\"><img alt src=\"http:\/\/cordobadirecto.com\/wp-content\/uploads\/2021\/07\/cual-es-el-nuevo-mercado-en-el-que-desembarca-hause-mobel.jpg\" srcset=\"http:\/\/cordobadirecto.com\/wp-content\/uploads\/2021\/07\/cual-es-el-nuevo-mercado-en-el-que-desembarca-hause-mobel-1.jpg 2x\" class=\"avatar avatar-100 photo\" height=\"100\" width=\"100\" itemprop=\"image\" loading=\"lazy\"><\/div>\n<div class=\"saboxplugin-desc\" readability=\"6.5\">\n<div itemprop=\"description\" readability=\"8\">\n<p>Este articulo fue escrito por la redacci\u00f3n de Punto a Punto. Seguinos en todas nuestras redes sociales<\/p>\n<\/div>\n<\/div>\n<\/div>\n<\/div>\n","protected":false},"excerpt":{"rendered":"<p>Hause M\u00f6bel, la empresa especializada en el desarrollo y fabricaci\u00f3n equipamiento corporativo de C\u00f3rdoba, anunci\u00f3 su desembarco en la provincia de Buenos Aires a trav\u00e9s del trabajo conjunto con aliados estrat\u00e9gicos que garantizan una mayor proyecci\u00f3n y capilaridad comercial en el desarrollo del principal mercado del pa\u00eds. De esta manera, la empresa local concreta uno [&hellip;]<\/p>\n","protected":false},"author":1,"featured_media":12288,"comment_status":"closed","ping_status":"closed","sticky":false,"template":"","format":"standard","meta":[],"categories":[25],"tags":[],"_links":{"self":[{"href":"http:\/\/cordobadirecto.com\/index.php\/wp-json\/wp\/v2\/posts\/12287"}],"collection":[{"href":"http:\/\/cordobadirecto.com\/index.php\/wp-json\/wp\/v2\/posts"}],"about":[{"href":"http:\/\/cordobadirecto.com\/index.php\/wp-json\/wp\/v2\/types\/post"}],"author":[{"embeddable":true,"href":"http:\/\/cordobadirecto.com\/index.php\/wp-json\/wp\/v2\/users\/1"}],"replies":[{"embeddable":true,"href":"http:\/\/cordobadirecto.com\/index.php\/wp-json\/wp\/v2\/comments?post=12287"}],"version-history":[{"count":0,"href":"http:\/\/cordobadirecto.com\/index.php\/wp-json\/wp\/v2\/posts\/12287\/revisions"}],"wp:featuredmedia":[{"embeddable":true,"href":"http:\/\/cordobadirecto.com\/index.php\/wp-json\/wp\/v2\/media\/12288"}],"wp:attachment":[{"href":"http:\/\/cordobadirecto.com\/index.php\/wp-json\/wp\/v2\/media?parent=12287"}],"wp:term":[{"taxonomy":"category","embeddable":true,"href":"http:\/\/cordobadirecto.com\/index.php\/wp-json\/wp\/v2\/categories?post=12287"},{"taxonomy":"post_tag","embeddable":true,"href":"http:\/\/cordobadirecto.com\/index.php\/wp-json\/wp\/v2\/tags?post=12287"}],"curies":[{"name":"wp","href":"https:\/\/api.w.org\/{rel}","templated":true}]}}