{"id":125925,"date":"2023-07-24T02:21:36","date_gmt":"2023-07-24T02:21:36","guid":{"rendered":"https:\/\/puntoapunto.com.ar\/?p=348510"},"modified":"2023-07-24T22:36:30","modified_gmt":"2023-07-24T22:36:30","slug":"con-contundente-victoria-daniel-passerini-sera-el-proximo-intendente-de-cordoba","status":"publish","type":"post","link":"http:\/\/cordobadirecto.com\/index.php\/2023\/07\/24\/con-contundente-victoria-daniel-passerini-sera-el-proximo-intendente-de-cordoba\/","title":{"rendered":"Con contundente victoria, Daniel Passerini ser\u00e1 el pr\u00f3ximo intendente de\u00a0C\u00f3rdoba"},"content":{"rendered":"<div class=\"g g-36\">\n<div class=\"g-dyn a-12 c-1\"><a class=\"gofollow\" data-track=\"MTIsMzYsMSw2MA==\" href=\"https:\/\/hospitalprivado.com.ar\/landing-trasplante.html\" target=\"_blank\" rel=\"noopener\"><img class=\"lazyload\" src=\"http:\/\/cordobadirecto.com\/wp-content\/uploads\/2023\/07\/con-contundente-victoria-daniel-passerini-sera-el-proximo-intendente-de-cordoba.png\"><\/a><\/div>\n<\/div>\n<p>Con una diferencia cercana al 7% y con una<a href=\"https:\/\/puntoapunto.com.ar\/elecciones-cordoba-voto-el-58-del-padron-electoral\/\" target=\"_blank\" rel=\"noopener\"> participaci\u00f3n del 58%<\/a> en las urnas, <strong>Daniel Passerini, el hombre de Hacemos Unidos por C\u00f3rdoba, es el pr\u00f3ximo Intendente de la C\u00f3rdoba.<\/strong><\/p>\n<p>De acuerdo con los primero datos de la <a href=\"https:\/\/www.justiciacordoba.gob.ar\/Jel\/Inicio\/Index.aspx\" target=\"_blank\" rel=\"noopener\">Junta Electoral<\/a> -que se conocieron pasadas las 21.30 horas- <strong>Passerini obtuvo el 47,33% de los votos, mientras que <a href=\"https:\/\/puntoapunto.com.ar\/de-loredo-reconocio-la-derrota-que-dijo\/\">Rodrigo De Loredo alcanz\u00f3 el 40,76%.<\/a>&nbsp;<\/strong><\/p>\n<p>\u00abEste triunfo es un gran orgullo y una responsabilidad. Los cordobeses nos eligieran para seguir transformando la ciudad. Hoy el pueblo de C\u00f3rdoba eligi\u00f3 democr\u00e1ticamente y eligi\u00f3 porque sabe que somos gente de respeto, somos responsables y no somos todo lo mismo\u00bb, dijo el intendente electo Daniel Passerini, quien estuvo acompa\u00f1ado en el escenario por Mart\u00edn Llaryora y Juan Schiaretti.<\/p>\n<p>\u00abQuiero agradecer a nuestros adversarios de Juntos por el Cambio porque reconocieron que ganamos la elecci\u00f3n. Ese reconocimiento p\u00fablico nos permite cumplir con nuestra primera promesa de campa\u00f1a que era estar festejando el domingo a la noche\u00bb, sigui\u00f3.<\/p>\n<p>Passerini tambi\u00e9n elogi\u00f3 a Llaryora y a Schiaretti y alab\u00f3 la construcci\u00f3n del peronismo cordob\u00e9s: \u00abNuestros adversarios pol\u00edticos sue\u00f1an con nuestra derrota, pero cuando se despiertan ven que Schiaretti sigue ganando siempre\u00bb.<\/p>\n<p>As\u00ed, la formula<strong> Passerini-Pretto <\/strong>ser\u00e1 quien dirija el rumbo de la capital cordobesa durante el pr\u00f3ximo periodo municipal<strong>. Este triunfo le da cuatro a\u00f1os m\u00e1s de sinton\u00eda peronista entre el Panal y el Palacio 6 de julio.&nbsp;<\/strong><\/p>\n<p>Por su parte, Javier Pretto, quien ser\u00e1 el pr\u00f3ximo viceintendente de C\u00f3rdoba, manifest\u00f3:&nbsp;\u00abGracias por la confianza, el afecto y la amistad. Quiero agradecerle a Daniel Passerini y Mart\u00edn Llaryora porque con su convocatoria me devolvieron la pasi\u00f3n por militar y hacer cosas por los que menos tienen\u00bb.<\/p>\n<p>\u00abEn ese espacio yo ya no hac\u00eda falta\u00bb, dijo Pretto haciendo alusi\u00f3n a Juntos por el Cambio y sigui\u00f3: \u00abyo hac\u00eda falta ac\u00e1, en Hacemos Unidos por C\u00f3rdoba\u00bb.<\/p>\n<p><strong>La palabra de Llaryora<\/strong><\/p>\n<p>El gobernador electo de C\u00f3rdoba,&nbsp;<a href=\"https:\/\/puntoapunto.com.ar\/oficial-llaryora-es-el-nuevo-gobernador-de-cordoba-con-el-45\/\" target=\"_blank\" rel=\"noopener\"><strong>Mart\u00edn Llaryora<\/strong>,<\/a> lanz\u00f3 un discurso de fuerte impacto nacional en medio de los festejos por el triunfo de Daniel Passerini.&nbsp;\u00abTienen que empezar a cambiar los gobiernos\u00bb, sostuvo, y reclam\u00f3 que \u00abno se puede subsidiar el distrito m\u00e1s rico de la Argentina\u00bb, en referencia a la Capital Federal.<\/p>\n<p>\u00abEstamos cansados del pensamiento unitario que hace m\u00e1s pobre a la Argentina\u00bb, dijo Llaryora y chicane\u00f3 a la dirigencia de Cambiemos, que lleg\u00f3 a la provincia para apoyar a De Loredo.&nbsp;\u00abVinieron y ahora se van y no entienden lo que pasa. Lo que pasa es que no somos distintos, defendemos lo nuestro con u\u00f1as y dientes. No tenemos que esperar m\u00e1s liderazgos de la Capital.<strong> Hay que construir liderazgos propios. Pongamos a&nbsp;Juan Schiaretti&nbsp;de presidente<\/strong>\u00ab, alent\u00f3.<\/p>\n","protected":false},"excerpt":{"rendered":"<p>Con una diferencia cercana al 7% y con una participaci\u00f3n del 58% en las urnas, Daniel Passerini, el hombre de Hacemos Unidos por C\u00f3rdoba, es el pr\u00f3ximo Intendente de la C\u00f3rdoba. De acuerdo con los primero datos de la Junta Electoral -que se conocieron pasadas las 21.30 horas- Passerini obtuvo el 47,33% de los votos, [&hellip;]<\/p>\n","protected":false},"author":1,"featured_media":125293,"comment_status":"closed","ping_status":"closed","sticky":false,"template":"","format":"standard","meta":[],"categories":[23,25,1],"tags":[],"_links":{"self":[{"href":"http:\/\/cordobadirecto.com\/index.php\/wp-json\/wp\/v2\/posts\/125925"}],"collection":[{"href":"http:\/\/cordobadirecto.com\/index.php\/wp-json\/wp\/v2\/posts"}],"about":[{"href":"http:\/\/cordobadirecto.com\/index.php\/wp-json\/wp\/v2\/types\/post"}],"author":[{"embeddable":true,"href":"http:\/\/cordobadirecto.com\/index.php\/wp-json\/wp\/v2\/users\/1"}],"replies":[{"embeddable":true,"href":"http:\/\/cordobadirecto.com\/index.php\/wp-json\/wp\/v2\/comments?post=125925"}],"version-history":[{"count":1,"href":"http:\/\/cordobadirecto.com\/index.php\/wp-json\/wp\/v2\/posts\/125925\/revisions"}],"predecessor-version":[{"id":126072,"href":"http:\/\/cordobadirecto.com\/index.php\/wp-json\/wp\/v2\/posts\/125925\/revisions\/126072"}],"wp:featuredmedia":[{"embeddable":true,"href":"http:\/\/cordobadirecto.com\/index.php\/wp-json\/wp\/v2\/media\/125293"}],"wp:attachment":[{"href":"http:\/\/cordobadirecto.com\/index.php\/wp-json\/wp\/v2\/media?parent=125925"}],"wp:term":[{"taxonomy":"category","embeddable":true,"href":"http:\/\/cordobadirecto.com\/index.php\/wp-json\/wp\/v2\/categories?post=125925"},{"taxonomy":"post_tag","embeddable":true,"href":"http:\/\/cordobadirecto.com\/index.php\/wp-json\/wp\/v2\/tags?post=125925"}],"curies":[{"name":"wp","href":"https:\/\/api.w.org\/{rel}","templated":true}]}}