{"id":125936,"date":"2023-07-24T05:01:02","date_gmt":"2023-07-24T05:01:02","guid":{"rendered":"http:\/\/estaciontrip.com.ar\/?p=7918"},"modified":"2023-07-24T05:01:02","modified_gmt":"2023-07-24T05:01:02","slug":"se-vienen-las-cacharpayas-invernales-en-mina-clavero","status":"publish","type":"post","link":"http:\/\/cordobadirecto.com\/index.php\/2023\/07\/24\/se-vienen-las-cacharpayas-invernales-en-mina-clavero\/","title":{"rendered":"Se vienen las Cacharpayas Invernales en Mina Clavero"},"content":{"rendered":"<p><em>Se trata de un evento en torno a las tradiciones gauchescas con el marco de las Sierras Grandes como tel\u00f3n de fondo.<\/em><\/p>\n<p>Bajo el lema \u201cCacharpayas Invernales Entre Todos\u201d, la localidad transerrana de Mina Clavero se prepara para una nueva edici\u00f3n del evento que despliega todas sus tradiciones gauchescas en cuanto a danzas, m\u00fasica y sabores.<\/p>\n<p>Con artistas locales y un esmerado servicio de bufet a cargo de la comisi\u00f3n del Club Juventud Unida de Mina Clavero, el pr\u00f3ximo&nbsp;<strong>s\u00e1bado 22 de julio<\/strong>&nbsp;de 2023, ser\u00e1 la ocasi\u00f3n de reunir a vecinos y turistas para compartir un momento de esparcimiento cultural.<\/p>\n<div id=\"envira-gallery-wrap-7920\" class=\"envira-gallery-wrap envira-gallery-theme-base envira-lightbox-theme-base\" itemscope itemtype=\"https:\/\/schema.org\/ImageGallery\">\n<div data-row-height data-gallery-theme id=\"envira-gallery-7920\" class=\"envira-gallery-public envira-gallery-1-columns envira-clear enviratope envira-gallery-css-animations\" data-envira-columns=\"1\">\n<div id=\"envira-gallery-item-7921\" class=\"envira-gallery-item enviratope-item envira-gallery-item-1 envira-lazy-load\" itemscope itemtype=\"https:\/\/schema.org\/ImageObject\">\n<div class=\"envira-gallery-item-inner\"><a href=\"http:\/\/cordobadirecto.com\/wp-content\/uploads\/2023\/07\/se-vienen-las-cacharpayas-invernales-en-mina-clavero-1.jpg\" class=\"envira-gallery-7920 envira-gallery-link\" rel=\"enviragallery7920\" title=\"20220724_155616\" data-envira-caption=\"20220724_155616\" data-envira-retina data-thumbnail itemprop=\"contentUrl\"><\/p>\n<div class=\"envira-lazy\" data-test-width=\"640\" data-test-height=\"480\"><img id=\"envira-gallery-image-7921\" class=\"envira-gallery-image envira-gallery-image-1\" data-envira-index=\"1\" src=\"http:\/\/cordobadirecto.com\/wp-content\/uploads\/2023\/07\/se-vienen-las-cacharpayas-invernales-en-mina-clavero.jpg\" data-envira-src=\"http:\/\/cordobadirecto.com\/wp-content\/uploads\/2023\/07\/se-vienen-las-cacharpayas-invernales-en-mina-clavero.jpg\" data-envira-gallery-id=\"7920\" data-envira-item-id=\"7921\" data-envira-caption=\"20220724_155616\" alt title=\"20220724_155616\" itemprop=\"thumbnailUrl\" data-envira-srcset=\"http:\/\/cordobadirecto.com\/wp-content\/uploads\/2023\/07\/se-vienen-las-cacharpayas-invernales-en-mina-clavero.jpg 400w,http:\/\/cordobadirecto.com\/wp-content\/uploads\/2023\/07\/se-vienen-las-cacharpayas-invernales-en-mina-clavero.jpg 2x\" srcset=\"data:image\/gif;base64,R0lGODlhAQABAIAAAP\/\/\/\/\/\/\/yH5BAEKAAEALAAAAAABAAEAAAICTAEAOw==\"><\/div>\n<p><\/a><\/div>\n<\/div>\n<\/div>\n<\/div>\n<p><noscript><img src=\"http:\/\/cordobadirecto.com\/wp-content\/uploads\/2023\/07\/se-vienen-las-cacharpayas-invernales-en-mina-clavero-1.jpg\" alt><\/noscript> <\/p>\n<p>Desde las&nbsp;<strong>21:00 horas&nbsp;<\/strong>ser\u00e1 la apertura de la t\u00edpica fiesta de Mina Clavero y se podr\u00e1n adquirir las entradas de manera anticipada con el valor de<strong>&nbsp;$1.500 pesos&nbsp;<\/strong>en el Centro Cultural Comechingones (Av. San Mart\u00edn 2345) de lunes a viernes de 8 a 14 horas y de 15 a 21 horas, o en la Oficina de Turismo ubicada en la plazoleta Merlo. Menores de 10 a\u00f1os ingresan gratuitamente.<\/p>\n<div id=\"envira-gallery-wrap-7922\" class=\"envira-gallery-wrap envira-gallery-theme-base envira-lightbox-theme-base\" itemscope itemtype=\"https:\/\/schema.org\/ImageGallery\">\n<div data-row-height data-gallery-theme id=\"envira-gallery-7922\" class=\"envira-gallery-public envira-gallery-1-columns envira-clear enviratope envira-gallery-css-animations\" data-envira-columns=\"1\">\n<div id=\"envira-gallery-item-7923\" class=\"envira-gallery-item enviratope-item envira-gallery-item-1 envira-lazy-load\" itemscope itemtype=\"https:\/\/schema.org\/ImageObject\">\n<div class=\"envira-gallery-item-inner\"><a href=\"http:\/\/cordobadirecto.com\/wp-content\/uploads\/2023\/07\/se-vienen-las-cacharpayas-invernales-en-mina-clavero-3.jpg\" class=\"envira-gallery-7922 envira-gallery-link\" rel=\"enviragallery7922\" title=\"361855966_10228875027892521_8959746296530615051_n\" data-envira-caption=\"361855966_10228875027892521_8959746296530615051_n\" data-envira-retina data-thumbnail itemprop=\"contentUrl\"><\/p>\n<div class=\"envira-lazy\" data-test-width=\"640\" data-test-height=\"480\"><img id=\"envira-gallery-image-7923\" class=\"envira-gallery-image envira-gallery-image-1\" data-envira-index=\"1\" src=\"http:\/\/cordobadirecto.com\/wp-content\/uploads\/2023\/07\/se-vienen-las-cacharpayas-invernales-en-mina-clavero-2.jpg\" data-envira-src=\"http:\/\/cordobadirecto.com\/wp-content\/uploads\/2023\/07\/se-vienen-las-cacharpayas-invernales-en-mina-clavero-2.jpg\" data-envira-gallery-id=\"7922\" data-envira-item-id=\"7923\" data-envira-caption=\"361855966_10228875027892521_8959746296530615051_n\" alt title=\"361855966_10228875027892521_8959746296530615051_n\" itemprop=\"thumbnailUrl\" data-envira-srcset=\"http:\/\/cordobadirecto.com\/wp-content\/uploads\/2023\/07\/se-vienen-las-cacharpayas-invernales-en-mina-clavero-2.jpg 400w,http:\/\/cordobadirecto.com\/wp-content\/uploads\/2023\/07\/se-vienen-las-cacharpayas-invernales-en-mina-clavero-2.jpg 2x\" srcset=\"data:image\/gif;base64,R0lGODlhAQABAIAAAP\/\/\/\/\/\/\/yH5BAEKAAEALAAAAAABAAEAAAICTAEAOw==\"><\/div>\n<p><\/a><\/div>\n<\/div>\n<\/div>\n<\/div>\n<p><noscript><img src=\"http:\/\/cordobadirecto.com\/wp-content\/uploads\/2023\/07\/se-vienen-las-cacharpayas-invernales-en-mina-clavero-3.jpg\" alt><\/noscript> <\/p>\n<h3>Grilla de artistas<\/h3>\n<p>La Escuela Municipal de M\u00fasica, el taller orquesta de Los Grandes, Los Serranos de Achala, Los Festivaleros, el Trio Burgol, Los Cantores de la Ca\u00f1ada, Patricia Parada, Los Camiares y Juan Zamora&nbsp;<em>\u201cNuevos Caminos Folk\u201d<\/em>, figuran entre los artistas.<\/p>\n<p>Entre las academias, la Compa\u00f1\u00eda de Danzas Folkl\u00f3ricas Bailam\u00e9rica, Estirpe Gaucha, Transerranas, Caudillos Argentinos, La Fortinera, Ayew\u00fcn, Afat (agrupaci\u00f3n folkl\u00f3rica Abuelos de Traslasierra) y el Ballet Chakana.<\/p>\n<div id=\"envira-gallery-wrap-7925\" class=\"envira-gallery-wrap envira-gallery-theme-base envira-lightbox-theme-base\" itemscope itemtype=\"https:\/\/schema.org\/ImageGallery\">\n<div data-row-height data-gallery-theme id=\"envira-gallery-7925\" class=\"envira-gallery-public envira-gallery-1-columns envira-clear enviratope envira-gallery-css-animations\" data-envira-columns=\"1\">\n<div id=\"envira-gallery-item-7926\" class=\"envira-gallery-item enviratope-item envira-gallery-item-1 envira-lazy-load\" itemscope itemtype=\"https:\/\/schema.org\/ImageObject\">\n<div class=\"envira-gallery-item-inner\"><a href=\"http:\/\/cordobadirecto.com\/wp-content\/uploads\/2023\/07\/se-vienen-las-cacharpayas-invernales-en-mina-clavero-6.jpg\" class=\"envira-gallery-7925 envira-gallery-link\" rel=\"enviragallery7925\" title=\"360091367_10228875029212554_2938261838502976868_n\" data-envira-caption=\"360091367_10228875029212554_2938261838502976868_n\" data-envira-retina data-thumbnail itemprop=\"contentUrl\"><\/p>\n<div class=\"envira-lazy\" data-test-width=\"640\" data-test-height=\"480\"><img id=\"envira-gallery-image-7926\" class=\"envira-gallery-image envira-gallery-image-1\" data-envira-index=\"1\" src=\"http:\/\/cordobadirecto.com\/wp-content\/uploads\/2023\/07\/se-vienen-las-cacharpayas-invernales-en-mina-clavero-4.jpg\" data-envira-src=\"http:\/\/cordobadirecto.com\/wp-content\/uploads\/2023\/07\/se-vienen-las-cacharpayas-invernales-en-mina-clavero-4.jpg\" data-envira-gallery-id=\"7925\" data-envira-item-id=\"7926\" data-envira-caption=\"360091367_10228875029212554_2938261838502976868_n\" alt title=\"360091367_10228875029212554_2938261838502976868_n\" itemprop=\"thumbnailUrl\" data-envira-srcset=\"http:\/\/cordobadirecto.com\/wp-content\/uploads\/2023\/07\/se-vienen-las-cacharpayas-invernales-en-mina-clavero-4.jpg 400w,http:\/\/cordobadirecto.com\/wp-content\/uploads\/2023\/07\/se-vienen-las-cacharpayas-invernales-en-mina-clavero-4.jpg 2x\" srcset=\"data:image\/gif;base64,R0lGODlhAQABAIAAAP\/\/\/\/\/\/\/yH5BAEKAAEALAAAAAABAAEAAAICTAEAOw==\"><\/div>\n<p><\/a><\/div>\n<\/div>\n<div id=\"envira-gallery-item-7927\" class=\"envira-gallery-item enviratope-item envira-gallery-item-2 envira-lazy-load\" itemscope itemtype=\"https:\/\/schema.org\/ImageObject\">\n<div class=\"envira-gallery-item-inner\"><a href=\"http:\/\/cordobadirecto.com\/wp-content\/uploads\/2023\/07\/se-vienen-las-cacharpayas-invernales-en-mina-clavero-7.jpg\" class=\"envira-gallery-7925 envira-gallery-link\" rel=\"enviragallery7925\" title=\"361891054_10228875028892546_6758526327813727495_n\" data-envira-caption=\"361891054_10228875028892546_6758526327813727495_n\" data-envira-retina data-thumbnail itemprop=\"contentUrl\"><\/p>\n<div class=\"envira-lazy\" data-test-width=\"640\" data-test-height=\"480\"><img id=\"envira-gallery-image-7927\" class=\"envira-gallery-image envira-gallery-image-2\" data-envira-index=\"2\" src=\"http:\/\/cordobadirecto.com\/wp-content\/uploads\/2023\/07\/se-vienen-las-cacharpayas-invernales-en-mina-clavero-5.jpg\" data-envira-src=\"http:\/\/cordobadirecto.com\/wp-content\/uploads\/2023\/07\/se-vienen-las-cacharpayas-invernales-en-mina-clavero-5.jpg\" data-envira-gallery-id=\"7925\" data-envira-item-id=\"7927\" data-envira-caption=\"361891054_10228875028892546_6758526327813727495_n\" alt title=\"361891054_10228875028892546_6758526327813727495_n\" itemprop=\"thumbnailUrl\" data-envira-srcset=\"http:\/\/cordobadirecto.com\/wp-content\/uploads\/2023\/07\/se-vienen-las-cacharpayas-invernales-en-mina-clavero-5.jpg 400w,http:\/\/cordobadirecto.com\/wp-content\/uploads\/2023\/07\/se-vienen-las-cacharpayas-invernales-en-mina-clavero-5.jpg 2x\" srcset=\"data:image\/gif;base64,R0lGODlhAQABAIAAAP\/\/\/\/\/\/\/yH5BAEKAAEALAAAAAABAAEAAAICTAEAOw==\"><\/div>\n<p><\/a><\/div>\n<\/div>\n<\/div>\n<\/div>\n<p><noscript><img src=\"http:\/\/cordobadirecto.com\/wp-content\/uploads\/2023\/07\/se-vienen-las-cacharpayas-invernales-en-mina-clavero-6.jpg\" alt><img src=\"http:\/\/cordobadirecto.com\/wp-content\/uploads\/2023\/07\/se-vienen-las-cacharpayas-invernales-en-mina-clavero-7.jpg\" alt><\/noscript> <\/p>\n","protected":false},"excerpt":{"rendered":"<p>Se trata de un evento en torno a las tradiciones gauchescas con el marco de las Sierras Grandes como tel\u00f3n de fondo. Bajo el lema \u201cCacharpayas Invernales Entre Todos\u201d, la localidad transerrana de Mina Clavero se prepara para una nueva edici\u00f3n del evento que despliega todas sus tradiciones gauchescas en cuanto a danzas, m\u00fasica y [&hellip;]<\/p>\n","protected":false},"author":1,"featured_media":125937,"comment_status":"closed","ping_status":"closed","sticky":false,"template":"","format":"standard","meta":[],"categories":[22],"tags":[],"_links":{"self":[{"href":"http:\/\/cordobadirecto.com\/index.php\/wp-json\/wp\/v2\/posts\/125936"}],"collection":[{"href":"http:\/\/cordobadirecto.com\/index.php\/wp-json\/wp\/v2\/posts"}],"about":[{"href":"http:\/\/cordobadirecto.com\/index.php\/wp-json\/wp\/v2\/types\/post"}],"author":[{"embeddable":true,"href":"http:\/\/cordobadirecto.com\/index.php\/wp-json\/wp\/v2\/users\/1"}],"replies":[{"embeddable":true,"href":"http:\/\/cordobadirecto.com\/index.php\/wp-json\/wp\/v2\/comments?post=125936"}],"version-history":[{"count":0,"href":"http:\/\/cordobadirecto.com\/index.php\/wp-json\/wp\/v2\/posts\/125936\/revisions"}],"wp:featuredmedia":[{"embeddable":true,"href":"http:\/\/cordobadirecto.com\/index.php\/wp-json\/wp\/v2\/media\/125937"}],"wp:attachment":[{"href":"http:\/\/cordobadirecto.com\/index.php\/wp-json\/wp\/v2\/media?parent=125936"}],"wp:term":[{"taxonomy":"category","embeddable":true,"href":"http:\/\/cordobadirecto.com\/index.php\/wp-json\/wp\/v2\/categories?post=125936"},{"taxonomy":"post_tag","embeddable":true,"href":"http:\/\/cordobadirecto.com\/index.php\/wp-json\/wp\/v2\/tags?post=125936"}],"curies":[{"name":"wp","href":"https:\/\/api.w.org\/{rel}","templated":true}]}}