{"id":126055,"date":"2023-07-24T19:10:20","date_gmt":"2023-07-24T19:10:20","guid":{"rendered":"https:\/\/www.ole.com.ar\/autos\/tc_0_HVwlf9XDkX.html"},"modified":"2023-07-24T19:10:20","modified_gmt":"2023-07-24T19:10:20","slug":"donde-se-realizara-el-gp-coronacion-del-turismo-carretera","status":"publish","type":"post","link":"http:\/\/cordobadirecto.com\/index.php\/2023\/07\/24\/donde-se-realizara-el-gp-coronacion-del-turismo-carretera\/","title":{"rendered":"\u00bfD\u00f3nde se realizar\u00e1 el GP Coronaci\u00f3n del Turismo Carretera?"},"content":{"rendered":"<div><img src=\"http:\/\/cordobadirecto.com\/wp-content\/uploads\/2023\/07\/donde-se-realizara-el-gp-coronacion-del-turismo-carretera.jpg\" class=\"ff-og-image-inserted\"><\/div>\n<div readability=\"34\">\n<p>La definici\u00f3n de la temporada 2023 del Turismo Carretera ha sido una inc\u00f3gnita en estas \u00faltimas semanas por las elecciones generales que atravesar\u00e1 nuestro pa\u00eds y las decisiones que se tomar\u00e1n al respecto luego de lo que suceda en las mismas.<\/p>\n<\/div>\n<div readability=\"36\">\n<p>Finalmente, luego de muchos idas y vueltas, en la novena fecha que disput\u00f3 el TC en el Villicum de San Juan, se confirm\u00f3 la sede en d\u00f3nde se realizar\u00e1 el Gran Premio Coronaci\u00f3n.<\/p>\n<\/div>\n<div readability=\"35\">\n<p>&#8220;El 3 de diciembre vamos a estar todos ac\u00e1 en San Juan para llevar a cabo la \u00faltima fecha del a\u00f1o para el TC&#8221;, asegur\u00f3 el Secretario de Deportes de la provincia cuyana, Jorge Chica. <\/p>\n<\/div>\n<div readability=\"36\">\n<p>Desde la temporada 2020, el Villicum de San Juan es la sede del GP Coronaci\u00f3n del Turismo Carretera y por las declaraciones que hizo Chica en el micr\u00f3fono de Carburando, har\u00e1 lo propio en este 2023. <\/p>\n<\/div>\n","protected":false},"excerpt":{"rendered":"<p>La definici\u00f3n de la temporada 2023 del Turismo Carretera ha sido una inc\u00f3gnita en estas \u00faltimas semanas por las elecciones generales que atravesar\u00e1 nuestro pa\u00eds y las decisiones que se tomar\u00e1n al respecto luego de lo que suceda en las mismas. Finalmente, luego de muchos idas y vueltas, en la novena fecha que disput\u00f3 el [&hellip;]<\/p>\n","protected":false},"author":1,"featured_media":126056,"comment_status":"closed","ping_status":"closed","sticky":false,"template":"","format":"standard","meta":[],"categories":[21],"tags":[],"_links":{"self":[{"href":"http:\/\/cordobadirecto.com\/index.php\/wp-json\/wp\/v2\/posts\/126055"}],"collection":[{"href":"http:\/\/cordobadirecto.com\/index.php\/wp-json\/wp\/v2\/posts"}],"about":[{"href":"http:\/\/cordobadirecto.com\/index.php\/wp-json\/wp\/v2\/types\/post"}],"author":[{"embeddable":true,"href":"http:\/\/cordobadirecto.com\/index.php\/wp-json\/wp\/v2\/users\/1"}],"replies":[{"embeddable":true,"href":"http:\/\/cordobadirecto.com\/index.php\/wp-json\/wp\/v2\/comments?post=126055"}],"version-history":[{"count":0,"href":"http:\/\/cordobadirecto.com\/index.php\/wp-json\/wp\/v2\/posts\/126055\/revisions"}],"wp:featuredmedia":[{"embeddable":true,"href":"http:\/\/cordobadirecto.com\/index.php\/wp-json\/wp\/v2\/media\/126056"}],"wp:attachment":[{"href":"http:\/\/cordobadirecto.com\/index.php\/wp-json\/wp\/v2\/media?parent=126055"}],"wp:term":[{"taxonomy":"category","embeddable":true,"href":"http:\/\/cordobadirecto.com\/index.php\/wp-json\/wp\/v2\/categories?post=126055"},{"taxonomy":"post_tag","embeddable":true,"href":"http:\/\/cordobadirecto.com\/index.php\/wp-json\/wp\/v2\/tags?post=126055"}],"curies":[{"name":"wp","href":"https:\/\/api.w.org\/{rel}","templated":true}]}}