{"id":126057,"date":"2023-07-24T17:13:30","date_gmt":"2023-07-24T17:13:30","guid":{"rendered":"https:\/\/www.ole.com.ar\/autos\/puede-max-verstappen-salir-campeon-formula-1_0_0OQsWXzyOb.html"},"modified":"2023-07-24T17:13:30","modified_gmt":"2023-07-24T17:13:30","slug":"cuando-verstappen-podria-consagrarse-en-la-formula-1","status":"publish","type":"post","link":"http:\/\/cordobadirecto.com\/index.php\/2023\/07\/24\/cuando-verstappen-podria-consagrarse-en-la-formula-1\/","title":{"rendered":"\u00bfCu\u00e1ndo Verstappen podr\u00eda consagrarse en la F\u00f3rmula 1?"},"content":{"rendered":"<p><time class=\"createDate\" datetime=\"2023-07-24T14:13:30-03:00\">24\/07\/2023 14:13hs.<\/time><time class=\"modificatedDate\" datetime=\"2023-07-24T14:13:30-03:00\"><\/time><\/p>\n<div id=\"storyBody\">\n<div class=\"custom-text \" readability=\"35.132231404959\">\n<p>La resoluci\u00f3n de la temporada de la <strong><a href=\"https:\/\/www.ole.com.ar\/tema\/formula-1.html\" title=\"F\u00f3rmula 1\" alt=\"F\u00f3rmula 1\" class=\"slug\">F\u00f3rmula 1<\/a><\/strong> casi que se conoce de antemano, como si fuera algo normal. En el diccionario de <strong><a href=\"https:\/\/www.ole.com.ar\/tema\/max-verstappen.html\" title=\"Max Verstappen\" alt=\"Max Verstappen\" class=\"slug\">Max Verstappen<\/a><\/strong> no aparece la palabra imposible. Minimiza lo que para muchos puede parecer inalcanzable. Sin embargo, va hacia el frente con una ambici\u00f3n gigantesca. No quiere darle nada a sus rivales. Acostumbrado a dejar huella por donde camina, en el fin de semana <strong><a href=\"https:\/\/\/autos\/formula1-verstappen-hungria-victoria_0_tTZKJrzpEg.html\" target=\"_blank\" rel=\"noopener\">en Hungr\u00eda se qued\u00f3 con el triunfo<\/a><\/strong> y el punto extra por la vuelta r\u00e1pida. Sin haber tenido el ritmo de otros fines de semana, el neerland\u00e9s igualmente no tuvo demasiadas complicaciones para seguir ganando.<\/p>\n<\/div>\n<div class=\"custom-text \" readability=\"38.452631578947\">\n<p>Desde hace unos a\u00f1os, Verstappen se adue\u00f1\u00f3 los guantes titulares del equipo. Se erigi\u00f3 como la gran estrella bajo la que <strong><a href=\"https:\/\/www.ole.com.ar\/tema\/red-bull.html\" title=\"Red Bull\" alt=\"Red Bull\" class=\"slug\">Red Bull<\/a><\/strong> ciment\u00f3 el \u00e9xito a largo plazo y, en ese sentido, <strong>est\u00e1 demostrando todo su talento para hilvanar victorias<\/strong>. En busca del tricampeonato y de los r\u00e9cords de \u00e9xitos en la categor\u00eda reina del automovilismo internacional (lleg\u00f3 a 44 y se ubica 5\u00b0 en la tabla hist\u00f3rica a siete de las 51 de Alain Prost), el nacido en Hasselt hace 25 a\u00f1os quiere pulverizar todas las marcas y as\u00ed lo deja en claro cada fin de semana de competencia.<\/p>\n<\/div>\n<div class=\"custom-text \" readability=\"42\">\n<p>Verstappen viene avanzando a un ritmo arrollador. Su futuro es una certeza y la victoria en el campeonato cotiza demasiado bajo, dado que <strong>nadie duda del final de la historia<\/strong>. Ahora bien, la pregunta que muchos se realizaron despu\u00e9s de la s\u00e9ptima conquista del a\u00f1o es cu\u00e1ndo se consagrar\u00e1. En 2022 lo hab\u00eda hecho en Jap\u00f3n, cinco jornadas antes del cierre del calendario. Y esta vez, salvo alg\u00fan contratiempo, intentar\u00e1 hacerlo mucho antes. Claro, mientras antes levante el trofeo, su equipo tendr\u00e1 m\u00e1s tiempo para buscar las mejoras para la pr\u00f3xima temporada.<\/p>\n<\/div>\n<div class=\"sc-e7b891c4-0 jPbnQF\"><img alt=\"La pelea estar\u00e1 entre Verstappen y P\u00e9rez. (AFP)\" src=\"http:\/\/cordobadirecto.com\/wp-content\/uploads\/2023\/07\/cuando-verstappen-podria-consagrarse-en-la-formula-1.jpg\" width=\"720\" height=\"100\" decoding=\"async\" data-nimg=\"future\" loading=\"lazy\"><span class=\"epigraphe\">La pelea estar\u00e1 entre Verstappen y P\u00e9rez. (AFP)<\/span><\/div>\n<p><h2><strong>Verstappen saca cuentas para salir campe\u00f3n<\/strong><\/h2>\n<\/p>\n<div class=\"custom-text \" readability=\"42\">\n<p>Para no depender de nadie,<strong> Verstappen deber\u00eda sumar seis \u00e9xitos al hilo para festejar en la 17\u00aa jornada, que se celebrar\u00e1 en Qatar<\/strong>. La cuenta incluir\u00eda los festejos tambi\u00e9n los Sprints de B\u00e9lgica (el fin de semana que viene) y en Lusail. Todo el c\u00e1lculo es con una actuaci\u00f3n s\u00f3lida de Checo, quien siempre deber\u00eda salir detr\u00e1s de su compa\u00f1ero de escuder\u00eda. El problema es que el mexicano no se caracteriza por la regularidad y sus errores son m\u00e1s probables que los del neerland\u00e9s. De hecho, salvo el tercer puesto en Hungr\u00eda, el latinoamericano viene fallando cada fecha, especialmente en las clasificaciones. En ese caso, la celebraci\u00f3n podr\u00eda darse antes.<\/p>\n<\/div>\n<div class=\"custom-text \" readability=\"39\">\n<p><strong>Con 318 puntos a\u00fan en juego y una diferencia de 110 unidades entre el l\u00edder y el escolta (281 vs. 171)<\/strong>, la distancia ya empieza a parecer imposible de descontar. Atr\u00e1s qued\u00f3 la esperanza del mexicano, quien fue el \u00fanico capaz de arrebatarle el festejo en este 2023 (gan\u00f3 dos de las 11 carreras, aunque Max siempre estuvo en el podio). Ahora solo le queda esperar el milagro y alg\u00fan error de Verstappen, cuyo manejo viene siendo impecable. \u00bfSe le podr\u00e1 escapar el t\u00edtulo? Parece dif\u00edcil y es por eso que ya est\u00e1 sacando fecha para preparar una celebraci\u00f3n que promete ser a todo trapo.<\/p>\n<\/div>\n<div class=\"sc-a7166897-0 exHLBh\" readability=\"6\">\n<section readability=\"2\"><picture><img alt=\"Verstappen arras\u00f3 en Hungr\u00eda y dio un paso m\u00e1s rumbo al tricampeonato\" src=\"http:\/\/cordobadirecto.com\/wp-content\/uploads\/2023\/07\/cuando-verstappen-podria-consagrarse-en-la-formula-1-1.jpg\" width=\"290\" height=\"290\" decoding=\"async\" data-nimg=\"future\" loading=\"lazy\"><\/picture>\n<p><span>Mir\u00e1 tambi\u00e9n<\/span><\/p>\n<hr>\n<h3>Verstappen arras\u00f3 en Hungr\u00eda y dio un paso m\u00e1s rumbo al tricampeonato<\/h3>\n<\/p>\n<\/section>\n<\/div>\n<div class=\"sc-a7166897-0 exHLBh\" readability=\"6\">\n<section readability=\"2\"><picture><img alt=\"El cambio que la F\u00f3rmula 1 implementar\u00e1 en el GP de Hungr\u00eda\" src=\"http:\/\/cordobadirecto.com\/wp-content\/uploads\/2023\/07\/cuando-verstappen-podria-consagrarse-en-la-formula-1-2.jpg\" width=\"290\" height=\"290\" decoding=\"async\" data-nimg=\"future\" loading=\"lazy\"><\/picture>\n<p><span>Mir\u00e1 tambi\u00e9n<\/span><\/p>\n<hr>\n<h3>El cambio que la F\u00f3rmula 1 implementar\u00e1 en el GP de Hungr\u00eda<\/h3>\n<\/p>\n<\/section>\n<\/div>\n<\/div>\n","protected":false},"excerpt":{"rendered":"<p>24\/07\/2023 14:13hs. La resoluci\u00f3n de la temporada de la F\u00f3rmula 1 casi que se conoce de antemano, como si fuera algo normal. En el diccionario de Max Verstappen no aparece la palabra imposible. Minimiza lo que para muchos puede parecer inalcanzable. Sin embargo, va hacia el frente con una ambici\u00f3n gigantesca. No quiere darle nada [&hellip;]<\/p>\n","protected":false},"author":1,"featured_media":126058,"comment_status":"closed","ping_status":"closed","sticky":false,"template":"","format":"standard","meta":[],"categories":[21],"tags":[],"_links":{"self":[{"href":"http:\/\/cordobadirecto.com\/index.php\/wp-json\/wp\/v2\/posts\/126057"}],"collection":[{"href":"http:\/\/cordobadirecto.com\/index.php\/wp-json\/wp\/v2\/posts"}],"about":[{"href":"http:\/\/cordobadirecto.com\/index.php\/wp-json\/wp\/v2\/types\/post"}],"author":[{"embeddable":true,"href":"http:\/\/cordobadirecto.com\/index.php\/wp-json\/wp\/v2\/users\/1"}],"replies":[{"embeddable":true,"href":"http:\/\/cordobadirecto.com\/index.php\/wp-json\/wp\/v2\/comments?post=126057"}],"version-history":[{"count":0,"href":"http:\/\/cordobadirecto.com\/index.php\/wp-json\/wp\/v2\/posts\/126057\/revisions"}],"wp:featuredmedia":[{"embeddable":true,"href":"http:\/\/cordobadirecto.com\/index.php\/wp-json\/wp\/v2\/media\/126058"}],"wp:attachment":[{"href":"http:\/\/cordobadirecto.com\/index.php\/wp-json\/wp\/v2\/media?parent=126057"}],"wp:term":[{"taxonomy":"category","embeddable":true,"href":"http:\/\/cordobadirecto.com\/index.php\/wp-json\/wp\/v2\/categories?post=126057"},{"taxonomy":"post_tag","embeddable":true,"href":"http:\/\/cordobadirecto.com\/index.php\/wp-json\/wp\/v2\/tags?post=126057"}],"curies":[{"name":"wp","href":"https:\/\/api.w.org\/{rel}","templated":true}]}}