{"id":126069,"date":"2023-07-24T17:18:00","date_gmt":"2023-07-24T17:18:00","guid":{"rendered":"http:\/\/cordobadirecto.com\/index.php\/2023\/07\/24\/el-parlamento-israeli-aprobo-una-polemica-clausula-de-la-reforma-judicial-de-netanyahu\/"},"modified":"2023-07-24T17:18:00","modified_gmt":"2023-07-24T17:18:00","slug":"el-parlamento-israeli-aprobo-una-polemica-clausula-de-la-reforma-judicial-de-netanyahu","status":"publish","type":"post","link":"http:\/\/cordobadirecto.com\/index.php\/2023\/07\/24\/el-parlamento-israeli-aprobo-una-polemica-clausula-de-la-reforma-judicial-de-netanyahu\/","title":{"rendered":"El Parlamento israel\u00ed aprob\u00f3 una pol\u00e9mica cl\u00e1usula de la reforma judicial de Netanyahu"},"content":{"rendered":"<figure class=\"mb-3\"><img loading=\"lazy\" data-src=\"http:\/\/cordobadirecto.com\/wp-content\/uploads\/2023\/07\/el-parlamento-israeli-aprobo-una-polemica-clausula-de-la-reforma-judicial-de-netanyahu.jpg\" src=\"https:\/\/www.telam.com.ar\/assets\/img\/not_image.png\" class=\" lazy \" width=\"100%\" height=\"100%\" alt=\"Netanyahu acudi a la Knset Parlamento luego de salir del hospital donde le implantaron un marcapasos en una ciruga cardaca de urgencia Foto AFP\"><figcaption> Netanyahu acudi\u00f3 a la Kn\u00e9set (Parlamento), luego de salir del hospital, donde le implantaron un marcapasos en una cirug\u00eda card\u00edaca de urgencia \/ Foto: AFP <\/figcaption><\/figure>\n<p>El Parlamento israel\u00ed aprob\u00f3 este lunes una cl\u00e1usula clave de la controvertida reforma judicial impulsada por la coalici\u00f3n del primer ministro Benjamin Netanyahu, que <strong>busca restringir las facultades de la Corte Suprema<\/strong> para pronunciarse sobre decisiones del gobierno.<\/p>\n<p>El texto fue aprobado por 64 diputados de la coalici\u00f3n de derecha, ortodoxos religiosos y extrema derecha, mientras que la oposici\u00f3n decidi\u00f3 boicotear la votaci\u00f3n.<\/p>\n<p>La sesi\u00f3n en el Parlamento, que cuenta con 120 legisladores, se realiz\u00f3 en presencia de Netanyahu, de 73 a\u00f1os, que fue dado de alta por la ma\u00f1ana temprano del hospital, t<strong>ras ser sometido el domingo a una cirug\u00eda para colocarle un marcapasos.<\/strong><\/p>\n<h2 class>Las protestas contra Netanyahu<\/h2>\n<p>Poco antes, la polic\u00eda dispers\u00f3 con carros hidrantes a cientos de manifestantes que bloqueaban la entrada al Parlamento.&nbsp;La reforma sac\u00f3 a decenas de miles de manifestantes a las calles durante varios meses.<\/p>\n<p>Este lunes, un hombre con un meg\u00e1fono gritaba frente al Parlamento: &#8220;\u00a1\u00bfQu\u00e9 ha pasado aqu\u00ed?! Dentro de ese edificio, nuestro gobierno se est\u00e1 reuniendo. <strong>\u00a1Pero no por la democracia! Est\u00e1n ante un dictador.<\/strong> Recuerda eso&#8221;, cit\u00f3 la prensa local.&nbsp;&#8220;Nunca me hab\u00eda manifestado antes -dijo el hombre que prefiri\u00f3 mantener anonimato- pero tengo dos hijas aqu\u00ed y no quiero que se cr\u00eden en un pa\u00eds donde la pr\u00f3xima ley podr\u00eda ser limitarlas en sus libertades&#8230; Nunca lo aceptar\u00eda&#8221;.<\/p>\n<p>&#8220;Estoy aqu\u00ed para defender la democracias, es mi deber como ciudadano&#8221;, expres\u00f3 por su parte Yuval Zinman, quien se moviliz\u00f3 a Jerusal\u00e9n desde Tel Aviv.<\/p>\n<figure class=\"mb-3\"><img loading=\"lazy\" data-src=\"http:\/\/cordobadirecto.com\/wp-content\/uploads\/2023\/07\/el-parlamento-israeli-aprobo-una-polemica-clausula-de-la-reforma-judicial-de-netanyahu-1.jpg\" src=\"https:\/\/www.telam.com.ar\/assets\/img\/not_image.png\" class=\" lazy \" width=\"100%\" height=\"100%\" alt=\"Manifestaciones espontneas tras la polmca decisin del Parlamento Foto AFP\"><figcaption> Manifestaciones espont\u00e1neas tras la pol\u00e9m\u00edca decisi\u00f3n del Parlamento. (Foto AFP) <\/figcaption><\/figure>\n<p><strong>Las protestas han atra\u00eddo el apoyo de todos los estratos pol\u00edticos y sociales<\/strong>, tanto de izquierda como de derecha, grupos seculares y religiosos, activistas por la paz y reservistas militares, as\u00ed como trabajadores manuales y del sector tecnol\u00f3gico crucial para la econom\u00eda del pa\u00eds.<\/p>\n<p>La votaci\u00f3n se centr\u00f3 en la llamada cl\u00e1usula de &#8220;razonabilidad&#8221;, que limitar\u00e1 la capacidad de los jueces para anular las decisiones del Gobierno que consideren &#8220;irrazonables&#8221;, refiri\u00f3 la agencia de noticias AFP.&nbsp;Se trata de<strong> la primera cl\u00e1usula clave de la reforma en convertirse en ley.<\/strong> Otros cambios propuestos incluyen dar al gobierno mayor poder en el nombramiento de jueces.<\/p>\n<p>El presidente de Israel, Isaac Herzog, quien estuvo en negociaciones de \u00faltima hora para llegar a un compromiso entre la oposici\u00f3n y el Gobierno, calific\u00f3 la situaci\u00f3n como &#8220;una emergencia nacional&#8221;.<\/p>\n<p>La reforma defendida por el Gobierno de Netanyahu, quien lidera una coalici\u00f3n conformada por partidos de ultraderecha y ultraortodoxos, tiene por objeto aumentar el poder de los funcionarios elegidos sobre el de los magistrados.<\/p>\n<blockquote class><p>Las autoridades argumentan que necesitan frenar lo que consideran una extralimitaci\u00f3n judicial y que el cambio es necesario para garantizar un mejor equilibrio de poderes.<\/p><\/blockquote>\n<p>Los cr\u00edticos temen que la reforma judicial socave la democracia liberal de Israel al eliminar los controles y equilibrios sobre el Ejecutivo.<strong>&nbsp;El art\u00edfice de la reforma, el ministro de Justicia Yariv Levin,<\/strong> dijo que el Gobierno hab\u00eda elegido un enfoque &#8220;prudente&#8221;.<\/p>\n<p>&#8220;No anulamos la cl\u00e1usula de razonabilidad, sino que reducimos su uso para que las opiniones personales de un juez no se expresen a expensas de la voluntad del pueblo. No hay raz\u00f3n para temer esta enmienda&#8221;, argument\u00f3 ante los diputados.<\/p>\n<p>Por su parte, <strong>el ministro de Seguridad Nacional, Itamar Ben-Gvir,<\/strong> celebr\u00f3: &#8220;Esto es solo el comienzo. Para un Estado de Israel m\u00e1s jud\u00edo y m\u00e1s democr\u00e1tico, tenemos que aprobar el resto de la reforma en la parte superior de la cual est\u00e1 la composici\u00f3n del Comit\u00e9 de Selecci\u00f3n Judicial y el cambio de autoridad de los fiscales generales&#8221;, insisti\u00f3.<\/p>\n<p>Tras la votaci\u00f3n, <strong>el opositor Yair Lapid <\/strong>(centrista) dijo a la prensa: &#8220;Miro a la coalici\u00f3n celebrando y pregunto, <strong>\u00bfqu\u00e9 est\u00e1n celebrando? \u00bfEl hecho de que est\u00e1s rompiendo el Estado jud\u00edo que tenemos?&#8221;&nbsp;<\/strong>Lapid indic\u00f3 que el resultado de la votaci\u00f3n de hoy fue una &#8220;muestra de debilidad sin precedentes por parte de Netanyahu&#8221;, a quien consider\u00f3 no un primer ministro, sino &#8220;un t\u00edtere de una serie de extremistas mesi\u00e1nicos&#8221;.<\/p>\n<p>&#8220;En una democracia a veces se pierde y a veces se gana. Pero lo que pas\u00f3 aqu\u00ed hoy no est\u00e1 en el marco de la democracia. Es otra cosa. Esto es una completa violaci\u00f3n de las reglas del juego&#8221;, se\u00f1al\u00f3.<\/p>\n<p>Lapid junto con el resto de los diputados de la oposici\u00f3n alientan al Tribunal Superior a derogar la ley.&nbsp;&#8220;No nos daremos por vencidos. No nos rendiremos. <strong>No dejaremos que conviertan a Israel en un pa\u00eds roto y antidemocr\u00e1tico<\/strong>, gobernado por el odio y el extremismo&#8221;, asegur\u00f3.<\/p>\n<p>El domingo, <strong>el presidente Joe Biden<\/strong>, hab\u00eda instado a Israel, estrecho aliado de Estados Unidos, a no apresurar las &#8220;divisivas&#8221; reformas judiciales.<\/p>\n<p><strong>&#8220;No tiene sentido que los l\u00edderes israel\u00edes apresuren esto;<\/strong> el enfoque debe estar en unir a la gente y buscar consenso&#8221;, dijo en un comunicado difundido por la Casa Blanca.<\/p>\n<p>Por su parte,<strong> la jefa de la diplomacia de Alemania, Annalena Baerbock<\/strong>, destac\u00f3 la importancia de la &#8220;independencia de la justicia&#8221;, en una entrevista el fin de semana con su hom\u00f3logo israel\u00ed, seg\u00fan un vocero en Berl\u00edn.<\/p>\n<p>Los opositores acusan tambi\u00e9n a Netanyahu, quien est\u00e1 siendo juzgado por corrupci\u00f3n, de querer usar esta reforma para anular posibles juicios en su contra, lo que \u00e9l niega.<\/p>\n<h2 class>Cr\u00edticas de Estados Unidos<\/h2>\n<p>&nbsp;Estados Unidos critic\u00f3 el lunes al Gobierno de Israel despu\u00e9s de que logr\u00f3 aprobar la cl\u00e1usula clave de una reforma judicial que provoc\u00f3 meses de masivas protestas.<\/p>\n<p>El presidente Joe Biden &#8220;ha expresado en p\u00fablico y en privado su opini\u00f3n de que, para que perduren, los cambios importantes en una democracia deben tener un consenso lo m\u00e1s amplio posible&#8221;, dijo la Casa Blanca en un comunicado.<\/p>\n<p>&#8220;Es desafortunado que la votaci\u00f3n de hoy haya tenido lugar con la menor mayor\u00eda posible&#8221;.<\/p>\n<p>Por su parte, la jefa de la diplomacia de Alemania, Annalena Baerbock, destac\u00f3 la importancia de la &#8220;independencia de la justicia&#8221;, en una entrevista el fin de semana con su hom\u00f3logo israel\u00ed, seg\u00fan un vocero en Berl\u00edn.<\/p>\n<p>Los opositores acusan tambi\u00e9n a Netanyahu, quien est\u00e1 siendo juzgado por corrupci\u00f3n, de querer usar esta reforma para anular posibles juicios en su contra, lo que \u00e9l niega. <\/p>\n","protected":false},"excerpt":{"rendered":"<p>Netanyahu acudi\u00f3 a la Kn\u00e9set (Parlamento), luego de salir del hospital, donde le implantaron un marcapasos en una cirug\u00eda card\u00edaca de urgencia \/ Foto: AFP El Parlamento israel\u00ed aprob\u00f3 este lunes una cl\u00e1usula clave de la controvertida reforma judicial impulsada por la coalici\u00f3n del primer ministro Benjamin Netanyahu, que busca restringir las facultades de la [&hellip;]<\/p>\n","protected":false},"author":1,"featured_media":126070,"comment_status":"closed","ping_status":"closed","sticky":false,"template":"","format":"standard","meta":[],"categories":[24],"tags":[],"_links":{"self":[{"href":"http:\/\/cordobadirecto.com\/index.php\/wp-json\/wp\/v2\/posts\/126069"}],"collection":[{"href":"http:\/\/cordobadirecto.com\/index.php\/wp-json\/wp\/v2\/posts"}],"about":[{"href":"http:\/\/cordobadirecto.com\/index.php\/wp-json\/wp\/v2\/types\/post"}],"author":[{"embeddable":true,"href":"http:\/\/cordobadirecto.com\/index.php\/wp-json\/wp\/v2\/users\/1"}],"replies":[{"embeddable":true,"href":"http:\/\/cordobadirecto.com\/index.php\/wp-json\/wp\/v2\/comments?post=126069"}],"version-history":[{"count":0,"href":"http:\/\/cordobadirecto.com\/index.php\/wp-json\/wp\/v2\/posts\/126069\/revisions"}],"wp:featuredmedia":[{"embeddable":true,"href":"http:\/\/cordobadirecto.com\/index.php\/wp-json\/wp\/v2\/media\/126070"}],"wp:attachment":[{"href":"http:\/\/cordobadirecto.com\/index.php\/wp-json\/wp\/v2\/media?parent=126069"}],"wp:term":[{"taxonomy":"category","embeddable":true,"href":"http:\/\/cordobadirecto.com\/index.php\/wp-json\/wp\/v2\/categories?post=126069"},{"taxonomy":"post_tag","embeddable":true,"href":"http:\/\/cordobadirecto.com\/index.php\/wp-json\/wp\/v2\/tags?post=126069"}],"curies":[{"name":"wp","href":"https:\/\/api.w.org\/{rel}","templated":true}]}}