{"id":126139,"date":"2023-07-25T03:47:43","date_gmt":"2023-07-25T03:47:43","guid":{"rendered":"https:\/\/www.bbc.com\/mundo\/articles\/cjrlwpxwlnvo"},"modified":"2023-07-25T03:47:43","modified_gmt":"2023-07-25T03:47:43","slug":"igual-la-excepcion-iberica-era-eso-por-que-la-extrema-derecha-como-la-de-vox-pierde-apoyo-en-espana-mientras-gana-posiciones-en-europa","status":"publish","type":"post","link":"http:\/\/cordobadirecto.com\/index.php\/2023\/07\/25\/igual-la-excepcion-iberica-era-eso-por-que-la-extrema-derecha-como-la-de-vox-pierde-apoyo-en-espana-mientras-gana-posiciones-en-europa\/","title":{"rendered":"\u201cIgual la excepci\u00f3n ib\u00e9rica era eso\u201d: por qu\u00e9 la extrema derecha como la de Vox pierde apoyo en Espa\u00f1a mientras gana posiciones en Europa"},"content":{"rendered":"<div dir=\"ltr\" class=\"bbc-1ka88fa ebmt73l0\">\n<figure class=\"bbc-1qdcvv9 e1aczekt0\">\n<div dir=\"ltr\" class=\"bbc-172p16q ebmt73l0\">\n<div dir=\"ltr\" class=\"bbc-189y18v ebmt73l0\" readability=\"6.5\">\n<div data-e2e=\"image-placeholder\" class=\"bbc-997y1y eihqrxw0\" readability=\"8\"><img loading=\"lazy\" sizes=\"(min-width: 1008px) 760px, 100vw\" srcset=\"http:\/\/cordobadirecto.com\/wp-content\/uploads\/2023\/07\/igual-la-excepcion-iberica-era-eso-por-que-la-extrema-derecha-como-la-de-vox-pierde-apoyo-en-espana-mientras-gana-posiciones-en-europa-5.jpg 240w, http:\/\/cordobadirecto.com\/wp-content\/uploads\/2023\/07\/igual-la-excepcion-iberica-era-eso-por-que-la-extrema-derecha-como-la-de-vox-pierde-apoyo-en-espana-mientras-gana-posiciones-en-europa-6.jpg 320w, http:\/\/cordobadirecto.com\/wp-content\/uploads\/2023\/07\/igual-la-excepcion-iberica-era-eso-por-que-la-extrema-derecha-como-la-de-vox-pierde-apoyo-en-espana-mientras-gana-posiciones-en-europa-7.jpg 480w, http:\/\/cordobadirecto.com\/wp-content\/uploads\/2023\/07\/igual-la-excepcion-iberica-era-eso-por-que-la-extrema-derecha-como-la-de-vox-pierde-apoyo-en-espana-mientras-gana-posiciones-en-europa-8.jpg 624w, http:\/\/cordobadirecto.com\/wp-content\/uploads\/2023\/07\/igual-la-excepcion-iberica-era-eso-por-que-la-extrema-derecha-como-la-de-vox-pierde-apoyo-en-espana-mientras-gana-posiciones-en-europa-9.jpg 800w\" src=\"http:\/\/cordobadirecto.com\/wp-content\/uploads\/2023\/07\/igual-la-excepcion-iberica-era-eso-por-que-la-extrema-derecha-como-la-de-vox-pierde-apoyo-en-espana-mientras-gana-posiciones-en-europa.jpg\" alt=\"Vox perdi\u00f3 19 esca\u00f1os y m\u00e1s de 600.000 votos en estas elecciones.\" width=\"1014\" height=\"570\" class=\"e3vrtyk0 bbc-rb7xa0 e1mo64ex0\"><\/p>\n<p role=\"text\" class=\"bbc-1s1cxbv ewbcsnk0\"><span class=\"bbc-m04vo2\">Fuente de la imagen, <\/span><span lang=\"en-GB\">Getty Images<\/span><\/p>\n<\/div>\n<\/div>\n<div dir=\"ltr\" class=\"bbc-3edg7g ebmt73l0\" readability=\"6\"><figcaption dir=\"ltr\" class=\"bbc-rhuvwm e6i104o0\" readability=\"2\"><span class=\"bbc-m04vo2\">Pie de foto, <\/span><\/p>\n<p>Vox perdi\u00f3 19 esca\u00f1os y m\u00e1s de 600.000 votos en estas elecciones.<\/p>\n<\/figcaption><\/div>\n<\/div>\n<\/figure>\n<\/div>\n<section role=\"region\" aria-labelledby=\"article-byline\" class=\"bbc-1vjaf6b\"><strong id=\"article-byline\" aria-hidden=\"true\" class=\"bbc-m04vo2\">Article information<\/strong><\/section>\n<div dir=\"ltr\" class=\"bbc-19j92fr ebmt73l0\" readability=\"10\">\n<p dir=\"ltr\" class=\"bbc-hhl7in e17g058b0\"><b>El resultado electoral de los comicios generales de este domingo en Espa\u00f1a supuso un freno al avance de la ultraderecha en el pa\u00eds con una clara ca\u00edda del apoyo a Vox, rompiendo as\u00ed una racha de \u00e9xitos de la extrema derecha en Europa. <\/b><\/p>\n<\/div>\n<div dir=\"ltr\" class=\"bbc-19j92fr ebmt73l0\" readability=\"9\">\n<p dir=\"ltr\" class=\"bbc-hhl7in e17g058b0\">Vox perdi\u00f3 19 esca\u00f1os y m\u00e1s de 600.000 votos en estas elecciones, en las que el conservador Partido Popular (PP) fue el m\u00e1s votado. <\/p>\n<\/div>\n<div dir=\"ltr\" class=\"bbc-19j92fr ebmt73l0\" readability=\"13\">\n<p dir=\"ltr\" class=\"bbc-hhl7in e17g058b0\">El partido de ultraderecha espa\u00f1ol baj\u00f3 de los 52 diputados obtenidos en 2019 hasta los 33, dejando patente que la f\u00f3rmula de presentarse como un partido antinmigraci\u00f3n, negacionista del cambio clim\u00e1tico y de la violencia de g\u00e9nero, y contrario a colectivos como el LGBTI no gust\u00f3 a muchos votantes.<\/p>\n<\/div>\n<div dir=\"ltr\" class=\"bbc-19j92fr ebmt73l0\" readability=\"14\">\n<p dir=\"ltr\" class=\"bbc-hhl7in e17g058b0\"><b>Los pactos de gobierno a nivel local y regional tambi\u00e9n pasaron factura al partido liderado por Santiago Abascal.<\/b> Los ciudadanos vieron c\u00f3mo en algunos lugares donde gobierna Vox en coalici\u00f3n con el conservador Partido Popular (PP) se prohib\u00edan banderas LGBTI, se censuraban obras de teatro, se cerraban carriles bici y se eliminaban consejer\u00edas de Igualdad, entre otras medidas, y se hicieron una idea de c\u00f3mo ser\u00eda un gobierno a nivel nacional.<\/p>\n<\/div>\n<div dir=\"ltr\" class=\"bbc-19j92fr ebmt73l0\" readability=\"12\">\n<p dir=\"ltr\" class=\"bbc-hhl7in e17g058b0\">As\u00ed, parece que los votantes conservadores y los contrarios al gobierno de izquierdas de Pedro S\u00e1nchez que quer\u00edan un cambio se decantaron por un voto \u00fatil por el PP. Por otro lado, el electorado de izquierdas que dudaba si votar decidi\u00f3 a hacerlo ante la perspectiva de un gobierno de coalici\u00f3n de PP con Vox.<\/p>\n<\/div>\n<p><h2 id=\"La-ultraderecha-estaba-sobrerrepresentada\" tabindex=\"-1\" class=\"bbc-1f03ibc eglt09e0\">La ultraderecha estaba sobrerrepresentada<\/h2>\n<\/p>\n<div dir=\"ltr\" class=\"bbc-19j92fr ebmt73l0\" readability=\"15\">\n<p dir=\"ltr\" class=\"bbc-hhl7in e17g058b0\">Con poco m\u00e1s de tres millones de votos, que suponen un 12,39% del total, <b>Vox sigue siendo a pesar de la ca\u00edda de apoyo el tercer partido m\u00e1s votado en Espa\u00f1a<\/b>, ligeramente por delante de la recientemente creada coalici\u00f3n de izquierdas Sumar, que obtuvo 31 esca\u00f1os con un 12,31% de los votos.<\/p>\n<\/div>\n<div dir=\"ltr\" class=\"bbc-19j92fr ebmt73l0\" readability=\"9\">\n<p dir=\"ltr\" class=\"bbc-hhl7in e17g058b0\">Mientras muchos medios hablan de fracaso de la extrema derecha en Espa\u00f1a, polit\u00f3logos consultados por BBC Mundo explican que Vox simplemente ha vuelto a tener el apoyo que realmente lo representa.<\/p>\n<\/div>\n<div dir=\"ltr\" class=\"bbc-19j92fr ebmt73l0\" readability=\"15\">\n<p dir=\"ltr\" class=\"bbc-hhl7in e17g058b0\">\u201cLa situaci\u00f3n que se da ahora mismo con Vox se ve como algo excepcional, pero creo que lo excepcional era la situaci\u00f3n de la que ven\u00edamos. <b>Los 52 esca\u00f1os que ten\u00eda Vox en el Parlamento eran resultado de las elecciones de noviembre de 2019, que fueron una repetici\u00f3n electoral<\/b>\u201d, explica Rosa Navarrete, profesora de Ciencias Pol\u00edticas de la Universidad del Sarre (Alemania), sobre unas elecciones que tuvieron que repetirse ante la imposibilidad de Pedro S\u00e1nchez de formar gobierno entonces. <\/p>\n<\/div>\n<div dir=\"ltr\" class=\"bbc-1ka88fa ebmt73l0\">\n<figure class=\"bbc-1qdcvv9 e1aczekt0\">\n<div dir=\"ltr\" class=\"bbc-172p16q ebmt73l0\">\n<div dir=\"ltr\" class=\"bbc-189y18v ebmt73l0\" readability=\"6.5\">\n<div data-e2e=\"image-placeholder\" class=\"bbc-997y1y eihqrxw0\" readability=\"8\"><noscript><img loading=\"lazy\" sizes=\"(min-width: 1008px) 760px, 100vw\" srcset=\"http:\/\/cordobadirecto.com\/wp-content\/uploads\/2023\/07\/igual-la-excepcion-iberica-era-eso-por-que-la-extrema-derecha-como-la-de-vox-pierde-apoyo-en-espana-mientras-gana-posiciones-en-europa-10.jpg 240w, http:\/\/cordobadirecto.com\/wp-content\/uploads\/2023\/07\/igual-la-excepcion-iberica-era-eso-por-que-la-extrema-derecha-como-la-de-vox-pierde-apoyo-en-espana-mientras-gana-posiciones-en-europa-11.jpg 320w, http:\/\/cordobadirecto.com\/wp-content\/uploads\/2023\/07\/igual-la-excepcion-iberica-era-eso-por-que-la-extrema-derecha-como-la-de-vox-pierde-apoyo-en-espana-mientras-gana-posiciones-en-europa-12.jpg 480w, http:\/\/cordobadirecto.com\/wp-content\/uploads\/2023\/07\/igual-la-excepcion-iberica-era-eso-por-que-la-extrema-derecha-como-la-de-vox-pierde-apoyo-en-espana-mientras-gana-posiciones-en-europa-13.jpg 624w, http:\/\/cordobadirecto.com\/wp-content\/uploads\/2023\/07\/igual-la-excepcion-iberica-era-eso-por-que-la-extrema-derecha-como-la-de-vox-pierde-apoyo-en-espana-mientras-gana-posiciones-en-europa-14.jpg 800w\" src=\"http:\/\/cordobadirecto.com\/wp-content\/uploads\/2023\/07\/igual-la-excepcion-iberica-era-eso-por-que-la-extrema-derecha-como-la-de-vox-pierde-apoyo-en-espana-mientras-gana-posiciones-en-europa-1.jpg\" alt=\"Santiago Abascal\" width=\"1017\" height=\"572\" class=\"e3vrtyk0 bbc-rb7xa0 e1mo64ex0\"><\/noscript><\/p>\n<p role=\"text\" class=\"bbc-1s1cxbv ewbcsnk0\"><span class=\"bbc-m04vo2\">Fuente de la imagen, <\/span><span lang=\"en-GB\">Getty Images<\/span><\/p>\n<\/div>\n<\/div>\n<div dir=\"ltr\" class=\"bbc-3edg7g ebmt73l0\" readability=\"6.5\"><figcaption dir=\"ltr\" class=\"bbc-rhuvwm e6i104o0\" readability=\"3\"><span class=\"bbc-m04vo2\">Pie de foto, <\/span><\/p>\n<p>Los pactos de gobierno a nivel auton\u00f3mico pasaron factura al partido liderado por Santiago Abascal.<\/p>\n<\/figcaption><\/div>\n<\/div>\n<\/figure>\n<\/div>\n<div dir=\"ltr\" class=\"bbc-19j92fr ebmt73l0\" readability=\"10\">\n<p dir=\"ltr\" class=\"bbc-hhl7in e17g058b0\"><b>\u201cNo se trata de un descalabro. Ser tercera fuerza pol\u00edtica siendo un partido de extrema derecha es algo significativo. <\/b>Pero s\u00ed que es verdad que ten\u00edan expectativas muy altas\u201d, reconoce a BBC Mundo. <\/p>\n<\/div>\n<div dir=\"ltr\" class=\"bbc-19j92fr ebmt73l0\" readability=\"11\">\n<p dir=\"ltr\" class=\"bbc-hhl7in e17g058b0\">De la misma manera lo ve Cristina Monge, polit\u00f3loga y profesora de la Universidad de Zaragoza. \u201cYo m\u00e1s que pensar que la ultraderecha se ha desplomado, lo que creo es que en 2019 estaba sobrerrepresentada\u201d. <\/p>\n<\/div>\n<div dir=\"ltr\" class=\"bbc-19j92fr ebmt73l0\" readability=\"16\">\n<p dir=\"ltr\" class=\"bbc-hhl7in e17g058b0\">\u201cAquel fue un momento de repetici\u00f3n electoral, la gente estaba muy enfadada porque hab\u00edan sido incapaces de formar gobierno y hab\u00eda que volver a votar. Adem\u00e1s, <b>Catalu\u00f1a estaba en un momento muy convulso, con las calles ardiendo, y esto coloc\u00f3 a Vox como tercera fuerza, con 52 diputados\u201d<\/b>, le recuerda a BBC Mundo. <\/p>\n<\/div>\n<div dir=\"ltr\" class=\"bbc-19j92fr ebmt73l0\" readability=\"11\">\n<p dir=\"ltr\" class=\"bbc-hhl7in e17g058b0\">\u201cEso no le quita gravedad al asunto de que sigan siendo una fuerza muy relevante y que efectivamente ocupan un espacio. Lo que pasa es que la dimensi\u00f3n es absolutamente distinta\u201d, agrega sobre un partido al que muchos sondeos daban una mayor fuerza y la posibilidad de entrar en el gobierno de la mano de PP.<\/p>\n<\/div>\n<div dir=\"ltr\" class=\"bbc-19j92fr ebmt73l0\" readability=\"13\">\n<p dir=\"ltr\" class=\"bbc-hhl7in e17g058b0\"><b>\u201cYo creo que este es su techo. Un 13-14% de los votos. No creo que vaya a ir mucho m\u00e1s all\u00e1 a no ser que ocurriera alguna crisis\u201d<\/b>, analiza por su parte \u00d3scar Mart\u00ednez Tapia, profesor de la Universidad IE, en Espa\u00f1a, en conversaci\u00f3n con BBC Mundo. <\/p>\n<\/div>\n<div dir=\"ltr\" class=\"bbc-19j92fr ebmt73l0\" readability=\"11\">\n<p dir=\"ltr\" class=\"bbc-hhl7in e17g058b0\">\u201cEn 2019 hubo un efecto rechazo de Catalu\u00f1a, pero una vez pasada la resaca de Catalu\u00f1a hay mucho votante moderado que vuelve al PP. No se queda en Vox\u201d, recuerda sobre el refer\u00e9ndum de independencia de Catalu\u00f1a organizado en 2017 que desat\u00f3 una grave crisis pol\u00edtica en el pa\u00eds. <\/p>\n<\/div>\n<p><h2 id=\"Descontento-con-las-medidas-tomadas-a-nivel-regional\" tabindex=\"-1\" class=\"bbc-1f03ibc eglt09e0\">Descontento con las medidas tomadas a nivel regional<\/h2>\n<\/p>\n<div dir=\"ltr\" class=\"bbc-19j92fr ebmt73l0\" readability=\"11\">\n<p dir=\"ltr\" class=\"bbc-hhl7in e17g058b0\">En las semanas y meses previos a la votaci\u00f3n del domingo, el PP y Vox proporcionaron ejemplos de la vida real de c\u00f3mo gobiernan en coalici\u00f3n a nivel local y regional. A muchos votantes no les gust\u00f3 lo que vieron, se\u00f1alan los polit\u00f3logos.<\/p>\n<\/div>\n<div dir=\"ltr\" class=\"bbc-19j92fr ebmt73l0\" readability=\"11\">\n<p dir=\"ltr\" class=\"bbc-hhl7in e17g058b0\">Como resultado de esto, <b>el PP no gan\u00f3 tantos esca\u00f1os en el Parlamento como se esperaba y Vox perdi\u00f3 un tercio de sus apoyos en las urnas<\/b>, dejando al bloque de derecha sin mayor\u00eda para formar gobierno. <\/p>\n<\/div>\n<div dir=\"ltr\" class=\"bbc-19j92fr ebmt73l0\" readability=\"11\">\n<p dir=\"ltr\" class=\"bbc-hhl7in e17g058b0\">S\u00e1nchez y su aliado de izquierda, Sumar, tambi\u00e9n se quedaron cortos, pero a\u00fan podr\u00edan gobernar con el apoyo de los partidos vascos y catalanes.<\/p>\n<\/div>\n<div dir=\"ltr\" class=\"bbc-19j92fr ebmt73l0\" readability=\"14\">\n<p dir=\"ltr\" class=\"bbc-hhl7in e17g058b0\">\u201cHay un cierto desgaste por lo que Vox ha hecho una vez ha llegado al poder. Aqu\u00ed hay dos comunidades aut\u00f3nomas donde este desgaste se ve mucho. La primera es Castilla y Le\u00f3n, donde se ha cuestionado mucho su gesti\u00f3n de la tuberculosis bovina, y la segunda es Murcia, donde Vox ha pedido m\u00e1s de lo que a mucha gente le ha parecido razonable\u201d, reflexiona la polit\u00f3loga Berta Barbet. <\/p>\n<\/div>\n<div dir=\"ltr\" class=\"bbc-19j92fr ebmt73l0\" readability=\"11\">\n<p dir=\"ltr\" class=\"bbc-hhl7in e17g058b0\">\u201cHay una segunda parte del castigo que seguramente sale de un voto \u00fatil para echar a S\u00e1nchez que implica que el voto de derecha se ha coordinado alrededor de la figura de Alberto N\u00fa\u00f1ez Feij\u00f3o (l\u00edder del PP)\u201d, apunta a BBC Mundo. \u201c<b>Vox no ha sabido desmarcarse lo suficiente del PP. No ha sabido decirles a sus votantes qu\u00e9 le hace distinto del PP\u201d<\/b>.<\/p>\n<\/div>\n<div dir=\"ltr\" class=\"bbc-19j92fr ebmt73l0\" readability=\"13\">\n<p dir=\"ltr\" class=\"bbc-hhl7in e17g058b0\">Esto ha llevado al PP a obtener 136 esca\u00f1os, que suponen 47 m\u00e1s en el Congreso de los obtenidos en 2019, con un 33,05% de los votos, por delante de los 122 obtenidos por el PSOE (2 m\u00e1s que en 2019). <\/p>\n<\/div>\n<div dir=\"ltr\" class=\"bbc-19j92fr ebmt73l0\" readability=\"12\">\n<p dir=\"ltr\" class=\"bbc-hhl7in e17g058b0\">\u201cParte del \u00e9xito del PP es que ha sido visto como el partido \u00fatil para aquellos que quer\u00edan una alternativa al gobierno de Pedro S\u00e1nchez, a lo que hay que sumar que PP y Vox hicieron campa\u00f1a por separado y b\u00e1sicamente no se distingu\u00edan\u201d, coincide Navarrete. \u201cUn votante de derechas solo apreciaba algunas diferencias en cuanto a feminismo e inmigraci\u00f3n\u201d.<\/p>\n<\/div>\n<div dir=\"ltr\" class=\"bbc-19j92fr ebmt73l0\" readability=\"10\">\n<p dir=\"ltr\" class=\"bbc-hhl7in e17g058b0\">\u201cAdem\u00e1s, el problema que tiene la extrema derecha es que una vez que tocan gobierno empiezan a verse sus costuras y eso es lo que ha pasado tambi\u00e9n con Vox\u201d, declara.<\/p>\n<\/div>\n<div dir=\"ltr\" class=\"bbc-1ka88fa ebmt73l0\">\n<figure class=\"bbc-1qdcvv9 e1aczekt0\">\n<div dir=\"ltr\" class=\"bbc-172p16q ebmt73l0\">\n<div dir=\"ltr\" class=\"bbc-189y18v ebmt73l0\" readability=\"6.5\">\n<div data-e2e=\"image-placeholder\" class=\"bbc-997y1y eihqrxw0\" readability=\"8\"><noscript><img loading=\"lazy\" sizes=\"(min-width: 1008px) 760px, 100vw\" srcset=\"http:\/\/cordobadirecto.com\/wp-content\/uploads\/2023\/07\/igual-la-excepcion-iberica-era-eso-por-que-la-extrema-derecha-como-la-de-vox-pierde-apoyo-en-espana-mientras-gana-posiciones-en-europa-15.jpg 240w, http:\/\/cordobadirecto.com\/wp-content\/uploads\/2023\/07\/igual-la-excepcion-iberica-era-eso-por-que-la-extrema-derecha-como-la-de-vox-pierde-apoyo-en-espana-mientras-gana-posiciones-en-europa-16.jpg 320w, http:\/\/cordobadirecto.com\/wp-content\/uploads\/2023\/07\/igual-la-excepcion-iberica-era-eso-por-que-la-extrema-derecha-como-la-de-vox-pierde-apoyo-en-espana-mientras-gana-posiciones-en-europa-17.jpg 480w, http:\/\/cordobadirecto.com\/wp-content\/uploads\/2023\/07\/igual-la-excepcion-iberica-era-eso-por-que-la-extrema-derecha-como-la-de-vox-pierde-apoyo-en-espana-mientras-gana-posiciones-en-europa-18.jpg 624w, http:\/\/cordobadirecto.com\/wp-content\/uploads\/2023\/07\/igual-la-excepcion-iberica-era-eso-por-que-la-extrema-derecha-como-la-de-vox-pierde-apoyo-en-espana-mientras-gana-posiciones-en-europa-19.jpg 800w\" src=\"http:\/\/cordobadirecto.com\/wp-content\/uploads\/2023\/07\/igual-la-excepcion-iberica-era-eso-por-que-la-extrema-derecha-como-la-de-vox-pierde-apoyo-en-espana-mientras-gana-posiciones-en-europa-2.jpg\" alt=\"Alberto N\u00fa\u00f1ez Feij\u00f3o\" width=\"1017\" height=\"572\" class=\"e3vrtyk0 bbc-rb7xa0 e1mo64ex0\"><\/noscript><\/p>\n<p role=\"text\" class=\"bbc-1s1cxbv ewbcsnk0\"><span class=\"bbc-m04vo2\">Fuente de la imagen, <\/span><span lang=\"en-GB\">Getty Images<\/span><\/p>\n<\/div>\n<\/div>\n<div dir=\"ltr\" class=\"bbc-3edg7g ebmt73l0\" readability=\"6.5\"><figcaption dir=\"ltr\" class=\"bbc-rhuvwm e6i104o0\" readability=\"3\"><span class=\"bbc-m04vo2\">Pie de foto, <\/span><\/p>\n<p>Alberto N\u00fa\u00f1ez Feij\u00f3o lidera el PP, que capitaliz\u00f3 la mayor\u00eda de los votos de la derecha. <\/p>\n<\/figcaption><\/div>\n<\/div>\n<\/figure>\n<\/div>\n<p><h2 id=\"Excepcionalidad-ib\u00e9rica\" tabindex=\"-1\" class=\"bbc-1f03ibc eglt09e0\">\u201cExcepcionalidad ib\u00e9rica\u201d<\/h2>\n<\/p>\n<div dir=\"ltr\" class=\"bbc-19j92fr ebmt73l0\" readability=\"13\">\n<p dir=\"ltr\" class=\"bbc-hhl7in e17g058b0\"><b>La ca\u00edda de Vox fren\u00f3 el avance de la extrema derecha en Europa,<\/b> donde los ultraconservadores lideran los gobiernos de Italia, Polonia, Hungr\u00eda o Rep\u00fablica Checa y tienen un peso enorme en Finlandia (con carteras del gobierno muy importantes) y Suecia (como apoyo parlamentario al actual Ejecutivo conservador).<\/p>\n<\/div>\n<div dir=\"ltr\" class=\"bbc-19j92fr ebmt73l0\" readability=\"12\">\n<p dir=\"ltr\" class=\"bbc-hhl7in e17g058b0\"><b>\u201cLo que podemos decir es que la extrema derecha, en su mejor momento en casi toda Europa, en Espa\u00f1a pierde votos y esca\u00f1os\u201d<\/b>, escribi\u00f3 en Twitter el famoso periodista y presentador espa\u00f1ol Jordi \u00c9vole. <\/p>\n<\/div>\n<div dir=\"ltr\" class=\"bbc-19j92fr ebmt73l0\" readability=\"15\">\n<p dir=\"ltr\" class=\"bbc-hhl7in e17g058b0\">\u201cIgual era eso la excepci\u00f3n ib\u00e9rica\u201d, coment\u00f3, aludiendo as\u00ed a la medida que pusieron en marcha Espa\u00f1a y Portugal hace unos meses para limitar el precio del gas y rebajar el de la factura de la luz. \u201cHoy, m\u00e1s que nunca, viva Espa\u00f1a\u201d, agreg\u00f3 usando la arenga habitual de Santiago Abascal en un tuit que se viraliz\u00f3 en cuesti\u00f3n de minutos. <\/p>\n<\/div>\n<div dir=\"ltr\" class=\"bbc-19j92fr ebmt73l0\" readability=\"12\">\n<p dir=\"ltr\" class=\"bbc-hhl7in e17g058b0\">La extrema derecha europea ha prosperado durante mucho tiempo avivando el rechazo a la inmigraci\u00f3n y al islam. Ahora tambi\u00e9n se alimenta del resentimiento de algunos votantes que creen que los gobiernos les piden demasiados sacrificios en la batalla contra el cambio clim\u00e1tico, como sucede en Alemania, donde los sondeos sit\u00faan incluso a la ultraderechista Alternativa para Alemania (AfD) como segunda fuerza por delante de los socialdem\u00f3cratas. Pero este mensaje no termina de funcionar en Espa\u00f1a. <\/p>\n<\/div>\n<div dir=\"ltr\" class=\"bbc-19j92fr ebmt73l0\" readability=\"16\">\n<p dir=\"ltr\" class=\"bbc-hhl7in e17g058b0\">\u201cLa memoria de la dictadura todav\u00eda pasa un poco de factura\u201d, explica \u00d3scar Mart\u00ednez Tapia. \u201cAdem\u00e1s, en Espa\u00f1a somos orgullosamente l\u00edderes en derechos de las minor\u00edas trans, LGTB&#8230; en el feminismo tambi\u00e9n hemos dado pasos importantes y negar todo esto de repente, aunque la gente est\u00e9 muy enfadada, creo que le ha pasado factura a Vox, a lo que se suma que ha llevado a cabo una campa\u00f1a muy dura\u201d. <\/p>\n<\/div>\n<div dir=\"ltr\" class=\"bbc-19j92fr ebmt73l0\" readability=\"9\">\n<p dir=\"ltr\" class=\"bbc-hhl7in e17g058b0\">En su opini\u00f3n, <b>las posturas negacionistas al estilo estadounidense en cuestiones como el cambio clim\u00e1tico son algo que \u201cno termina de llegar al electorado espa\u00f1ol\u201d. <\/b><\/p>\n<\/div>\n<div dir=\"ltr\" class=\"bbc-19j92fr ebmt73l0\" readability=\"12\">\n<p dir=\"ltr\" class=\"bbc-hhl7in e17g058b0\">Los analistas en Europa hab\u00edan descrito estas elecciones como un bar\u00f3metro de la actitud cambiante de los europeos hacia la extrema derecha, como qued\u00f3 patente en el discurso de la primera ministra de Italia, Giorgia Meloni, en un mitin de Vox en Valencia.<\/p>\n<\/div>\n<div dir=\"ltr\" class=\"bbc-19j92fr ebmt73l0\" readability=\"14\">\n<p dir=\"ltr\" class=\"bbc-hhl7in e17g058b0\">Se\u00f1alando a los gobiernos de Italia, Finlandia, Suecia, Polonia y Rep\u00fablica Checa, Meloni argument\u00f3 que hab\u00eda llegado el momento de los \u201cpatriotas\u201d. Sin embargo, este apoyo de Meloni no jug\u00f3 a favor de Vox.<\/p>\n<\/div>\n<div dir=\"ltr\" class=\"bbc-19j92fr ebmt73l0\" readability=\"10\">\n<p dir=\"ltr\" class=\"bbc-hhl7in e17g058b0\">\u201cCreo que al intentar internacionalizarse perdieron esa parte genuina espa\u00f1ola ib\u00e9rica que llevan tan por bandera. Recibieron a Meloni y parece que el proceso de internacionalizaci\u00f3n les equipar\u00f3 con los malos de Europa\u201d, explica Mart\u00ednez Tapias. <\/p>\n<\/div>\n<div dir=\"ltr\" class=\"bbc-1ka88fa ebmt73l0\">\n<figure class=\"bbc-1qdcvv9 e1aczekt0\">\n<div dir=\"ltr\" class=\"bbc-172p16q ebmt73l0\">\n<div dir=\"ltr\" class=\"bbc-189y18v ebmt73l0\" readability=\"6.5\">\n<div data-e2e=\"image-placeholder\" class=\"bbc-997y1y eihqrxw0\" readability=\"8\"><noscript><img loading=\"lazy\" sizes=\"(min-width: 1008px) 760px, 100vw\" srcset=\"http:\/\/cordobadirecto.com\/wp-content\/uploads\/2023\/07\/igual-la-excepcion-iberica-era-eso-por-que-la-extrema-derecha-como-la-de-vox-pierde-apoyo-en-espana-mientras-gana-posiciones-en-europa-20.jpg 240w, http:\/\/cordobadirecto.com\/wp-content\/uploads\/2023\/07\/igual-la-excepcion-iberica-era-eso-por-que-la-extrema-derecha-como-la-de-vox-pierde-apoyo-en-espana-mientras-gana-posiciones-en-europa-21.jpg 320w, http:\/\/cordobadirecto.com\/wp-content\/uploads\/2023\/07\/igual-la-excepcion-iberica-era-eso-por-que-la-extrema-derecha-como-la-de-vox-pierde-apoyo-en-espana-mientras-gana-posiciones-en-europa-22.jpg 480w, http:\/\/cordobadirecto.com\/wp-content\/uploads\/2023\/07\/igual-la-excepcion-iberica-era-eso-por-que-la-extrema-derecha-como-la-de-vox-pierde-apoyo-en-espana-mientras-gana-posiciones-en-europa-23.jpg 624w, http:\/\/cordobadirecto.com\/wp-content\/uploads\/2023\/07\/igual-la-excepcion-iberica-era-eso-por-que-la-extrema-derecha-como-la-de-vox-pierde-apoyo-en-espana-mientras-gana-posiciones-en-europa-24.jpg 800w\" src=\"http:\/\/cordobadirecto.com\/wp-content\/uploads\/2023\/07\/igual-la-excepcion-iberica-era-eso-por-que-la-extrema-derecha-como-la-de-vox-pierde-apoyo-en-espana-mientras-gana-posiciones-en-europa-3.jpg\" alt=\"La ca\u00edda de Vox representa un freno al avance de la extrema derecha en Europa.\" width=\"978\" height=\"550\" class=\"e3vrtyk0 bbc-rb7xa0 e1mo64ex0\"><\/noscript><\/p>\n<p role=\"text\" class=\"bbc-1s1cxbv ewbcsnk0\"><span class=\"bbc-m04vo2\">Fuente de la imagen, <\/span><span lang=\"en-GB\">Getty Images<\/span><\/p>\n<\/div>\n<\/div>\n<div dir=\"ltr\" class=\"bbc-3edg7g ebmt73l0\" readability=\"6\"><figcaption dir=\"ltr\" class=\"bbc-rhuvwm e6i104o0\" readability=\"2\"><span class=\"bbc-m04vo2\">Pie de foto, <\/span><\/p>\n<p>La ca\u00edda de Vox representa un freno al avance de la extrema derecha en Europa.<\/p>\n<\/figcaption><\/div>\n<\/div>\n<\/figure>\n<\/div>\n<p><h2 id=\"Qu\u00e9-puede-aprender-Europa-de-Espa\u00f1a\" tabindex=\"-1\" class=\"bbc-1f03ibc eglt09e0\">Qu\u00e9 puede aprender Europa de Espa\u00f1a<\/h2>\n<\/p>\n<div dir=\"ltr\" class=\"bbc-19j92fr ebmt73l0\" readability=\"13\">\n<p dir=\"ltr\" class=\"bbc-hhl7in e17g058b0\">Si hay algo que se puede extraer de la ca\u00edda de apoyo de Vox en Espa\u00f1a es, seg\u00fan Navarrete, <b>la importancia de centrarse en aplicar pol\u00edticas que \u201ctengan un impacto real en la vida de la gente\u201d <\/b>en contraposici\u00f3n a las ideas simb\u00f3licas que mueven normalmente a la ultraderecha, cuyo programa econ\u00f3mico suele ser \u201cbastante d\u00e9bil\u201d. <\/p>\n<\/div>\n<div dir=\"ltr\" class=\"bbc-19j92fr ebmt73l0\" readability=\"12\">\n<p dir=\"ltr\" class=\"bbc-hhl7in e17g058b0\">\u201cCreo que cuando los partidos mayoritarios se centran en las pol\u00edticas m\u00e1s materiales, en las pol\u00edticas que afectan realmente a la vida de las personas y no caen en discusiones sobre lo simb\u00f3lico, tienen alguna oportunidad frente a la extrema derecha\u201d, analiza. <\/p>\n<\/div>\n<div dir=\"ltr\" class=\"bbc-19j92fr ebmt73l0\" readability=\"13\">\n<p dir=\"ltr\" class=\"bbc-hhl7in e17g058b0\">Al mismo tiempo, se\u00f1ala que es importante que los partidos conservadores no adopten parte del discurso de la extrema derecha, y recuerda un art\u00edculo acad\u00e9mico que sali\u00f3 hace poco que dec\u00eda que <b>\u201cel \u00e9xito de la extrema derecha est\u00e1 relacionado con partidos conservadores comprando parte del discurso usado por la extrema derecha\u201d,<\/b> algo que no funciona ya que \u201cla gente en esa situaci\u00f3n suele comprar al original\u201d. <\/p>\n<\/div>\n<div dir=\"ltr\" class=\"bbc-19j92fr ebmt73l0\" readability=\"10\">\n<p dir=\"ltr\" class=\"bbc-hhl7in e17g058b0\">Mientras, Mart\u00ednez Tapias va m\u00e1s all\u00e1 y cree que en el resto de Europa tomar\u00e1n buena nota de lo sucedido en Espa\u00f1a. \u201cVan a intentar clonar a Pedro S\u00e1nchez. Su olfato pol\u00edtico es incre\u00edble\u201d. <\/p>\n<\/div>\n<div dir=\"ltr\" class=\"bbc-19j92fr ebmt73l0\" readability=\"11\">\n<p dir=\"ltr\" class=\"bbc-hhl7in e17g058b0\">\u201cPor supuesto que en Europa est\u00e1n mirando a Espa\u00f1a y hay mucha gente ahora mismo resoplando diciendo &#8216;menos mal que no ha ca\u00eddo otra ficha de domin\u00f3&#8217;, porque Espa\u00f1a seguramente sujete a Portugal\u201d, afirma. <\/p>\n<\/div>\n<div dir=\"ltr\" class=\"bbc-19j92fr ebmt73l0\" readability=\"14\">\n<p dir=\"ltr\" class=\"bbc-hhl7in e17g058b0\">En su opini\u00f3n, Espa\u00f1a seguramente generar\u00e1 dudas en el gobierno de Meloni, aunque en el caso de Alemania reconoce que ser\u00e1 m\u00e1s complicado porque se juntan condiciones que califica \u201ccomo la tormenta perfecta: unos ecologistas muy fuertes, dando muy malas noticias y unos n\u00fameros en Alemania del este de desempleo y de inflaci\u00f3n muy altos, que atraen ese voto de descontento y de anti clase pol\u00edtica\u201d.<\/p>\n<\/div>\n<div dir=\"ltr\" class=\"bbc-1ka88fa ebmt73l0\">\n<figure class=\"bbc-1qdcvv9 e1aczekt0\">\n<div dir=\"ltr\" class=\"bbc-172p16q ebmt73l0\">\n<div dir=\"ltr\" class=\"bbc-189y18v ebmt73l0\">\n<div data-e2e=\"image-placeholder\" class=\"bbc-997y1y eihqrxw0\"><noscript><img loading=\"lazy\" sizes=\"(min-width: 1008px) 760px, 100vw\" srcset=\"http:\/\/cordobadirecto.com\/wp-content\/uploads\/2023\/07\/igual-la-excepcion-iberica-era-eso-por-que-la-extrema-derecha-como-la-de-vox-pierde-apoyo-en-espana-mientras-gana-posiciones-en-europa-25.jpg 240w, http:\/\/cordobadirecto.com\/wp-content\/uploads\/2023\/07\/igual-la-excepcion-iberica-era-eso-por-que-la-extrema-derecha-como-la-de-vox-pierde-apoyo-en-espana-mientras-gana-posiciones-en-europa-26.jpg 320w, http:\/\/cordobadirecto.com\/wp-content\/uploads\/2023\/07\/igual-la-excepcion-iberica-era-eso-por-que-la-extrema-derecha-como-la-de-vox-pierde-apoyo-en-espana-mientras-gana-posiciones-en-europa-27.jpg 464w\" src=\"http:\/\/cordobadirecto.com\/wp-content\/uploads\/2023\/07\/igual-la-excepcion-iberica-era-eso-por-que-la-extrema-derecha-como-la-de-vox-pierde-apoyo-en-espana-mientras-gana-posiciones-en-europa-4.jpg\" alt=\"linea gris\" width=\"464\" height=\"2\" class=\"e3vrtyk0 bbc-rb7xa0 e1mo64ex0\"><\/noscript><\/div>\n<\/div>\n<\/div>\n<\/figure>\n<\/div>\n<div dir=\"ltr\" class=\"bbc-19j92fr ebmt73l0\" readability=\"8\">\n<p dir=\"ltr\" class=\"bbc-hhl7in e17g058b0\"><i class=\"bbc-h1y5j7 eih42320\">Recuerda que puedes recibir notificaciones de BBC News Mundo. Descarga la \u00faltima versi\u00f3n de nuestra app y act\u00edvalas para no perderte nuestro mejor contenido.<\/i><\/p>\n<\/div>\n<section dir=\"ltr\" role=\"region\" aria-label=\"Contenido relacionado\" class=\"bbc-1n4f7vm ebmt73l0\"><\/section>\n","protected":false},"excerpt":{"rendered":"<p>Fuente de la imagen, Getty Images Pie de foto, Vox perdi\u00f3 19 esca\u00f1os y m\u00e1s de 600.000 votos en estas elecciones. Article information El resultado electoral de los comicios generales de este domingo en Espa\u00f1a supuso un freno al avance de la ultraderecha en el pa\u00eds con una clara ca\u00edda del apoyo a Vox, rompiendo [&hellip;]<\/p>\n","protected":false},"author":1,"featured_media":126140,"comment_status":"closed","ping_status":"closed","sticky":false,"template":"","format":"standard","meta":[],"categories":[24],"tags":[],"_links":{"self":[{"href":"http:\/\/cordobadirecto.com\/index.php\/wp-json\/wp\/v2\/posts\/126139"}],"collection":[{"href":"http:\/\/cordobadirecto.com\/index.php\/wp-json\/wp\/v2\/posts"}],"about":[{"href":"http:\/\/cordobadirecto.com\/index.php\/wp-json\/wp\/v2\/types\/post"}],"author":[{"embeddable":true,"href":"http:\/\/cordobadirecto.com\/index.php\/wp-json\/wp\/v2\/users\/1"}],"replies":[{"embeddable":true,"href":"http:\/\/cordobadirecto.com\/index.php\/wp-json\/wp\/v2\/comments?post=126139"}],"version-history":[{"count":0,"href":"http:\/\/cordobadirecto.com\/index.php\/wp-json\/wp\/v2\/posts\/126139\/revisions"}],"wp:featuredmedia":[{"embeddable":true,"href":"http:\/\/cordobadirecto.com\/index.php\/wp-json\/wp\/v2\/media\/126140"}],"wp:attachment":[{"href":"http:\/\/cordobadirecto.com\/index.php\/wp-json\/wp\/v2\/media?parent=126139"}],"wp:term":[{"taxonomy":"category","embeddable":true,"href":"http:\/\/cordobadirecto.com\/index.php\/wp-json\/wp\/v2\/categories?post=126139"},{"taxonomy":"post_tag","embeddable":true,"href":"http:\/\/cordobadirecto.com\/index.php\/wp-json\/wp\/v2\/tags?post=126139"}],"curies":[{"name":"wp","href":"https:\/\/api.w.org\/{rel}","templated":true}]}}