{"id":126189,"date":"2023-07-25T11:10:03","date_gmt":"2023-07-25T11:10:03","guid":{"rendered":"http:\/\/cordobadirecto.com\/index.php\/2023\/07\/25\/massa-anuncio-que-desde-septiembre-ninguna-economia-regional-va-a-pagar-retenciones\/"},"modified":"2023-07-25T11:10:03","modified_gmt":"2023-07-25T11:10:03","slug":"massa-anuncio-que-desde-septiembre-ninguna-economia-regional-va-a-pagar-retenciones","status":"publish","type":"post","link":"http:\/\/cordobadirecto.com\/index.php\/2023\/07\/25\/massa-anuncio-que-desde-septiembre-ninguna-economia-regional-va-a-pagar-retenciones\/","title":{"rendered":"Massa anunci\u00f3 que desde septiembre ninguna <b>econom\u00eda<\/b> regional va a pagar retenciones"},"content":{"rendered":"<p>El ministro de <b>Econom\u00eda<\/b>, Sergio Massa anunci\u00f3 que &quot;a partir del 1\u00ba de &#8230; reconoci\u00f3 la derrota y Passerini ser\u00e1 el <b>nuevo<\/b> intendente de <b>C\u00f3rdoba<\/b>. <\/p>\n","protected":false},"excerpt":{"rendered":"<p>El ministro de Econom\u00eda, Sergio Massa anunci\u00f3 que &quot;a partir del 1\u00ba de &#8230; reconoci\u00f3 la derrota y Passerini ser\u00e1 el nuevo intendente de C\u00f3rdoba.<\/p>\n","protected":false},"author":1,"featured_media":0,"comment_status":"closed","ping_status":"closed","sticky":false,"template":"","format":"standard","meta":[],"categories":[40],"tags":[],"_links":{"self":[{"href":"http:\/\/cordobadirecto.com\/index.php\/wp-json\/wp\/v2\/posts\/126189"}],"collection":[{"href":"http:\/\/cordobadirecto.com\/index.php\/wp-json\/wp\/v2\/posts"}],"about":[{"href":"http:\/\/cordobadirecto.com\/index.php\/wp-json\/wp\/v2\/types\/post"}],"author":[{"embeddable":true,"href":"http:\/\/cordobadirecto.com\/index.php\/wp-json\/wp\/v2\/users\/1"}],"replies":[{"embeddable":true,"href":"http:\/\/cordobadirecto.com\/index.php\/wp-json\/wp\/v2\/comments?post=126189"}],"version-history":[{"count":0,"href":"http:\/\/cordobadirecto.com\/index.php\/wp-json\/wp\/v2\/posts\/126189\/revisions"}],"wp:attachment":[{"href":"http:\/\/cordobadirecto.com\/index.php\/wp-json\/wp\/v2\/media?parent=126189"}],"wp:term":[{"taxonomy":"category","embeddable":true,"href":"http:\/\/cordobadirecto.com\/index.php\/wp-json\/wp\/v2\/categories?post=126189"},{"taxonomy":"post_tag","embeddable":true,"href":"http:\/\/cordobadirecto.com\/index.php\/wp-json\/wp\/v2\/tags?post=126189"}],"curies":[{"name":"wp","href":"https:\/\/api.w.org\/{rel}","templated":true}]}}