{"id":126192,"date":"2023-07-25T15:11:54","date_gmt":"2023-07-25T15:11:54","guid":{"rendered":"https:\/\/puntoapunto.com.ar\/?p=348635"},"modified":"2023-07-25T15:11:54","modified_gmt":"2023-07-25T15:11:54","slug":"para-la-bolsa-las-medidas-de-massa-son-parches-minimos-para-la-economia","status":"publish","type":"post","link":"http:\/\/cordobadirecto.com\/index.php\/2023\/07\/25\/para-la-bolsa-las-medidas-de-massa-son-parches-minimos-para-la-economia\/","title":{"rendered":"Para la Bolsa, las medidas de Massa son \u00abparches m\u00ednimos\u00bb para la econom\u00eda"},"content":{"rendered":"<div class=\"g g-36\">\n<div class=\"g-dyn a-12 c-1\"><a class=\"gofollow\" data-track=\"MTIsMzYsMSw2MA==\" href=\"https:\/\/hospitalprivado.com.ar\/landing-trasplante.html\" target=\"_blank\" rel=\"noopener\"><img class=\"lazyload\" src=\"http:\/\/cordobadirecto.com\/wp-content\/uploads\/2023\/07\/para-la-bolsa-las-medidas-de-massa-son-parches-minimos-para-la-economia.png\"><\/a><\/div>\n<\/div>\n<p class=\"arial ctext fz18 lh25\">La<strong> Bolsa de Comercio de C\u00f3rdoba<\/strong> emiti\u00f3 un duro comunicado cuestionando las medidas econ\u00f3micas del ministro de Econom\u00eda <a href=\"https:\/\/puntoapunto.com.ar\/massa-elogio-a-passerini-y-a-una-eleccion-que-se-gano-militando\/\">Sergio Massa<\/a>, y las calific\u00f3 de <strong>\u00abpreocupantes\u00bb.<\/strong>\n<\/p>\n<p><span>\u00abLa BCC observa con preocupaci\u00f3n el nuevo paquete de medidas econ\u00f3micas que el ministro Massa acaba de oficializar. Las mismas <strong>son unos parches m\u00ednimos que aumentan la presi\u00f3n tributaria y est\u00e1n muy lejos de resolver las fenomenales distorsiones de precios relativos que enfrentan quienes producen en nuestro pa\u00eds\u00bb, <\/strong>plantea la entidad dirigida por Manuel Tagle.<\/span>\n<\/p>\n<p><span>Para la <a href=\"https:\/\/www.bolsacba.com.ar\/\" target=\"_blank\" rel=\"noopener\">Bolsa<\/a>, la actual situaci\u00f3n, causada principalmente por los desaciertos econ\u00f3micos del gobierno, es muy grave:<strong> inflaci\u00f3n por encima del 120% anual, pobreza arriba del 40% y una escasez abrumadora de reservas internacionales en el Banco Central.<\/strong> \u00abEl gobierno, con estas medidas,<strong> da una muestra m\u00e1s de que su principal objetivo es patear para adelante los problemas sin mostrar ninguna intenci\u00f3n de resolverlos\u00bb, acus\u00f3<\/strong>.&nbsp;<\/span>\n<\/p>\n<p><span>\u00abEl camino para superar los problemas econ\u00f3micos argentinos no es m\u00e1s el intervencionismo del estado en la econom\u00eda con controles cambiarios como el cepo al d\u00f3lar, controles de precios, prohibiciones a las exportaciones y restricciones a las importaciones. <strong>La sociedad est\u00e1 pagando los costos de estas pol\u00edticas desacertadas con una inflaci\u00f3n galopante y escasez de productos\u00bb, esgrimieron<\/strong>.<\/span>\n<\/p>\n<p><span>Nuevamente el gobierno con estas medidas, reh\u00faye de las correcciones que los mercados le se\u00f1alan,<strong> desafiando las leyes de la econom\u00eda.<\/strong> Algo que vienen realizando desde hace ya un tiempo, lo que signific\u00f3 llegar a esta cr\u00edtica situaci\u00f3n.&nbsp;&nbsp;<\/span><\/p>\n<p><span>La devaluaci\u00f3n encubierta, lograda v\u00eda reg\u00edmenes especiales para algunas exportaciones y nuevos impuestos a las importaciones, est\u00e1 muy lejos de corregir la enorme brecha cambiaria. En consecuencia, <strong>el BCRA continuar\u00e1 perdiendo reservas internacionales que ya est\u00e1n en un m\u00ednimo hist\u00f3rico (\u2013 US$ 8.000M).<\/strong><\/span>\n<\/p>\n<p><span>Seguidamente analizaron que \u00ablas medidas implican patear para adelante y agravar los problemas que enfrentar\u00e1 el pr\u00f3ximo gobierno.<\/span> <span>El adelanto de impuestos reduce la recaudaci\u00f3n del pr\u00f3ximo a\u00f1o, no corregir los desequilibrios cambiarios agrava la p\u00e9rdida de reservas y hace recaer los costos de la correcci\u00f3n en el gobierno entrante. Adem\u00e1s,<strong> se siguen acumulando deudas por los pr\u00e9stamos de d\u00f3lares que los importadores le deben a sus proveedores del exterior que ya totalizan aproximadamente US$ 12.000 millones<\/strong>\u00ab.<\/span>\n<\/p>\n<p><span>Finalmente, la Bolsa plante\u00f3: \u00abtodo esto configura un acto de gran irresponsabilidad en el manejo de las finanzas p\u00fablicas. <strong>El gobierno privilegi\u00f3 una vez m\u00e1s sus posibilidades electorales, aunque al da\u00f1o lo deban pagar todos los argentinos en el futuro cercano<\/strong>\u00ab.<\/span> <\/p>\n","protected":false},"excerpt":{"rendered":"<p>La Bolsa de Comercio de C\u00f3rdoba emiti\u00f3 un duro comunicado cuestionando las medidas econ\u00f3micas del ministro de Econom\u00eda Sergio Massa, y las calific\u00f3 de \u00abpreocupantes\u00bb. \u00abLa BCC observa con preocupaci\u00f3n el nuevo paquete de medidas econ\u00f3micas que el ministro Massa acaba de oficializar. Las mismas son unos parches m\u00ednimos que aumentan la presi\u00f3n tributaria y [&hellip;]<\/p>\n","protected":false},"author":1,"featured_media":126193,"comment_status":"closed","ping_status":"closed","sticky":false,"template":"","format":"standard","meta":[],"categories":[25,1],"tags":[],"_links":{"self":[{"href":"http:\/\/cordobadirecto.com\/index.php\/wp-json\/wp\/v2\/posts\/126192"}],"collection":[{"href":"http:\/\/cordobadirecto.com\/index.php\/wp-json\/wp\/v2\/posts"}],"about":[{"href":"http:\/\/cordobadirecto.com\/index.php\/wp-json\/wp\/v2\/types\/post"}],"author":[{"embeddable":true,"href":"http:\/\/cordobadirecto.com\/index.php\/wp-json\/wp\/v2\/users\/1"}],"replies":[{"embeddable":true,"href":"http:\/\/cordobadirecto.com\/index.php\/wp-json\/wp\/v2\/comments?post=126192"}],"version-history":[{"count":0,"href":"http:\/\/cordobadirecto.com\/index.php\/wp-json\/wp\/v2\/posts\/126192\/revisions"}],"wp:featuredmedia":[{"embeddable":true,"href":"http:\/\/cordobadirecto.com\/index.php\/wp-json\/wp\/v2\/media\/126193"}],"wp:attachment":[{"href":"http:\/\/cordobadirecto.com\/index.php\/wp-json\/wp\/v2\/media?parent=126192"}],"wp:term":[{"taxonomy":"category","embeddable":true,"href":"http:\/\/cordobadirecto.com\/index.php\/wp-json\/wp\/v2\/categories?post=126192"},{"taxonomy":"post_tag","embeddable":true,"href":"http:\/\/cordobadirecto.com\/index.php\/wp-json\/wp\/v2\/tags?post=126192"}],"curies":[{"name":"wp","href":"https:\/\/api.w.org\/{rel}","templated":true}]}}