{"id":127385,"date":"2023-08-01T21:27:20","date_gmt":"2023-08-01T21:27:20","guid":{"rendered":"https:\/\/cordoba.gob.ar\/?p=49418"},"modified":"2023-08-01T21:27:20","modified_gmt":"2023-08-01T21:27:20","slug":"mas-de-160-personas-participaron-del-taller-reciclarte","status":"publish","type":"post","link":"http:\/\/cordobadirecto.com\/index.php\/2023\/08\/01\/mas-de-160-personas-participaron-del-taller-reciclarte\/","title":{"rendered":"M\u00e1s de 160 personas participaron del taller \u201cReciclarte\u201d"},"content":{"rendered":"<div><img src=\"http:\/\/cordobadirecto.com\/wp-content\/uploads\/2023\/08\/mas-de-160-personas-participaron-del-taller-reciclarte.jpg\" class=\"ff-og-image-inserted\"><\/div>\n<ul>\n<li><strong><strong>Las actividades se llevaron a cabo en los cinco Parques Educativos de la ciudad y los vecinos pudieron crear objetos y esculturas con materiales reciclados.<\/strong><\/strong><br \/>\n<hr>\n<\/li>\n<\/ul>\n<p>En el marco de las vacaciones y el receso invernal, con el objetivo de fortalecer la educaci\u00f3n ambiental y promover espacios de encuentro que fortalezcan capacidades creativas, se realizaron talleres a trav\u00e9s de los cuales se promov\u00eda la creaci\u00f3n de objetos y esculturas con materiales reciclados.<\/p>\n<p>Las actividades estuvieron destinadas a ni\u00f1os de 5 a 11 a\u00f1os y a sus familias.<\/p>\n<p>Cada jornada abord\u00f3 un enfoque l\u00fadico-educativo, en un espacio de trabajo colaborativo para estimular la imaginaci\u00f3n y aprender sobre el dise\u00f1o y manipulaci\u00f3n de materiales reciclados.<\/p>\n<p>En este sentido, el secretario de Educaci\u00f3n Horacio Ferreyra, coment\u00f3: <em>\u201cEn relaci\u00f3n a la Econom\u00eda Circular, diversos emprendimientos y acciones que llevamos adelante desde el municipio colaboran con instalar una cultura del cuidado ambiental a partir del reciclaje\u201d<\/em>.<\/p>\n<p><em>\u201cEsta experiencia realizada en los Parques Educativos brinda la posibilidad de ampliar y enriquecer aprendizajes vinculados a esta cuesti\u00f3n, porque estamos convencidos que a paso firme y con iniciativas sostenidas, podemos seguir transformando nuestra ciudad en el marco del desarrollo sostenible y amigable con el entorno\u201d<\/em> puntualiz\u00f3 Ferreyra.<\/p>\n<p>Eugenia Rotondi, directora de Parques Educativos, mencion\u00f3 que <em>\u201cla educaci\u00f3n ambiental y la reutilizaci\u00f3n de materiales es un tema fundamental en la propuesta de los Parques Educativos\u201d<\/em>.<\/p>\n<p><em>\u201cEsta propuesta viene a fortalecer todo lo que hacemos durante el a\u00f1o, pero con la particularidad de que en vacaciones podemos encontrar a los ni\u00f1os, ni\u00f1as, padres y madres, en un mismo momento y en una actividad compartida\u201d<\/em> finaliz\u00f3 Rotondi.<\/p>\n","protected":false},"excerpt":{"rendered":"<p>Las actividades se llevaron a cabo en los cinco Parques Educativos de la ciudad y los vecinos pudieron crear objetos y esculturas con materiales reciclados. En el marco de las vacaciones y el receso invernal, con el objetivo de fortalecer la educaci\u00f3n ambiental y promover espacios de encuentro que fortalezcan capacidades creativas, se realizaron talleres [&hellip;]<\/p>\n","protected":false},"author":1,"featured_media":127386,"comment_status":"closed","ping_status":"closed","sticky":false,"template":"","format":"standard","meta":[],"categories":[44],"tags":[],"_links":{"self":[{"href":"http:\/\/cordobadirecto.com\/index.php\/wp-json\/wp\/v2\/posts\/127385"}],"collection":[{"href":"http:\/\/cordobadirecto.com\/index.php\/wp-json\/wp\/v2\/posts"}],"about":[{"href":"http:\/\/cordobadirecto.com\/index.php\/wp-json\/wp\/v2\/types\/post"}],"author":[{"embeddable":true,"href":"http:\/\/cordobadirecto.com\/index.php\/wp-json\/wp\/v2\/users\/1"}],"replies":[{"embeddable":true,"href":"http:\/\/cordobadirecto.com\/index.php\/wp-json\/wp\/v2\/comments?post=127385"}],"version-history":[{"count":0,"href":"http:\/\/cordobadirecto.com\/index.php\/wp-json\/wp\/v2\/posts\/127385\/revisions"}],"wp:featuredmedia":[{"embeddable":true,"href":"http:\/\/cordobadirecto.com\/index.php\/wp-json\/wp\/v2\/media\/127386"}],"wp:attachment":[{"href":"http:\/\/cordobadirecto.com\/index.php\/wp-json\/wp\/v2\/media?parent=127385"}],"wp:term":[{"taxonomy":"category","embeddable":true,"href":"http:\/\/cordobadirecto.com\/index.php\/wp-json\/wp\/v2\/categories?post=127385"},{"taxonomy":"post_tag","embeddable":true,"href":"http:\/\/cordobadirecto.com\/index.php\/wp-json\/wp\/v2\/tags?post=127385"}],"curies":[{"name":"wp","href":"https:\/\/api.w.org\/{rel}","templated":true}]}}