{"id":12740,"date":"2021-08-04T11:17:00","date_gmt":"2021-08-04T11:17:00","guid":{"rendered":"http:\/\/cordobadirecto.com\/index.php\/2021\/08\/04\/analizan-pedir-el-pase-verde-sanitario-a-docentes-para-asegurar-el-regreso-de-las-clases\/"},"modified":"2021-08-04T11:17:00","modified_gmt":"2021-08-04T11:17:00","slug":"analizan-pedir-el-pase-verde-sanitario-a-docentes-para-asegurar-el-regreso-de-las-clases","status":"publish","type":"post","link":"http:\/\/cordobadirecto.com\/index.php\/2021\/08\/04\/analizan-pedir-el-pase-verde-sanitario-a-docentes-para-asegurar-el-regreso-de-las-clases\/","title":{"rendered":"Analizan pedir el &#8220;pase verde&#8221; sanitario a docentes para asegurar el regreso de las clases"},"content":{"rendered":"<div class=\"image\" id=\"image\" readability=\"7\"> <img src=\"http:\/\/cordobadirecto.com\/wp-content\/uploads\/2021\/08\/analizan-pedir-el-pase-verde-sanitario-a-docentes-para-asegurar-el-regreso-de-las-clases.jpg\" alt=\"El denominado &quot;pase verde&quot; entrar\u00e1 en vigencia el viernes\" title=\"El denominado &quot;pase verde&quot; entrar\u00e1 en vigencia el viernes\"><\/p>\n<p>El denominado &#8220;pase verde&#8221; entrar\u00e1 en vigencia el viernes<\/p>\n<\/div>\n<p>El Gobierno italiano discutir\u00e1 en las pr\u00f3ximas horas la posibilidad de extender el denominado &#8220;pase verde&#8221; sanitario contra el coronavirus al personal docente para garantizar el regreso de las clases presenciales en septiembre, informaron este mi\u00e9rcoles los diarios Repubblica y Corriere.<\/p>\n<p>A horas de que el viernes entre en vigencia el certificado que habilita la entrada en lugares cerrados solo a personas vacunadas, recuperadas o con un test negativo en coronavirus, el Gobierno ya analiza extenderlo a otras actividades, seg\u00fan los matutinos.<\/p>\n<p><strong>&#8220;Pase verde para el personal de las escuelas, pero no se le pedir\u00e1 a los estudiantes&#8221;,<\/strong> titul\u00f3 este mi\u00e9rcoles Repubblica al anunciar, en base a fuentes de Gobierno, que el Ejecutivo que encabeza Mario Draghi discutir\u00e1 la posibilidad ma\u00f1ana en una reuni\u00f3n de Gabinete.<\/p>\n<p><strong>El denominado &#8220;pase verde&#8221; entrar\u00e1 en vigencia el viernes y solo habilitar\u00e1 el ingreso a eventos y restaurantes en espacios cerrados a personas con al menos una dosis de vacuna, a las recuperadas de coronavirus en los \u00faltimos seis meses y a quienes presenten un test negativo con un m\u00e1ximo de 48 horas de antig\u00fcedad.<\/strong><\/p>\n<p>&#8220;Obligaci\u00f3n de pase verde para profesores. Y a partir de septiembre en aviones y trenes&#8221;, afirm\u00f3 Corriere en relaci\u00f3n a la posible implementaci\u00f3n del certificado tambi\u00e9n para los desplazamientos de larga y media distancia, ya avalados por el Gobierno.<\/p>\n<p>Adem\u00e1s de las actividades en lugares cerrados y la posible aplicaci\u00f3n para viajes dentro del pa\u00eds, el Gobierno discute tambi\u00e9n la posibilidad de que el &#8220;pase verde&#8221; pueda ser obligatorio en lugares de trabajo, seg\u00fan las reuniones que Draghi mantuvo esta semana con representantes sindicales. <\/p>\n","protected":false},"excerpt":{"rendered":"<p>El denominado &#8220;pase verde&#8221; entrar\u00e1 en vigencia el viernes El Gobierno italiano discutir\u00e1 en las pr\u00f3ximas horas la posibilidad de extender el denominado &#8220;pase verde&#8221; sanitario contra el coronavirus al personal docente para garantizar el regreso de las clases presenciales en septiembre, informaron este mi\u00e9rcoles los diarios Repubblica y Corriere. A horas de que el [&hellip;]<\/p>\n","protected":false},"author":1,"featured_media":12741,"comment_status":"closed","ping_status":"closed","sticky":false,"template":"","format":"standard","meta":[],"categories":[24],"tags":[],"_links":{"self":[{"href":"http:\/\/cordobadirecto.com\/index.php\/wp-json\/wp\/v2\/posts\/12740"}],"collection":[{"href":"http:\/\/cordobadirecto.com\/index.php\/wp-json\/wp\/v2\/posts"}],"about":[{"href":"http:\/\/cordobadirecto.com\/index.php\/wp-json\/wp\/v2\/types\/post"}],"author":[{"embeddable":true,"href":"http:\/\/cordobadirecto.com\/index.php\/wp-json\/wp\/v2\/users\/1"}],"replies":[{"embeddable":true,"href":"http:\/\/cordobadirecto.com\/index.php\/wp-json\/wp\/v2\/comments?post=12740"}],"version-history":[{"count":0,"href":"http:\/\/cordobadirecto.com\/index.php\/wp-json\/wp\/v2\/posts\/12740\/revisions"}],"wp:featuredmedia":[{"embeddable":true,"href":"http:\/\/cordobadirecto.com\/index.php\/wp-json\/wp\/v2\/media\/12741"}],"wp:attachment":[{"href":"http:\/\/cordobadirecto.com\/index.php\/wp-json\/wp\/v2\/media?parent=12740"}],"wp:term":[{"taxonomy":"category","embeddable":true,"href":"http:\/\/cordobadirecto.com\/index.php\/wp-json\/wp\/v2\/categories?post=12740"},{"taxonomy":"post_tag","embeddable":true,"href":"http:\/\/cordobadirecto.com\/index.php\/wp-json\/wp\/v2\/tags?post=12740"}],"curies":[{"name":"wp","href":"https:\/\/api.w.org\/{rel}","templated":true}]}}